{"id":8209,"date":"2021-09-02T15:58:43","date_gmt":"2021-09-02T18:58:43","guid":{"rendered":"https:\/\/radiorevelacionfm.cl\/?p=8209"},"modified":"2021-09-02T16:19:22","modified_gmt":"2021-09-02T19:19:22","slug":"senadora-ordenes-oficia-a-la-superintendencia-de-medio-ambiente-por-salmonera-en-puyuhuapi","status":"publish","type":"post","link":"https:\/\/radiorevelacionfm.cl\/?p=8209","title":{"rendered":"Senadora \u00d3rdenes oficia a la Superintendencia de Medio Ambiente por Salmonera en Puyuhuapi"},"content":{"rendered":"<div class=\"flex_column av_one_full  flex_column_div av-zero-column-padding first  avia-builder-el-0  el_before_av_one_full  avia-builder-el-first  \" style='border-radius:0px; '><div  class='avia-image-container  av-styling-    avia-builder-el-1  avia-builder-el-no-sibling  avia-align-center '  itemprop=\"image\" itemscope=\"itemscope\" itemtype=\"https:\/\/schema.org\/ImageObject\"  ><div class='avia-image-container-inner'><div class='avia-image-overlay-wrap'><img decoding=\"async\" class='wp-image-8210 avia-img-lazy-loading-not-8210 avia_image' src=\"https:\/\/radiorevelacionfm.cl\/wp-content\/uploads\/2021\/09\/Salmonera-Puyuhuapi0-1.jpg\" alt='' title='Salmonera Puyuhuapi0 (1)' height=\"601\" width=\"673\"  itemprop=\"thumbnailUrl\" srcset=\"https:\/\/radiorevelacionfm.cl\/wp-content\/uploads\/2021\/09\/Salmonera-Puyuhuapi0-1.jpg 673w, https:\/\/radiorevelacionfm.cl\/wp-content\/uploads\/2021\/09\/Salmonera-Puyuhuapi0-1-300x268.jpg 300w, https:\/\/radiorevelacionfm.cl\/wp-content\/uploads\/2021\/09\/Salmonera-Puyuhuapi0-1-600x536.jpg 600w\" sizes=\"(max-width: 673px) 100vw, 673px\" \/><\/div><\/div><\/div><\/div><div class=\"flex_column av_one_full  flex_column_div av-zero-column-padding first  avia-builder-el-2  el_after_av_one_full  el_before_av_one_full  column-top-margin\" style='border-radius:0px; '><section class=\"av_textblock_section \"  itemscope=\"itemscope\" itemtype=\"https:\/\/schema.org\/BlogPosting\" itemprop=\"blogPost\" ><div class='avia_textblock  '   itemprop=\"text\" ><p style=\"text-align: center;\"><strong><span style=\"font-size: 18pt;\">Senadora \u00d3rdenes oficia a la Superintendencia de Medio Ambiente por Salmonera en Puyuhuapi<\/span><\/strong><\/p>\n<div id=\"gtx-trans\" style=\"position: absolute; left: -50px; top: 4.31534px;\">\n<div class=\"gtx-trans-icon\"><\/div>\n<\/div>\n<\/div><\/section><\/div><div class=\"flex_column av_one_full  flex_column_div av-zero-column-padding first  avia-builder-el-4  el_after_av_one_full  el_before_av_hr  column-top-margin\" style='border-radius:0px; '><section class=\"av_textblock_section \"  itemscope=\"itemscope\" itemtype=\"https:\/\/schema.org\/BlogPosting\" itemprop=\"blogPost\" ><div class='avia_textblock  '   itemprop=\"text\" ><p style=\"font-weight: 400; text-align: justify;\">La parlamentaria aysenina se mostr\u00f3 preocupada por los trabajos que est\u00e1 generando esta empresa \u201ca espaldas de la comunidad\u201d y que no contar\u00eda con los permisos correspondientes para realizar estas labores.<\/p>\n<p style=\"font-weight: 400; text-align: justify;\">Luego de conocer la instalaci\u00f3n de balsas jaula por parte de una salmonera, la senadora Ximena \u00d3rdenes Neira ofici\u00f3 a la Superintendencia de Medio Ambiente para que investigue y sancione a la empresa por esta acci\u00f3n.<\/p>\n<p style=\"font-weight: 400; text-align: justify;\">\u201cLa instalaci\u00f3n de estas balsas jaula se est\u00e1 produciendo a tan solo 500 metros de la bah\u00eda. Adem\u00e1s, la empresa no est\u00e1 asociada a ning\u00fan gremio local y menos han podido participar y conocer las implicancias de dicho proyecto. Sin duda es un proyecto que se est\u00e1 haciendo a espaldas de la comunidad\u201d, sostuvo la parlamentaria ayer en la sesi\u00f3n del Senado.<\/p>\n<p style=\"font-weight: 400; text-align: justify;\">En este sentido, la senadora \u00d3rdenes detall\u00f3 que la molestia y preocupaci\u00f3n de la comunidad de Puyuhuapi es absolutamente entendible, \u201cporque estamos hablando de un proyecto que no fue informado a la comunidad, que se instal\u00f3 sin previo aviso, por el da\u00f1o ecol\u00f3gico que puede causar, a ra\u00edz de la contaminaci\u00f3n org\u00e1nica e inorg\u00e1nica asociada a la industria salmonera y que afectar\u00e1, sin duda, a la industria tur\u00edstica local\u201d.<\/p>\n<p style=\"font-weight: 400; text-align: justify;\">Por esta raz\u00f3n, Ximena \u00d3rdenes Neira ofici\u00f3 a la Superintendencia de Medio Ambiente para que tome conocimiento de la denuncia de las y los vecinos de Puyuhuapi. \u201cEs necesario que la entidad inicie las fiscalizaciones correspondientes y se nos informe de las medidas adoptadas al respecto\u201d, puntualiz\u00f3.<\/p>\n<\/div><\/section><\/div><div  style='height:50px' class='hr hr-invisible   avia-builder-el-6  el_after_av_one_full  el_before_av_social_share '><span class='hr-inner ' ><span class='hr-inner-style'><\/span><\/span><\/div><\/p>\n<div  class='av-social-sharing-box  avia-builder-el-7  el_after_av_hr  el_before_av_hr  '><div class='av-share-box'><h5 class='av-share-link-description av-no-toc '>Compartir esta noticia<\/h5><ul class='av-share-box-list noLightbox'><li class='av-share-link av-social-link-facebook' ><a target=\"_blank\" aria-label=\"Compartir en Facebook\" href='https:\/\/www.facebook.com\/sharer.php?u=https:\/\/radiorevelacionfm.cl\/?p=8209&#038;t=Senadora%20%C3%93rdenes%20oficia%20a%20la%20Superintendencia%20de%20Medio%20Ambiente%20por%20Salmonera%20en%20Puyuhuapi' aria-hidden='false' data-av_icon='\ue8f3' data-av_iconfont='entypo-fontello' title='' data-avia-related-tooltip='Compartir en Facebook' rel=\"noopener\"><span class='avia_hidden_link_text'>Compartir en Facebook<\/span><\/a><\/li><li class='av-share-link av-social-link-twitter' ><a target=\"_blank\" aria-label=\"Compartir en Twitter\" href='https:\/\/twitter.com\/share?text=Senadora%20%C3%93rdenes%20oficia%20a%20la%20Superintendencia%20de%20Medio%20Ambiente%20por%20Salmonera%20en%20Puyuhuapi&#038;url=https:\/\/radiorevelacionfm.cl\/?p=8209' aria-hidden='false' data-av_icon='\ue8f1' data-av_iconfont='entypo-fontello' title='' data-avia-related-tooltip='Compartir en Twitter' rel=\"noopener\"><span class='avia_hidden_link_text'>Compartir en Twitter<\/span><\/a><\/li><li class='av-share-link av-social-link-whatsapp' ><a target=\"_blank\" aria-label=\"Compartir en Whatsapp\" href='https:\/\/api.whatsapp.com\/send?text=https:\/\/radiorevelacionfm.cl\/?p=8209' aria-hidden='false' data-av_icon='\uf232' data-av_iconfont='entypo-fontello' title='' data-avia-related-tooltip='Compartir en Whatsapp' rel=\"noopener\"><span class='avia_hidden_link_text'>Compartir en Whatsapp<\/span><\/a><\/li><li class='av-share-link av-social-link-linkedin' ><a target=\"_blank\" aria-label=\"Compartir en LinkedIn\" href='https:\/\/linkedin.com\/shareArticle?mini=true&#038;title=Senadora%20%C3%93rdenes%20oficia%20a%20la%20Superintendencia%20de%20Medio%20Ambiente%20por%20Salmonera%20en%20Puyuhuapi&#038;url=https:\/\/radiorevelacionfm.cl\/?p=8209' aria-hidden='false' data-av_icon='\ue8fc' data-av_iconfont='entypo-fontello' title='' data-avia-related-tooltip='Compartir en LinkedIn' rel=\"noopener\"><span class='avia_hidden_link_text'>Compartir en LinkedIn<\/span><\/a><\/li><li class='av-share-link av-social-link-mail' ><a  aria-label=\"Compartir por correo\" href='mailto:?subject=Senadora%20%C3%93rdenes%20oficia%20a%20la%20Superintendencia%20de%20Medio%20Ambiente%20por%20Salmonera%20en%20Puyuhuapi&#038;body=https:\/\/radiorevelacionfm.cl\/?p=8209' aria-hidden='false' data-av_icon='\ue805' data-av_iconfont='entypo-fontello' title='' data-avia-related-tooltip='Compartir por correo'><span class='avia_hidden_link_text'>Compartir por correo<\/span><\/a><\/li><\/ul><\/div><\/div>\n<div  style='height:50px' class='hr hr-invisible   avia-builder-el-8  el_after_av_social_share  el_before_av_comments_list '><span class='hr-inner ' ><span class='hr-inner-style'><\/span><\/span><\/div>\n<div  class='av-buildercomment  av-blog-meta-html-info-disabled av-blog-meta-tag-disabled  '><\/div>\n","protected":false},"excerpt":{"rendered":"","protected":false},"author":1,"featured_media":8213,"comment_status":"open","ping_status":"open","sticky":false,"template":"","format":"standard","meta":{"footnotes":""},"categories":[38],"tags":[],"class_list":["post-8209","post","type-post","status-publish","format-standard","has-post-thumbnail","hentry","category-regional"],"jetpack_featured_media_url":"https:\/\/radiorevelacionfm.cl\/wp-content\/uploads\/2021\/09\/Salmonera-Puyuhuapi01-2-1.jpg","_links":{"self":[{"href":"https:\/\/radiorevelacionfm.cl\/index.php?rest_route=\/wp\/v2\/posts\/8209","targetHints":{"allow":["GET"]}}],"collection":[{"href":"https:\/\/radiorevelacionfm.cl\/index.php?rest_route=\/wp\/v2\/posts"}],"about":[{"href":"https:\/\/radiorevelacionfm.cl\/index.php?rest_route=\/wp\/v2\/types\/post"}],"author":[{"embeddable":true,"href":"https:\/\/radiorevelacionfm.cl\/index.php?rest_route=\/wp\/v2\/users\/1"}],"replies":[{"embeddable":true,"href":"https:\/\/radiorevelacionfm.cl\/index.php?rest_route=%2Fwp%2Fv2%2Fcomments&post=8209"}],"version-history":[{"count":1,"href":"https:\/\/radiorevelacionfm.cl\/index.php?rest_route=\/wp\/v2\/posts\/8209\/revisions"}],"predecessor-version":[{"id":8211,"href":"https:\/\/radiorevelacionfm.cl\/index.php?rest_route=\/wp\/v2\/posts\/8209\/revisions\/8211"}],"wp:featuredmedia":[{"embeddable":true,"href":"https:\/\/radiorevelacionfm.cl\/index.php?rest_route=\/wp\/v2\/media\/8213"}],"wp:attachment":[{"href":"https:\/\/radiorevelacionfm.cl\/index.php?rest_route=%2Fwp%2Fv2%2Fmedia&parent=8209"}],"wp:term":[{"taxonomy":"category","embeddable":true,"href":"https:\/\/radiorevelacionfm.cl\/index.php?rest_route=%2Fwp%2Fv2%2Fcategories&post=8209"},{"taxonomy":"post_tag","embeddable":true,"href":"https:\/\/radiorevelacionfm.cl\/index.php?rest_route=%2Fwp%2Fv2%2Ftags&post=8209"}],"curies":[{"name":"wp","href":"https:\/\/api.w.org\/{rel}","templated":true}]}}