{"id":8206,"date":"2021-09-02T13:49:05","date_gmt":"2021-09-02T16:49:05","guid":{"rendered":"https:\/\/radiorevelacionfm.cl\/?p=8206"},"modified":"2021-09-02T13:49:05","modified_gmt":"2021-09-02T16:49:05","slug":"consejeros-abello-y-campos-proponen-que-se-debe-avanzar-hacia-la-externalizacion-del-servicio-balsa-baker","status":"publish","type":"post","link":"https:\/\/radiorevelacionfm.cl\/?p=8206","title":{"rendered":"Consejeros Abello y Campos proponen que se debe avanzar hacia la externalizaci\u00f3n del servicio Balsa Baker"},"content":{"rendered":"<div class=\"flex_column av_one_full  flex_column_div av-zero-column-padding first  avia-builder-el-0  el_before_av_one_full  avia-builder-el-first  \" style='border-radius:0px; '><div  class='avia-image-container  av-styling-    avia-builder-el-1  avia-builder-el-no-sibling  avia-align-center '  itemprop=\"image\" itemscope=\"itemscope\" itemtype=\"https:\/\/schema.org\/ImageObject\"  ><div class='avia-image-container-inner'><div class='avia-image-overlay-wrap'><img decoding=\"async\" class='wp-image-8207 avia-img-lazy-loading-not-8207 avia_image' src=\"https:\/\/radiorevelacionfm.cl\/wp-content\/uploads\/2021\/09\/Baker-2021-09-01-1-1.jpeg\" alt='' title='Baker 2021-09-01 (1) (1)' height=\"600\" width=\"763\"  itemprop=\"thumbnailUrl\" srcset=\"https:\/\/radiorevelacionfm.cl\/wp-content\/uploads\/2021\/09\/Baker-2021-09-01-1-1.jpeg 763w, https:\/\/radiorevelacionfm.cl\/wp-content\/uploads\/2021\/09\/Baker-2021-09-01-1-1-300x236.jpeg 300w, https:\/\/radiorevelacionfm.cl\/wp-content\/uploads\/2021\/09\/Baker-2021-09-01-1-1-705x554.jpeg 705w, https:\/\/radiorevelacionfm.cl\/wp-content\/uploads\/2021\/09\/Baker-2021-09-01-1-1-600x472.jpeg 600w\" sizes=\"(max-width: 763px) 100vw, 763px\" \/><\/div><\/div><\/div><\/div><div class=\"flex_column av_one_full  flex_column_div av-zero-column-padding first  avia-builder-el-2  el_after_av_one_full  el_before_av_one_full  column-top-margin\" style='border-radius:0px; '><section class=\"av_textblock_section \"  itemscope=\"itemscope\" itemtype=\"https:\/\/schema.org\/BlogPosting\" itemprop=\"blogPost\" ><div class='avia_textblock  '   itemprop=\"text\" ><p style=\"text-align: center;\"><strong><span style=\"font-size: 18pt;\">Consejeros Abello y Campos proponen que se debe avanzar hacia la externalizaci\u00f3n del servicio Balsa Baker<\/span><\/strong><\/p>\n<div id=\"gtx-trans\" style=\"position: absolute; left: -50px; top: 4.31534px;\">\n<div class=\"gtx-trans-icon\"><\/div>\n<\/div>\n<\/div><\/section><\/div><div class=\"flex_column av_one_full  flex_column_div av-zero-column-padding first  avia-builder-el-4  el_after_av_one_full  el_before_av_hr  column-top-margin\" style='border-radius:0px; '><section class=\"av_textblock_section \"  itemscope=\"itemscope\" itemtype=\"https:\/\/schema.org\/BlogPosting\" itemprop=\"blogPost\" ><div class='avia_textblock  '   itemprop=\"text\" ><p class=\"v1MsoNormal\" style=\"text-align: justify;\"><span lang=\"ES-MX\">La deficiente conectividad para los sectores de Colonia Norte y aleda\u00f1os en la comuna de Cochrane es un tema recurrente. En la actualidad, la balsa Baker est\u00e1 en reparaciones y la comunidad exige que se tome la decisi\u00f3n de externalizar el servicio de operaci\u00f3n cuando vuelva a funcionar en noviembre de 2021, como fecha comprometida.<\/span><\/p>\n<p class=\"v1MsoNormal\" style=\"text-align: justify;\"><span lang=\"ES-MX\">As\u00ed coincidieron en evaluarlo los consejeros regionales Jorge Abello Moll, presidente de la Comisi\u00f3n de Infraestructura del Consejo Regional de Ays\u00e9n (CORE), y Carlos Campos Saigg, ambos por la provincia Capit\u00e1n Prat.<\/span><\/p>\n<p class=\"v1MsoNormal\" style=\"text-align: justify;\"><span lang=\"ES-MX\">\u00abLa balsa Baker en la comuna de Cochrane, sigue siendo la mejor alternativa de conectividad para muchas familias de los sectores de Colonia Norte, sectores aleda\u00f1os y as\u00ed tambi\u00e9n alternativa para quienes se dirigen hacia y desde El Mait\u00e9n, Cerro Negro, R\u00edo Neff. Por lo tanto, seguir\u00e1 siendo un punto estrat\u00e9gico de conectividad, mientras no exista un puente definitivo en el sector, lo cual, si bien est\u00e1 comprometido, es una soluci\u00f3n de mediano plazo a lo menos. Por ello la insistencia de mejorar el servicio de la balsa Baker, principalmente, en lo que se refiere a los horarios de funcionamiento, donde la posibilidad de externalizar el servicio es la \u00fanica soluci\u00f3n que se vislumbra para ello\u00bb, recalc\u00f3 Jorge Abello.<\/span><\/p>\n<p class=\"v1MsoNormal\" style=\"text-align: justify;\"><span lang=\"ES-MX\">Por su parte, el consejero Carlos Campos indic\u00f3 que \u00abnos parece que la decisi\u00f3n debe ser tomada en lo inmediato, ya que fue advertida como posible soluci\u00f3n por el Director de Vialidad en marzo de este a\u00f1o en sesi\u00f3n de la comisi\u00f3n de Infraestructura, donde adem\u00e1s se indic\u00f3 que tambi\u00e9n ser\u00eda la alternativa de soluci\u00f3n para la balsa en el r\u00edo Pascua. En definitiva, y dado que se est\u00e1 a tiempo, instamos a Vialidad y al MOP a avanzar con esta medida\u00bb, enfatiz\u00f3 Carlos Campos.<\/span><\/p>\n<p class=\"v1MsoNormal\" style=\"text-align: justify;\"><span lang=\"ES-MX\">\u00abExternalizar el servicio de la balsa Baker permite resolver todas las complicaciones que trae aparejado en lo administrativo, por ser funcionarios p\u00fablicos quienes la operan en la actualidad\u00bb, concluy\u00f3 el consejero Campos.<\/span><\/p>\n<p class=\"v1MsoNormal\" style=\"text-align: justify;\"><span lang=\"ES-MX\">Los consejeros Abello y Campos se\u00f1alaron que esta demanda fue planteada por la Junta de Vecinos del sector de Colonia Norte y es respaldada por el alcalde de Cochrane, Jorge Calder\u00f3n, y el Delegado Provincial Presidencial, Gustavo M\u00e1rquez.<\/span><\/p>\n<\/div><\/section><\/div><div  style='height:50px' class='hr hr-invisible   avia-builder-el-6  el_after_av_one_full  el_before_av_social_share '><span class='hr-inner ' ><span class='hr-inner-style'><\/span><\/span><\/div><\/p>\n<div  class='av-social-sharing-box  avia-builder-el-7  el_after_av_hr  el_before_av_hr  '><div class='av-share-box'><h5 class='av-share-link-description av-no-toc '>Compartir esta noticia<\/h5><ul class='av-share-box-list noLightbox'><li class='av-share-link av-social-link-facebook' ><a target=\"_blank\" aria-label=\"Compartir en Facebook\" href='https:\/\/www.facebook.com\/sharer.php?u=https:\/\/radiorevelacionfm.cl\/?p=8206&#038;t=Consejeros%20Abello%20y%20Campos%20proponen%20que%20se%20debe%20avanzar%20hacia%20la%20externalizaci%C3%B3n%20del%20servicio%20Balsa%20Baker' aria-hidden='false' data-av_icon='\ue8f3' data-av_iconfont='entypo-fontello' title='' data-avia-related-tooltip='Compartir en Facebook' rel=\"noopener\"><span class='avia_hidden_link_text'>Compartir en Facebook<\/span><\/a><\/li><li class='av-share-link av-social-link-twitter' ><a target=\"_blank\" aria-label=\"Compartir en Twitter\" href='https:\/\/twitter.com\/share?text=Consejeros%20Abello%20y%20Campos%20proponen%20que%20se%20debe%20avanzar%20hacia%20la%20externalizaci%C3%B3n%20del%20servicio%20Balsa%20Baker&#038;url=https:\/\/radiorevelacionfm.cl\/?p=8206' aria-hidden='false' data-av_icon='\ue8f1' data-av_iconfont='entypo-fontello' title='' data-avia-related-tooltip='Compartir en Twitter' rel=\"noopener\"><span class='avia_hidden_link_text'>Compartir en Twitter<\/span><\/a><\/li><li class='av-share-link av-social-link-whatsapp' ><a target=\"_blank\" aria-label=\"Compartir en Whatsapp\" href='https:\/\/api.whatsapp.com\/send?text=https:\/\/radiorevelacionfm.cl\/?p=8206' aria-hidden='false' data-av_icon='\uf232' data-av_iconfont='entypo-fontello' title='' data-avia-related-tooltip='Compartir en Whatsapp' rel=\"noopener\"><span class='avia_hidden_link_text'>Compartir en Whatsapp<\/span><\/a><\/li><li class='av-share-link av-social-link-linkedin' ><a target=\"_blank\" aria-label=\"Compartir en LinkedIn\" href='https:\/\/linkedin.com\/shareArticle?mini=true&#038;title=Consejeros%20Abello%20y%20Campos%20proponen%20que%20se%20debe%20avanzar%20hacia%20la%20externalizaci%C3%B3n%20del%20servicio%20Balsa%20Baker&#038;url=https:\/\/radiorevelacionfm.cl\/?p=8206' aria-hidden='false' data-av_icon='\ue8fc' data-av_iconfont='entypo-fontello' title='' data-avia-related-tooltip='Compartir en LinkedIn' rel=\"noopener\"><span class='avia_hidden_link_text'>Compartir en LinkedIn<\/span><\/a><\/li><li class='av-share-link av-social-link-mail' ><a  aria-label=\"Compartir por correo\" href='mailto:?subject=Consejeros%20Abello%20y%20Campos%20proponen%20que%20se%20debe%20avanzar%20hacia%20la%20externalizaci%C3%B3n%20del%20servicio%20Balsa%20Baker&#038;body=https:\/\/radiorevelacionfm.cl\/?p=8206' aria-hidden='false' data-av_icon='\ue805' data-av_iconfont='entypo-fontello' title='' data-avia-related-tooltip='Compartir por correo'><span class='avia_hidden_link_text'>Compartir por correo<\/span><\/a><\/li><\/ul><\/div><\/div>\n<div  style='height:50px' class='hr hr-invisible   avia-builder-el-8  el_after_av_social_share  el_before_av_comments_list '><span class='hr-inner ' ><span class='hr-inner-style'><\/span><\/span><\/div>\n<div  class='av-buildercomment  av-blog-meta-html-info-disabled av-blog-meta-tag-disabled  '><\/div>\n","protected":false},"excerpt":{"rendered":"","protected":false},"author":1,"featured_media":8207,"comment_status":"open","ping_status":"open","sticky":false,"template":"","format":"standard","meta":{"footnotes":""},"categories":[1],"tags":[],"class_list":["post-8206","post","type-post","status-publish","format-standard","has-post-thumbnail","hentry","category-sin-categoria"],"jetpack_featured_media_url":"https:\/\/radiorevelacionfm.cl\/wp-content\/uploads\/2021\/09\/Baker-2021-09-01-1-1.jpeg","_links":{"self":[{"href":"https:\/\/radiorevelacionfm.cl\/index.php?rest_route=\/wp\/v2\/posts\/8206","targetHints":{"allow":["GET"]}}],"collection":[{"href":"https:\/\/radiorevelacionfm.cl\/index.php?rest_route=\/wp\/v2\/posts"}],"about":[{"href":"https:\/\/radiorevelacionfm.cl\/index.php?rest_route=\/wp\/v2\/types\/post"}],"author":[{"embeddable":true,"href":"https:\/\/radiorevelacionfm.cl\/index.php?rest_route=\/wp\/v2\/users\/1"}],"replies":[{"embeddable":true,"href":"https:\/\/radiorevelacionfm.cl\/index.php?rest_route=%2Fwp%2Fv2%2Fcomments&post=8206"}],"version-history":[{"count":1,"href":"https:\/\/radiorevelacionfm.cl\/index.php?rest_route=\/wp\/v2\/posts\/8206\/revisions"}],"predecessor-version":[{"id":8208,"href":"https:\/\/radiorevelacionfm.cl\/index.php?rest_route=\/wp\/v2\/posts\/8206\/revisions\/8208"}],"wp:featuredmedia":[{"embeddable":true,"href":"https:\/\/radiorevelacionfm.cl\/index.php?rest_route=\/wp\/v2\/media\/8207"}],"wp:attachment":[{"href":"https:\/\/radiorevelacionfm.cl\/index.php?rest_route=%2Fwp%2Fv2%2Fmedia&parent=8206"}],"wp:term":[{"taxonomy":"category","embeddable":true,"href":"https:\/\/radiorevelacionfm.cl\/index.php?rest_route=%2Fwp%2Fv2%2Fcategories&post=8206"},{"taxonomy":"post_tag","embeddable":true,"href":"https:\/\/radiorevelacionfm.cl\/index.php?rest_route=%2Fwp%2Fv2%2Ftags&post=8206"}],"curies":[{"name":"wp","href":"https:\/\/api.w.org\/{rel}","templated":true}]}}