{"id":8201,"date":"2021-09-02T10:51:35","date_gmt":"2021-09-02T13:51:35","guid":{"rendered":"https:\/\/radiorevelacionfm.cl\/?p=8201"},"modified":"2021-09-02T10:51:35","modified_gmt":"2021-09-02T13:51:35","slug":"sumergi2-iniciara-en-octubre-actividades-de-buceo-inclusivo-en-puerto-aysen","status":"publish","type":"post","link":"https:\/\/radiorevelacionfm.cl\/?p=8201","title":{"rendered":"Sumergi2 iniciar\u00e1 en octubre actividades de buceo inclusivo en Puerto Ays\u00e9n"},"content":{"rendered":"<div class=\"flex_column av_one_full  flex_column_div av-zero-column-padding first  avia-builder-el-0  el_before_av_one_full  avia-builder-el-first  \" style='border-radius:0px; '><div  class='avia-image-container  av-styling-    avia-builder-el-1  avia-builder-el-no-sibling  avia-align-center '  itemprop=\"image\" itemscope=\"itemscope\" itemtype=\"https:\/\/schema.org\/ImageObject\"  ><div class='avia-image-container-inner'><div class='avia-image-overlay-wrap'><img decoding=\"async\" class='wp-image-8202 avia-img-lazy-loading-not-8202 avia_image' src=\"https:\/\/radiorevelacionfm.cl\/wp-content\/uploads\/2021\/09\/buceo_inclusivo-1_optimized.jpg\" alt='' title='buceo_inclusivo-(1)_optimized' height=\"600\" width=\"800\"  itemprop=\"thumbnailUrl\" srcset=\"https:\/\/radiorevelacionfm.cl\/wp-content\/uploads\/2021\/09\/buceo_inclusivo-1_optimized.jpg 800w, https:\/\/radiorevelacionfm.cl\/wp-content\/uploads\/2021\/09\/buceo_inclusivo-1_optimized-300x225.jpg 300w, https:\/\/radiorevelacionfm.cl\/wp-content\/uploads\/2021\/09\/buceo_inclusivo-1_optimized-768x576.jpg 768w, https:\/\/radiorevelacionfm.cl\/wp-content\/uploads\/2021\/09\/buceo_inclusivo-1_optimized-705x529.jpg 705w, https:\/\/radiorevelacionfm.cl\/wp-content\/uploads\/2021\/09\/buceo_inclusivo-1_optimized-600x450.jpg 600w\" sizes=\"(max-width: 800px) 100vw, 800px\" \/><\/div><\/div><\/div><\/div><div class=\"flex_column av_one_full  flex_column_div av-zero-column-padding first  avia-builder-el-2  el_after_av_one_full  el_before_av_one_full  column-top-margin\" style='border-radius:0px; '><section class=\"av_textblock_section \"  itemscope=\"itemscope\" itemtype=\"https:\/\/schema.org\/BlogPosting\" itemprop=\"blogPost\" ><div class='avia_textblock  '   itemprop=\"text\" ><p style=\"text-align: center;\"><strong><span style=\"font-size: 18pt;\">Sumergi2 iniciar\u00e1 en octubre actividades de buceo inclusivo en Puerto Ays\u00e9n <\/span><\/strong><\/p>\n<div id=\"gtx-trans\" style=\"position: absolute; left: -50px; top: 4.31534px;\">\n<div class=\"gtx-trans-icon\"><\/div>\n<\/div>\n<\/div><\/section><\/div><div class=\"flex_column av_one_full  flex_column_div av-zero-column-padding first  avia-builder-el-4  el_after_av_one_full  el_before_av_hr  column-top-margin\" style='border-radius:0px; '><section class=\"av_textblock_section \"  itemscope=\"itemscope\" itemtype=\"https:\/\/schema.org\/BlogPosting\" itemprop=\"blogPost\" ><div class='avia_textblock  '   itemprop=\"text\" ><p style=\"text-align: justify;\">Debido al actual panorama sanitario que permite actividades de este tipo, y luego de una reuni\u00f3n con la nueva administraci\u00f3n deportiva municipal, la Fundaci\u00f3n Sumergi2 logr\u00f3 confirmar el inicio de sus actividades para este a\u00f1o en el Polideportivo 21 de Abril.<\/p>\n<p style=\"text-align: justify;\">Con el slogan \u201cBajo el agua somos todos iguales\u201d esta Fundaci\u00f3n trabaja a nivel nacional para fomentar el buceo adaptado como terapia para personas con discapacidad, en este sentido, desde el 2019, junto a la Corporaci\u00f3n de Deportes de la Municipalidad de Ays\u00e9n se han logrado coordinar alianzas de trabajo que permitir\u00e1 el anhelado funcionamiento de esta agrupaci\u00f3n en la comuna.<\/p>\n<p style=\"text-align: justify;\">Claudio Cabezas Ruedlinger, Jefe de la Zona Ays\u00e9n de Sumergi2, destac\u00f3 las primeras instancias que desarrollar\u00e1 esta organizaci\u00f3n: \u201cVamos a comenzar con la formaci\u00f3n de nuestros voluntarios, especialmente aquellos que trabajar\u00e1n en el buceo, aqu\u00ed todas las manos sirven, esto crear\u00e1 una linda familia que se complementar\u00e1 con el trabajo acu\u00e1tico, por lo cual hacemos un llamado para todas las personas que quieran ser parte de Sumergi2, no solamente a personas que tienen experiencia en esta \u00e1rea, sino que a personas que desarrollen distintas capacidades o solamente tengan las ganas de poder dar un momento de amor los fines de semana, para personas que tengan una nueva perspectiva, de otras actividades que se puedan desarrollar\u201d.<\/p>\n<p style=\"text-align: justify;\">Jorge Villegas Coronado, integrante de la Corporaci\u00f3n de Deportes, manifest\u00f3 la alegr\u00eda de poder concretar este trabajo junto a esta organizaci\u00f3n, adem\u00e1s detall\u00f3 el apoyo que realizar\u00e1n previo al inicio formal del buceo adaptado: \u201cLa primera parte es la m\u00e1s importante, buscar gente que tenga ganas de introducir esta actividad a la comuna, sabemos que el apoyo a estos ni\u00f1os necesita de profesionales adecuados para poder generar este taller, nosotros vamos a apoyar a la Fundaci\u00f3n Sumergi2 para buscar a los profesionales, tambi\u00e9n nosotros como Corporaci\u00f3n y profesionales de la educaci\u00f3n f\u00edsica del Polideportivo igual nos sumaremos al apoyo de esta actividad\u201d.<\/p>\n<p style=\"text-align: justify;\">Adem\u00e1s, Villegas anunci\u00f3 las instalaciones que ser\u00e1n facilitadas para este proyecto: \u201cLa primera parte ser\u00e1 piscina, que es lo que necesitan, ya que Sumergi2 tiene que ver principalmente con el buceo, tambi\u00e9n, como la instalaci\u00f3n es tan grande, luego de una visita en 2020 con Jorge \u201cTotoy\u201d Vel\u00e1squez que es el referente de esta agrupaci\u00f3n, visitamos las salas de cardio y musculaci\u00f3n en el cual nuestros espacios est\u00e1n adecuados para personas con discapacidad, cumplimos con todas las normativas para que gente en silla de ruedas pueda reforzar su musculatura ya que mucho kinesi\u00f3logos lo solicitan para que estas personas tengan un mejor desarrollo muscular, entonces nosotros vamos a ampliar, no s\u00f3lo el uso de la piscina, sino que el uso de todo el Polideportivo con todas sus instalaciones, apoyando al 100% a esta Fundaci\u00f3n\u201d.<\/p>\n<p style=\"text-align: justify;\">Finalmente, Cabezas Ruedlinger, representante local de la organizaci\u00f3n acu\u00e1tica, reiter\u00f3 el llamado a ser voluntarios de Sumergi2 en la comuna y adem\u00e1s agradeci\u00f3: \u201cA toda la gente que compone la Corporaci\u00f3n, nosotros hemos tenido la fortuna de que todas las personas que han pasado por el municipio han tenido una muy buena acogida con nuestro proyecto y les agradecemos por esas ganas que les ponen para que d\u00e9 una vez ya nos pongamos a trabajar ac\u00e1 en Ays\u00e9n\u201d.<\/p>\n<\/div><\/section><\/div><div  style='height:50px' class='hr hr-invisible   avia-builder-el-6  el_after_av_one_full  el_before_av_social_share '><span class='hr-inner ' ><span class='hr-inner-style'><\/span><\/span><\/div><\/p>\n<div  class='av-social-sharing-box  avia-builder-el-7  el_after_av_hr  el_before_av_hr  '><div class='av-share-box'><h5 class='av-share-link-description av-no-toc '>Compartir esta noticia<\/h5><ul class='av-share-box-list noLightbox'><li class='av-share-link av-social-link-facebook' ><a target=\"_blank\" aria-label=\"Compartir en Facebook\" href='https:\/\/www.facebook.com\/sharer.php?u=https:\/\/radiorevelacionfm.cl\/?p=8201&#038;t=Sumergi2%20iniciar%C3%A1%20en%20octubre%20actividades%20de%20buceo%20inclusivo%20en%20Puerto%20Ays%C3%A9n' aria-hidden='false' data-av_icon='\ue8f3' data-av_iconfont='entypo-fontello' title='' data-avia-related-tooltip='Compartir en Facebook' rel=\"noopener\"><span class='avia_hidden_link_text'>Compartir en Facebook<\/span><\/a><\/li><li class='av-share-link av-social-link-twitter' ><a target=\"_blank\" aria-label=\"Compartir en Twitter\" href='https:\/\/twitter.com\/share?text=Sumergi2%20iniciar%C3%A1%20en%20octubre%20actividades%20de%20buceo%20inclusivo%20en%20Puerto%20Ays%C3%A9n&#038;url=https:\/\/radiorevelacionfm.cl\/?p=8201' aria-hidden='false' data-av_icon='\ue8f1' data-av_iconfont='entypo-fontello' title='' data-avia-related-tooltip='Compartir en Twitter' rel=\"noopener\"><span class='avia_hidden_link_text'>Compartir en Twitter<\/span><\/a><\/li><li class='av-share-link av-social-link-whatsapp' ><a target=\"_blank\" aria-label=\"Compartir en Whatsapp\" href='https:\/\/api.whatsapp.com\/send?text=https:\/\/radiorevelacionfm.cl\/?p=8201' aria-hidden='false' data-av_icon='\uf232' data-av_iconfont='entypo-fontello' title='' data-avia-related-tooltip='Compartir en Whatsapp' rel=\"noopener\"><span class='avia_hidden_link_text'>Compartir en Whatsapp<\/span><\/a><\/li><li class='av-share-link av-social-link-linkedin' ><a target=\"_blank\" aria-label=\"Compartir en LinkedIn\" href='https:\/\/linkedin.com\/shareArticle?mini=true&#038;title=Sumergi2%20iniciar%C3%A1%20en%20octubre%20actividades%20de%20buceo%20inclusivo%20en%20Puerto%20Ays%C3%A9n&#038;url=https:\/\/radiorevelacionfm.cl\/?p=8201' aria-hidden='false' data-av_icon='\ue8fc' data-av_iconfont='entypo-fontello' title='' data-avia-related-tooltip='Compartir en LinkedIn' rel=\"noopener\"><span class='avia_hidden_link_text'>Compartir en LinkedIn<\/span><\/a><\/li><li class='av-share-link av-social-link-mail' ><a  aria-label=\"Compartir por correo\" href='mailto:?subject=Sumergi2%20iniciar%C3%A1%20en%20octubre%20actividades%20de%20buceo%20inclusivo%20en%20Puerto%20Ays%C3%A9n&#038;body=https:\/\/radiorevelacionfm.cl\/?p=8201' aria-hidden='false' data-av_icon='\ue805' data-av_iconfont='entypo-fontello' title='' data-avia-related-tooltip='Compartir por correo'><span class='avia_hidden_link_text'>Compartir por correo<\/span><\/a><\/li><\/ul><\/div><\/div>\n<div  style='height:50px' class='hr hr-invisible   avia-builder-el-8  el_after_av_social_share  el_before_av_comments_list '><span class='hr-inner ' ><span class='hr-inner-style'><\/span><\/span><\/div>\n<div  class='av-buildercomment  av-blog-meta-html-info-disabled av-blog-meta-tag-disabled  '><\/div>\n","protected":false},"excerpt":{"rendered":"","protected":false},"author":1,"featured_media":8202,"comment_status":"open","ping_status":"open","sticky":false,"template":"","format":"standard","meta":{"footnotes":""},"categories":[40],"tags":[],"class_list":["post-8201","post","type-post","status-publish","format-standard","has-post-thumbnail","hentry","category-deportes"],"jetpack_featured_media_url":"https:\/\/radiorevelacionfm.cl\/wp-content\/uploads\/2021\/09\/buceo_inclusivo-1_optimized.jpg","_links":{"self":[{"href":"https:\/\/radiorevelacionfm.cl\/index.php?rest_route=\/wp\/v2\/posts\/8201","targetHints":{"allow":["GET"]}}],"collection":[{"href":"https:\/\/radiorevelacionfm.cl\/index.php?rest_route=\/wp\/v2\/posts"}],"about":[{"href":"https:\/\/radiorevelacionfm.cl\/index.php?rest_route=\/wp\/v2\/types\/post"}],"author":[{"embeddable":true,"href":"https:\/\/radiorevelacionfm.cl\/index.php?rest_route=\/wp\/v2\/users\/1"}],"replies":[{"embeddable":true,"href":"https:\/\/radiorevelacionfm.cl\/index.php?rest_route=%2Fwp%2Fv2%2Fcomments&post=8201"}],"version-history":[{"count":1,"href":"https:\/\/radiorevelacionfm.cl\/index.php?rest_route=\/wp\/v2\/posts\/8201\/revisions"}],"predecessor-version":[{"id":8203,"href":"https:\/\/radiorevelacionfm.cl\/index.php?rest_route=\/wp\/v2\/posts\/8201\/revisions\/8203"}],"wp:featuredmedia":[{"embeddable":true,"href":"https:\/\/radiorevelacionfm.cl\/index.php?rest_route=\/wp\/v2\/media\/8202"}],"wp:attachment":[{"href":"https:\/\/radiorevelacionfm.cl\/index.php?rest_route=%2Fwp%2Fv2%2Fmedia&parent=8201"}],"wp:term":[{"taxonomy":"category","embeddable":true,"href":"https:\/\/radiorevelacionfm.cl\/index.php?rest_route=%2Fwp%2Fv2%2Fcategories&post=8201"},{"taxonomy":"post_tag","embeddable":true,"href":"https:\/\/radiorevelacionfm.cl\/index.php?rest_route=%2Fwp%2Fv2%2Ftags&post=8201"}],"curies":[{"name":"wp","href":"https:\/\/api.w.org\/{rel}","templated":true}]}}