{"id":8198,"date":"2021-09-01T22:55:38","date_gmt":"2021-09-02T01:55:38","guid":{"rendered":"https:\/\/radiorevelacionfm.cl\/?p=8198"},"modified":"2021-09-01T22:55:38","modified_gmt":"2021-09-02T01:55:38","slug":"con-investiduras-y-la-entrega-de-la-medalla-honor-y-lealtad-carabineros-aysen-celebro-el-dia-del-suboficial-mayor","status":"publish","type":"post","link":"https:\/\/radiorevelacionfm.cl\/?p=8198","title":{"rendered":"Con investiduras y la entrega de la medalla Honor y Lealtad Carabineros Ays\u00e9n celebr\u00f3 el D\u00eda del Suboficial Mayor"},"content":{"rendered":"<div class=\"flex_column av_one_full  flex_column_div av-zero-column-padding first  avia-builder-el-0  el_before_av_one_full  avia-builder-el-first  \" style='border-radius:0px; '><div  class='avia-image-container  av-styling-    avia-builder-el-1  avia-builder-el-no-sibling  avia-align-center '  itemprop=\"image\" itemscope=\"itemscope\" itemtype=\"https:\/\/schema.org\/ImageObject\"  ><div class='avia-image-container-inner'><div class='avia-image-overlay-wrap'><img decoding=\"async\" class='wp-image-8199 avia-img-lazy-loading-not-8199 avia_image' src=\"https:\/\/radiorevelacionfm.cl\/wp-content\/uploads\/2021\/09\/IMG_9326-1-1.jpg\" alt='' title='IMG_9326 (1) (1)' height=\"600\" width=\"900\"  itemprop=\"thumbnailUrl\" srcset=\"https:\/\/radiorevelacionfm.cl\/wp-content\/uploads\/2021\/09\/IMG_9326-1-1.jpg 900w, https:\/\/radiorevelacionfm.cl\/wp-content\/uploads\/2021\/09\/IMG_9326-1-1-300x200.jpg 300w, https:\/\/radiorevelacionfm.cl\/wp-content\/uploads\/2021\/09\/IMG_9326-1-1-768x512.jpg 768w, https:\/\/radiorevelacionfm.cl\/wp-content\/uploads\/2021\/09\/IMG_9326-1-1-705x470.jpg 705w, https:\/\/radiorevelacionfm.cl\/wp-content\/uploads\/2021\/09\/IMG_9326-1-1-600x400.jpg 600w\" sizes=\"(max-width: 900px) 100vw, 900px\" \/><\/div><\/div><\/div><\/div><div class=\"flex_column av_one_full  flex_column_div av-zero-column-padding first  avia-builder-el-2  el_after_av_one_full  el_before_av_one_full  column-top-margin\" style='border-radius:0px; '><section class=\"av_textblock_section \"  itemscope=\"itemscope\" itemtype=\"https:\/\/schema.org\/BlogPosting\" itemprop=\"blogPost\" ><div class='avia_textblock  '   itemprop=\"text\" ><p style=\"text-align: center;\"><span style=\"font-size: 18pt;\"><b>Con investiduras y la entrega de la medalla Honor y Lealtad Carabineros Ays\u00e9n celebr\u00f3 el D\u00eda del Suboficial Mayor<\/b><\/span><\/p>\n<div id=\"gtx-trans\" style=\"position: absolute; left: -50px; top: 4.31534px;\">\n<div class=\"gtx-trans-icon\"><\/div>\n<\/div>\n<\/div><\/section><\/div><div class=\"flex_column av_one_full  flex_column_div av-zero-column-padding first  avia-builder-el-4  el_after_av_one_full  el_before_av_hr  column-top-margin\" style='border-radius:0px; '><section class=\"av_textblock_section \"  itemscope=\"itemscope\" itemtype=\"https:\/\/schema.org\/BlogPosting\" itemprop=\"blogPost\" ><div class='avia_textblock  '   itemprop=\"text\" ><p class=\"v1MsoNormal\" style=\"text-align: justify;\">Desde 1972 -cada 1 de septiembre- Carabineros de Chile celebra el D\u00eda del Suboficial Mayor y reconoce en ellos el trabajo, vocaci\u00f3n y entrega al servicio del pa\u00eds.<\/p>\n<p class=\"v1MsoNormal\" style=\"text-align: justify;\">En una solemne ceremonia efectuada en dependencias del hangar institucional, y adoptando los m\u00e1ximos resguardos en materia sanitaria, el General Hugo Zenteno V\u00e1squez, Jefe de la XI Zona de Carabineros Ays\u00e9n junto al Coronel Paulo Pino Molina y Oficiales Jefes, se llev\u00f3 a efecto un breve y significativo acto administrativo para la carrera del personal, quienes han alcanzado la m\u00e1xima jerarqu\u00eda en su escalaf\u00f3n.<\/p>\n<p class=\"v1MsoNormal\" style=\"text-align: justify;\">Se trata de funcionarios con alrededor de 30 a\u00f1os de servicio activo, quienes han entregado gran parte de su vida al servicio de la Instituci\u00f3n y el pa\u00eds.<\/p>\n<p class=\"v1MsoNormal\" style=\"text-align: justify;\">Los Suboficiales Mayores constituyen un referente para las nuevas generaciones de carabineros, representan un modelo de compromiso y entrega y, son la expresi\u00f3n genuina de haber actuado al alero de la doctrina de la Instituci\u00f3n.<\/p>\n<p class=\"v1MsoNormal\" style=\"text-align: justify;\"><b>Experiencia generosa<\/b><\/p>\n<p class=\"v1MsoNormal\" style=\"text-align: justify;\">El General Hugo Zenteno V\u00e1squez -quien aprovech\u00f3 la ocasi\u00f3n para recordar a quienes, en actos del servicio, han rendido la vida por los dem\u00e1s- reconoci\u00f3 a la gran persona que est\u00e1 tras del grado de Suboficial Mayor, siendo gu\u00edas del \u00e9xito y reconocimiento de todos los Oficiales y Carabineros que integran la verde legi\u00f3n.<\/p>\n<p class=\"v1MsoNormal\" style=\"text-align: justify;\">\u00abPor su importante labor profesional, leal, de entrega y el profundo compromiso con el servicio p\u00fablico, que sin duda, ha desarrollado a lo largo de toda su trayectoria, siendo parte importante en que nuestra Instituci\u00f3n contin\u00faa siendo la vanguardia del orden y la patria en todo el territorio nacional\u00bb, indic\u00f3.<\/p>\n<p class=\"v1MsoNormal\" style=\"text-align: justify;\">\u00abLos Suboficiales Mayores, constituyen la parte esencial y modelo del ser carabinero, son ejemplo vivo fehaciente de la experiencia generosa y permanente para los j\u00f3venes integrantes de nuestra amada Instituci\u00f3n\u00bb, sostuvo.<\/p>\n<p class=\"v1MsoNormal\" style=\"text-align: justify;\">Asimismo el General Zenteno a\u00f1adi\u00f3 que la sociedad exige m\u00e1s y mejores efectivos sobre la base de las orientaciones del General Director, Ricardo Y\u00e1\u00f1ez, tales como Carabineros de Todos, reforma y modernizaci\u00f3n institucional, alta efectividad, transparencia y cohesi\u00f3n, junto con ser respetuoso en cada \u00e1mbito de los derechos humanos.<\/p>\n<p class=\"v1MsoNormal\" style=\"text-align: justify;\">\u00abSigan ayudando a los carabineros, apoy\u00e1ndolos y no olviden que de ustedes dependemos en ser mejores ante la sociedad y el mundo entero\u00bb, complement\u00f3 el Jefe de la XI Zona de Carabineros Ays\u00e9n.<\/p>\n<p style=\"text-align: justify;\">Durante la ceremonia de investidura, ocho suboficiales de dotaci\u00f3n de Unidades y destacamentos, ascendieron al grado de Suboficial Mayor, en tanto que cinco suboficiales mayores fueron condecorados con la medalla Honor y Lealtad.<\/p>\n<\/div><\/section><\/div><div  style='height:50px' class='hr hr-invisible   avia-builder-el-6  el_after_av_one_full  el_before_av_social_share '><span class='hr-inner ' ><span class='hr-inner-style'><\/span><\/span><\/div><\/p>\n<div  class='av-social-sharing-box  avia-builder-el-7  el_after_av_hr  el_before_av_hr  '><div class='av-share-box'><h5 class='av-share-link-description av-no-toc '>Compartir esta noticia<\/h5><ul class='av-share-box-list noLightbox'><li class='av-share-link av-social-link-facebook' ><a target=\"_blank\" aria-label=\"Compartir en Facebook\" href='https:\/\/www.facebook.com\/sharer.php?u=https:\/\/radiorevelacionfm.cl\/?p=8198&#038;t=Con%20investiduras%20y%20la%20entrega%20de%20la%20medalla%20Honor%20y%20Lealtad%20Carabineros%20Ays%C3%A9n%20celebr%C3%B3%20el%20D%C3%ADa%20del%20Suboficial%20Mayor' aria-hidden='false' data-av_icon='\ue8f3' data-av_iconfont='entypo-fontello' title='' data-avia-related-tooltip='Compartir en Facebook' rel=\"noopener\"><span class='avia_hidden_link_text'>Compartir en Facebook<\/span><\/a><\/li><li class='av-share-link av-social-link-twitter' ><a target=\"_blank\" aria-label=\"Compartir en Twitter\" href='https:\/\/twitter.com\/share?text=Con%20investiduras%20y%20la%20entrega%20de%20la%20medalla%20Honor%20y%20Lealtad%20Carabineros%20Ays%C3%A9n%20celebr%C3%B3%20el%20D%C3%ADa%20del%20Suboficial%20Mayor&#038;url=https:\/\/radiorevelacionfm.cl\/?p=8198' aria-hidden='false' data-av_icon='\ue8f1' data-av_iconfont='entypo-fontello' title='' data-avia-related-tooltip='Compartir en Twitter' rel=\"noopener\"><span class='avia_hidden_link_text'>Compartir en Twitter<\/span><\/a><\/li><li class='av-share-link av-social-link-whatsapp' ><a target=\"_blank\" aria-label=\"Compartir en Whatsapp\" href='https:\/\/api.whatsapp.com\/send?text=https:\/\/radiorevelacionfm.cl\/?p=8198' aria-hidden='false' data-av_icon='\uf232' data-av_iconfont='entypo-fontello' title='' data-avia-related-tooltip='Compartir en Whatsapp' rel=\"noopener\"><span class='avia_hidden_link_text'>Compartir en Whatsapp<\/span><\/a><\/li><li class='av-share-link av-social-link-linkedin' ><a target=\"_blank\" aria-label=\"Compartir en LinkedIn\" href='https:\/\/linkedin.com\/shareArticle?mini=true&#038;title=Con%20investiduras%20y%20la%20entrega%20de%20la%20medalla%20Honor%20y%20Lealtad%20Carabineros%20Ays%C3%A9n%20celebr%C3%B3%20el%20D%C3%ADa%20del%20Suboficial%20Mayor&#038;url=https:\/\/radiorevelacionfm.cl\/?p=8198' aria-hidden='false' data-av_icon='\ue8fc' data-av_iconfont='entypo-fontello' title='' data-avia-related-tooltip='Compartir en LinkedIn' rel=\"noopener\"><span class='avia_hidden_link_text'>Compartir en LinkedIn<\/span><\/a><\/li><li class='av-share-link av-social-link-mail' ><a  aria-label=\"Compartir por correo\" href='mailto:?subject=Con%20investiduras%20y%20la%20entrega%20de%20la%20medalla%20Honor%20y%20Lealtad%20Carabineros%20Ays%C3%A9n%20celebr%C3%B3%20el%20D%C3%ADa%20del%20Suboficial%20Mayor&#038;body=https:\/\/radiorevelacionfm.cl\/?p=8198' aria-hidden='false' data-av_icon='\ue805' data-av_iconfont='entypo-fontello' title='' data-avia-related-tooltip='Compartir por correo'><span class='avia_hidden_link_text'>Compartir por correo<\/span><\/a><\/li><\/ul><\/div><\/div>\n<div  style='height:50px' class='hr hr-invisible   avia-builder-el-8  el_after_av_social_share  el_before_av_comments_list '><span class='hr-inner ' ><span class='hr-inner-style'><\/span><\/span><\/div>\n<div  class='av-buildercomment  av-blog-meta-html-info-disabled av-blog-meta-tag-disabled  '><\/div>\n","protected":false},"excerpt":{"rendered":"","protected":false},"author":1,"featured_media":8199,"comment_status":"open","ping_status":"open","sticky":false,"template":"","format":"standard","meta":{"footnotes":""},"categories":[36],"tags":[],"class_list":["post-8198","post","type-post","status-publish","format-standard","has-post-thumbnail","hentry","category-policial"],"jetpack_featured_media_url":"https:\/\/radiorevelacionfm.cl\/wp-content\/uploads\/2021\/09\/IMG_9326-1-1.jpg","_links":{"self":[{"href":"https:\/\/radiorevelacionfm.cl\/index.php?rest_route=\/wp\/v2\/posts\/8198","targetHints":{"allow":["GET"]}}],"collection":[{"href":"https:\/\/radiorevelacionfm.cl\/index.php?rest_route=\/wp\/v2\/posts"}],"about":[{"href":"https:\/\/radiorevelacionfm.cl\/index.php?rest_route=\/wp\/v2\/types\/post"}],"author":[{"embeddable":true,"href":"https:\/\/radiorevelacionfm.cl\/index.php?rest_route=\/wp\/v2\/users\/1"}],"replies":[{"embeddable":true,"href":"https:\/\/radiorevelacionfm.cl\/index.php?rest_route=%2Fwp%2Fv2%2Fcomments&post=8198"}],"version-history":[{"count":1,"href":"https:\/\/radiorevelacionfm.cl\/index.php?rest_route=\/wp\/v2\/posts\/8198\/revisions"}],"predecessor-version":[{"id":8200,"href":"https:\/\/radiorevelacionfm.cl\/index.php?rest_route=\/wp\/v2\/posts\/8198\/revisions\/8200"}],"wp:featuredmedia":[{"embeddable":true,"href":"https:\/\/radiorevelacionfm.cl\/index.php?rest_route=\/wp\/v2\/media\/8199"}],"wp:attachment":[{"href":"https:\/\/radiorevelacionfm.cl\/index.php?rest_route=%2Fwp%2Fv2%2Fmedia&parent=8198"}],"wp:term":[{"taxonomy":"category","embeddable":true,"href":"https:\/\/radiorevelacionfm.cl\/index.php?rest_route=%2Fwp%2Fv2%2Fcategories&post=8198"},{"taxonomy":"post_tag","embeddable":true,"href":"https:\/\/radiorevelacionfm.cl\/index.php?rest_route=%2Fwp%2Fv2%2Ftags&post=8198"}],"curies":[{"name":"wp","href":"https:\/\/api.w.org\/{rel}","templated":true}]}}