{"id":8195,"date":"2021-09-01T20:38:06","date_gmt":"2021-09-01T23:38:06","guid":{"rendered":"https:\/\/radiorevelacionfm.cl\/?p=8195"},"modified":"2021-09-01T20:38:06","modified_gmt":"2021-09-01T23:38:06","slug":"en-alto-manihuales-pdi-detiene-a-sujeto-por-receptacion-flagrante-y-recupera-vacuno-denunciado-por-abigeato","status":"publish","type":"post","link":"https:\/\/radiorevelacionfm.cl\/?p=8195","title":{"rendered":"En Alto Ma\u00f1ihuales PDI detiene a sujeto por receptaci\u00f3n flagrante y recupera vacuno denunciado por abigeato"},"content":{"rendered":"<div class=\"flex_column av_one_full  flex_column_div av-zero-column-padding first  avia-builder-el-0  el_before_av_one_full  avia-builder-el-first  \" style='border-radius:0px; '><div  class='avia-image-container  av-styling-    avia-builder-el-1  avia-builder-el-no-sibling  avia-align-center '  itemprop=\"image\" itemscope=\"itemscope\" itemtype=\"https:\/\/schema.org\/ImageObject\"  ><div class='avia-image-container-inner'><div class='avia-image-overlay-wrap'><img decoding=\"async\" class='wp-image-8196 avia-img-lazy-loading-not-8196 avia_image' src=\"https:\/\/radiorevelacionfm.cl\/wp-content\/uploads\/2021\/09\/recuperacion-vacunos-denunciados-por-abigeato-bidema-aysen-31-08-2021-1_optimized.jpeg\" alt='' title='recuperaci\u00f3n-vacunos-denunciados-por-abigeato-bidema-ays\u00e9n-31-08-2021-(1)_optimized' height=\"600\" width=\"802\"  itemprop=\"thumbnailUrl\" srcset=\"https:\/\/radiorevelacionfm.cl\/wp-content\/uploads\/2021\/09\/recuperacion-vacunos-denunciados-por-abigeato-bidema-aysen-31-08-2021-1_optimized.jpeg 802w, https:\/\/radiorevelacionfm.cl\/wp-content\/uploads\/2021\/09\/recuperacion-vacunos-denunciados-por-abigeato-bidema-aysen-31-08-2021-1_optimized-300x224.jpeg 300w, https:\/\/radiorevelacionfm.cl\/wp-content\/uploads\/2021\/09\/recuperacion-vacunos-denunciados-por-abigeato-bidema-aysen-31-08-2021-1_optimized-768x575.jpeg 768w, https:\/\/radiorevelacionfm.cl\/wp-content\/uploads\/2021\/09\/recuperacion-vacunos-denunciados-por-abigeato-bidema-aysen-31-08-2021-1_optimized-705x527.jpeg 705w, https:\/\/radiorevelacionfm.cl\/wp-content\/uploads\/2021\/09\/recuperacion-vacunos-denunciados-por-abigeato-bidema-aysen-31-08-2021-1_optimized-600x449.jpeg 600w\" sizes=\"(max-width: 802px) 100vw, 802px\" \/><\/div><\/div><\/div><\/div><div class=\"flex_column av_one_full  flex_column_div av-zero-column-padding first  avia-builder-el-2  el_after_av_one_full  el_before_av_one_full  column-top-margin\" style='border-radius:0px; '><section class=\"av_textblock_section \"  itemscope=\"itemscope\" itemtype=\"https:\/\/schema.org\/BlogPosting\" itemprop=\"blogPost\" ><div class='avia_textblock  '   itemprop=\"text\" ><p style=\"text-align: center;\"><span style=\"font-size: 18pt;\"><strong>En Alto Ma\u00f1ihuales PDI detiene a sujeto por receptaci\u00f3n flagrante y recupera vacuno denunciado por abigeato<\/strong><\/span><\/p>\n<div id=\"gtx-trans\" style=\"position: absolute; left: -50px; top: 4.31534px;\">\n<div class=\"gtx-trans-icon\"><\/div>\n<\/div>\n<\/div><\/section><\/div><div class=\"flex_column av_one_full  flex_column_div av-zero-column-padding first  avia-builder-el-4  el_after_av_one_full  el_before_av_hr  column-top-margin\" style='border-radius:0px; '><section class=\"av_textblock_section \"  itemscope=\"itemscope\" itemtype=\"https:\/\/schema.org\/BlogPosting\" itemprop=\"blogPost\" ><div class='avia_textblock  '   itemprop=\"text\" ><p style=\"text-align: justify;\">Este martes, detectives de la Brigada Investigadora de Delitos del Medio Ambiente y Patrimonio Cultural (BIDEMA) Ays\u00e9n de la Polic\u00eda de Investigaciones de Chile, en un trabajo coordinado con el Ministerio P\u00fablico, detuvieron a un sujeto, mayor de edad y sin antecedentes policiales, por el delito de receptaci\u00f3n flagrante y recuperaron un vacuno hembra, junto a su cr\u00eda, en el sector de Alto Ma\u00f1ihuales en la provincia de Ays\u00e9n.<\/p>\n<p style=\"text-align: justify;\">El jefe de la unidad especializada, subprefecto Claudio Reyes, indic\u00f3 que a ra\u00edz de una denuncia se tom\u00f3 conocimiento del extrav\u00edo de cuatro vacunos de la raza Angus en situaci\u00f3n de pre\u00f1ez, especies avaluadas en m\u00e1s de $4.500.000 pesos.<\/p>\n<p style=\"text-align: justify;\">Por su parte, el jefe de la Fiscal\u00eda Local de Puerto Ays\u00e9n, Aquiles Cubillos, detall\u00f3 que \u201cla v\u00edctima hace unos d\u00edas atr\u00e1s en un predio vecino en el sector de Alto Ma\u00f1ihuales vio a uno de sus animales, el cual pudo identificar a trav\u00e9s de la marca, DIIO, que manten\u00eda puesta en el crotal de sus animales, donde se identifica como propietario de dicho animal ante el Servicio Agr\u00edcola y Ganadero, por lo cual pudo reconocerlo y verificarlo a trav\u00e9s del n\u00famero y sus caracter\u00edsticas f\u00edsicas\u201d.<\/p>\n<p style=\"text-align: justify;\">\u201cCon estos antecedentes, se le dio cuenta al Ministerio P\u00fablico, quien emiti\u00f3 una orden de investigar a esta brigada especializada por lo que se conform\u00f3 un equipo investigativo que se traslad\u00f3 al lugar, espec\u00edficamente a Alto Ma\u00f1ihuales, donde tras realizar diversas diligencias y la b\u00fasqueda de los animales, fue encontrado uno de ellos que se encontraba junto a su cr\u00eda, raz\u00f3n por la cual se incauta el animal y se entrega a su propietario\u201d, se\u00f1al\u00f3 el subprefecto Reyes.<\/p>\n<p style=\"text-align: justify;\">\u201cLos funcionarios policiales verificaron la informaci\u00f3n proporcionada por la v\u00edctima y tomaron declaraci\u00f3n al due\u00f1o del predio, quien se\u00f1al\u00f3 que efectivamente ese animal estaba ah\u00ed por encargo de un tercero\u201d, indic\u00f3 el fiscal Cubillos, agregando que los detectives identificaron y ubicaron a este tercero, pasando detenido por receptaci\u00f3n, recuperando el vacuno y entreg\u00e1ndoselo a la v\u00edctima previo reconocimiento, quedando apercibido conforme al art\u00edculo 26 del C\u00f3digo Procesal Penal.<\/p>\n<p style=\"text-align: justify;\">El subprefecto Claudio Reyes agreg\u00f3 que \u201cel aval\u00fao de los animales recuperados asciende a $1.500.000 pesos, ya que uno de los vacunos hembra al momento de su extrav\u00edo se encontraba pre\u00f1ada y, una vez ubicada, se encontraba con su cr\u00eda, motivo por el cual fueron dos animales los que se pudieron recuperar\u201d.<\/p>\n<p style=\"text-align: justify;\">Finalmente, el jefe de la BIDEMA Ays\u00e9n enfatiz\u00f3 la importancia de entregar estos antecedentes a las polic\u00edas, destacando que \u201chacemos el llamado a la ciudadan\u00eda a poder hacer todas las denuncias respecto al extrav\u00edo de animales, ya que nos encontramos en una fecha en la cual se acercan festividades y este delito se torna m\u00e1s recurrente, raz\u00f3n por la cual solicitamos hacer las denuncias para aminorar este delito\u201d.<\/p>\n<p style=\"text-align: justify;\">Desde la PDI y la Fiscal\u00eda informaron que contin\u00faan las diligencias investigativas para ubicar al tercero involucrado, quien ser\u00eda la persona que hab\u00eda entregado el animal que se encontraba en talaje en el campo donde fue encontrado, y ante cualquier antecedente o hecho de similares caracter\u00edsticas concurrir al complejo policial m\u00e1s cercano.<\/p>\n<\/div><\/section><\/div><div  style='height:50px' class='hr hr-invisible   avia-builder-el-6  el_after_av_one_full  el_before_av_social_share '><span class='hr-inner ' ><span class='hr-inner-style'><\/span><\/span><\/div><\/p>\n<div  class='av-social-sharing-box  avia-builder-el-7  el_after_av_hr  el_before_av_hr  '><div class='av-share-box'><h5 class='av-share-link-description av-no-toc '>Compartir esta noticia<\/h5><ul class='av-share-box-list noLightbox'><li class='av-share-link av-social-link-facebook' ><a target=\"_blank\" aria-label=\"Compartir en Facebook\" href='https:\/\/www.facebook.com\/sharer.php?u=https:\/\/radiorevelacionfm.cl\/?p=8195&#038;t=En%20Alto%20Ma%C3%B1ihuales%20PDI%20detiene%20a%20sujeto%20por%20receptaci%C3%B3n%20flagrante%20y%20recupera%20vacuno%20denunciado%20por%20abigeato' aria-hidden='false' data-av_icon='\ue8f3' data-av_iconfont='entypo-fontello' title='' data-avia-related-tooltip='Compartir en Facebook' rel=\"noopener\"><span class='avia_hidden_link_text'>Compartir en Facebook<\/span><\/a><\/li><li class='av-share-link av-social-link-twitter' ><a target=\"_blank\" aria-label=\"Compartir en Twitter\" href='https:\/\/twitter.com\/share?text=En%20Alto%20Ma%C3%B1ihuales%20PDI%20detiene%20a%20sujeto%20por%20receptaci%C3%B3n%20flagrante%20y%20recupera%20vacuno%20denunciado%20por%20abigeato&#038;url=https:\/\/radiorevelacionfm.cl\/?p=8195' aria-hidden='false' data-av_icon='\ue8f1' data-av_iconfont='entypo-fontello' title='' data-avia-related-tooltip='Compartir en Twitter' rel=\"noopener\"><span class='avia_hidden_link_text'>Compartir en Twitter<\/span><\/a><\/li><li class='av-share-link av-social-link-whatsapp' ><a target=\"_blank\" aria-label=\"Compartir en Whatsapp\" href='https:\/\/api.whatsapp.com\/send?text=https:\/\/radiorevelacionfm.cl\/?p=8195' aria-hidden='false' data-av_icon='\uf232' data-av_iconfont='entypo-fontello' title='' data-avia-related-tooltip='Compartir en Whatsapp' rel=\"noopener\"><span class='avia_hidden_link_text'>Compartir en Whatsapp<\/span><\/a><\/li><li class='av-share-link av-social-link-linkedin' ><a target=\"_blank\" aria-label=\"Compartir en LinkedIn\" href='https:\/\/linkedin.com\/shareArticle?mini=true&#038;title=En%20Alto%20Ma%C3%B1ihuales%20PDI%20detiene%20a%20sujeto%20por%20receptaci%C3%B3n%20flagrante%20y%20recupera%20vacuno%20denunciado%20por%20abigeato&#038;url=https:\/\/radiorevelacionfm.cl\/?p=8195' aria-hidden='false' data-av_icon='\ue8fc' data-av_iconfont='entypo-fontello' title='' data-avia-related-tooltip='Compartir en LinkedIn' rel=\"noopener\"><span class='avia_hidden_link_text'>Compartir en LinkedIn<\/span><\/a><\/li><li class='av-share-link av-social-link-mail' ><a  aria-label=\"Compartir por correo\" href='mailto:?subject=En%20Alto%20Ma%C3%B1ihuales%20PDI%20detiene%20a%20sujeto%20por%20receptaci%C3%B3n%20flagrante%20y%20recupera%20vacuno%20denunciado%20por%20abigeato&#038;body=https:\/\/radiorevelacionfm.cl\/?p=8195' aria-hidden='false' data-av_icon='\ue805' data-av_iconfont='entypo-fontello' title='' data-avia-related-tooltip='Compartir por correo'><span class='avia_hidden_link_text'>Compartir por correo<\/span><\/a><\/li><\/ul><\/div><\/div>\n<div  style='height:50px' class='hr hr-invisible   avia-builder-el-8  el_after_av_social_share  el_before_av_comments_list '><span class='hr-inner ' ><span class='hr-inner-style'><\/span><\/span><\/div>\n<div  class='av-buildercomment  av-blog-meta-html-info-disabled av-blog-meta-tag-disabled  '><\/div>\n","protected":false},"excerpt":{"rendered":"","protected":false},"author":1,"featured_media":8196,"comment_status":"open","ping_status":"open","sticky":false,"template":"","format":"standard","meta":{"footnotes":""},"categories":[36],"tags":[],"class_list":["post-8195","post","type-post","status-publish","format-standard","has-post-thumbnail","hentry","category-policial"],"jetpack_featured_media_url":"https:\/\/radiorevelacionfm.cl\/wp-content\/uploads\/2021\/09\/recuperacion-vacunos-denunciados-por-abigeato-bidema-aysen-31-08-2021-1_optimized.jpeg","_links":{"self":[{"href":"https:\/\/radiorevelacionfm.cl\/index.php?rest_route=\/wp\/v2\/posts\/8195","targetHints":{"allow":["GET"]}}],"collection":[{"href":"https:\/\/radiorevelacionfm.cl\/index.php?rest_route=\/wp\/v2\/posts"}],"about":[{"href":"https:\/\/radiorevelacionfm.cl\/index.php?rest_route=\/wp\/v2\/types\/post"}],"author":[{"embeddable":true,"href":"https:\/\/radiorevelacionfm.cl\/index.php?rest_route=\/wp\/v2\/users\/1"}],"replies":[{"embeddable":true,"href":"https:\/\/radiorevelacionfm.cl\/index.php?rest_route=%2Fwp%2Fv2%2Fcomments&post=8195"}],"version-history":[{"count":1,"href":"https:\/\/radiorevelacionfm.cl\/index.php?rest_route=\/wp\/v2\/posts\/8195\/revisions"}],"predecessor-version":[{"id":8197,"href":"https:\/\/radiorevelacionfm.cl\/index.php?rest_route=\/wp\/v2\/posts\/8195\/revisions\/8197"}],"wp:featuredmedia":[{"embeddable":true,"href":"https:\/\/radiorevelacionfm.cl\/index.php?rest_route=\/wp\/v2\/media\/8196"}],"wp:attachment":[{"href":"https:\/\/radiorevelacionfm.cl\/index.php?rest_route=%2Fwp%2Fv2%2Fmedia&parent=8195"}],"wp:term":[{"taxonomy":"category","embeddable":true,"href":"https:\/\/radiorevelacionfm.cl\/index.php?rest_route=%2Fwp%2Fv2%2Fcategories&post=8195"},{"taxonomy":"post_tag","embeddable":true,"href":"https:\/\/radiorevelacionfm.cl\/index.php?rest_route=%2Fwp%2Fv2%2Ftags&post=8195"}],"curies":[{"name":"wp","href":"https:\/\/api.w.org\/{rel}","templated":true}]}}