{"id":8192,"date":"2021-09-02T11:00:43","date_gmt":"2021-09-02T14:00:43","guid":{"rendered":"https:\/\/radiorevelacionfm.cl\/?p=8192"},"modified":"2021-09-02T11:00:43","modified_gmt":"2021-09-02T14:00:43","slug":"ministro-de-defensa-ofrecio-canal-de-dialogo-para-ampliacion-del-hospital-regional-de-coyhaique","status":"publish","type":"post","link":"https:\/\/radiorevelacionfm.cl\/?p=8192","title":{"rendered":"Ministro de Defensa ofreci\u00f3 canal de di\u00e1logo para ampliaci\u00f3n del Hospital Regional de Coyhaique"},"content":{"rendered":"<div class=\"flex_column av_one_full  flex_column_div av-zero-column-padding first  avia-builder-el-0  el_before_av_one_full  avia-builder-el-first  \" style='border-radius:0px; '><div  class='avia-image-container  av-styling-    avia-builder-el-1  avia-builder-el-no-sibling  avia-align-center '  itemprop=\"image\" itemscope=\"itemscope\" itemtype=\"https:\/\/schema.org\/ImageObject\"  ><div class='avia-image-container-inner'><div class='avia-image-overlay-wrap'><img decoding=\"async\" class='wp-image-8193 avia-img-lazy-loading-not-8193 avia_image' src=\"https:\/\/radiorevelacionfm.cl\/wp-content\/uploads\/2021\/09\/min_defensa0-1_optimized.jpg\" alt='' title='min_defensa0-(1)_optimized' height=\"600\" width=\"1260\"  itemprop=\"thumbnailUrl\" srcset=\"https:\/\/radiorevelacionfm.cl\/wp-content\/uploads\/2021\/09\/min_defensa0-1_optimized.jpg 1260w, https:\/\/radiorevelacionfm.cl\/wp-content\/uploads\/2021\/09\/min_defensa0-1_optimized-300x143.jpg 300w, https:\/\/radiorevelacionfm.cl\/wp-content\/uploads\/2021\/09\/min_defensa0-1_optimized-1030x490.jpg 1030w, https:\/\/radiorevelacionfm.cl\/wp-content\/uploads\/2021\/09\/min_defensa0-1_optimized-768x366.jpg 768w, https:\/\/radiorevelacionfm.cl\/wp-content\/uploads\/2021\/09\/min_defensa0-1_optimized-705x336.jpg 705w, https:\/\/radiorevelacionfm.cl\/wp-content\/uploads\/2021\/09\/min_defensa0-1_optimized-600x286.jpg 600w\" sizes=\"(max-width: 1260px) 100vw, 1260px\" \/><\/div><\/div><\/div><\/div><div class=\"flex_column av_one_full  flex_column_div av-zero-column-padding first  avia-builder-el-2  el_after_av_one_full  el_before_av_one_full  column-top-margin\" style='border-radius:0px; '><section class=\"av_textblock_section \"  itemscope=\"itemscope\" itemtype=\"https:\/\/schema.org\/BlogPosting\" itemprop=\"blogPost\" ><div class='avia_textblock  '   itemprop=\"text\" ><p style=\"text-align: center;\"><strong><span style=\"font-size: 18pt;\">Ministro de Defensa ofreci\u00f3 canal de di\u00e1logo para ampliaci\u00f3n del Hospital Regional de Coyhaique<\/span><\/strong><\/p>\n<div id=\"gtx-trans\" style=\"position: absolute; left: -50px; top: 4.31534px;\">\n<div class=\"gtx-trans-icon\"><\/div>\n<\/div>\n<\/div><\/section><\/div><div class=\"flex_column av_one_full  flex_column_div av-zero-column-padding first  avia-builder-el-4  el_after_av_one_full  el_before_av_hr  column-top-margin\" style='border-radius:0px; '><section class=\"av_textblock_section \"  itemscope=\"itemscope\" itemtype=\"https:\/\/schema.org\/BlogPosting\" itemprop=\"blogPost\" ><div class='avia_textblock  '   itemprop=\"text\" ><div>\n<p class=\"v1MsoNormal\" style=\"text-align: justify;\"><span lang=\"ES-MX\">Sus buenos oficios ante el requerimiento de terrenos para la ampliaci\u00f3n del Hospital Regional de Coyhaique, ofreci\u00f3 el ministro de Defensa, Baldo Prokurica, al reunirse en Santiago con una delegaci\u00f3n del Consejo Regional de Ays\u00e9n.<\/span><\/p>\n<p class=\"v1MsoNormal\" style=\"text-align: justify;\"><span lang=\"ES-MX\">El secretario de Estado dialog\u00f3 con los consejeros Gustavo Villarroel, presidente de la comisi\u00f3n Social del CORE, y los consejeros Washington Medina y Ra\u00fal Rudolphi, m\u00e1s la diputada Aracely Leuqu\u00e9n.<\/span><\/p>\n<p class=\"v1MsoNormal\" style=\"text-align: justify;\"><span lang=\"ES-MX\">\u00abPoder allanar los caminos que signifiquen que esta regi\u00f3n pueda tener un hospital tan necesario, obteniendo un acuerdo para analizar la situaci\u00f3n, que el lugar que han dise\u00f1ado las autoridades de salud, que pertenece al Ej\u00e9rcito, pueda ser conversado con el Ej\u00e9rcito, de manera que se puedan obtener todos los objetivos finales\u00bb, indic\u00f3 el secretario de Estado.<\/span><\/p>\n<p class=\"v1MsoNormal\" style=\"text-align: justify;\"><span lang=\"ES-MX\">Seg\u00fan indic\u00f3, el crecimiento de las ciudades ha generado situaciones similares en diferentes lugares del pa\u00eds, por lo que se estableci\u00f3 una mesa de trabajo conformada por los ministerios de Defensa y Bienes Nacionales con las Fuerzas Armadas.<\/span><\/p>\n<p class=\"v1MsoNormal\" style=\"text-align: justify;\"><span lang=\"ES-MX\">\u00abAqu\u00ed estamos viendo permanentemente un tema similar, de manera que hemos armado una mesa entre el ministerio de Defensa, las Fuerzas Armadas y el ministerio de Bienes Nacionales, de tal manera de ir arbitrando las medidas que permitan que cada uno de los proyectos se pueda materializar y, a su vez, las tres ramas de las Fuerzas Armadas puedan cumplir con los roles que la Ley y la Constituci\u00f3n les asignan\u00bb, detall\u00f3.<\/span><\/p>\n<p class=\"v1MsoNormal\" style=\"text-align: justify;\"><span lang=\"ES-MX\">El consejero Gustavo Villarroel agradeci\u00f3 la instancia y el trabajo derivado de lo que hist\u00f3ricamente se conoce como el Acta de Chena. \u00abSabemos que va a estar su absoluta disposici\u00f3n en seguir avanzando en este tema, como tambi\u00e9n est\u00e1n abiertas a este di\u00e1logo las autoridades del Ej\u00e9rcito de Chile para llegar a un buen acuerdo en beneficio de nuestra comunidad\u00bb, indic\u00f3.<\/span><\/p>\n<p class=\"v1MsoNormal\" style=\"text-align: justify;\"><span lang=\"ES-MX\">\u00abY ah\u00ed proyectar la construcci\u00f3n, pero para eso hay que agilizar los procesos, mover los papeles, buscando voluntades y conversaciones entre el ministerio de Defensa, tambi\u00e9n con el ministro de Salud y Bienes Nacionales\u00bb, destac\u00f3 Washington Medina.<\/span><\/p>\n<p class=\"v1MsoNormal\" style=\"text-align: justify;\"><span lang=\"ES-MX\">\u00abPara eso nos eligieron, para sacar las tareas adelante y, justamente, los temas que al d\u00eda de hoy se discuten en la regi\u00f3n y pasan por decisiones nacionales, nosotros las representamos, el d\u00eda de hoy vemos voluntad, y esperamos en el mediano plazo tener muy buenas noticias\u00bb, concluy\u00f3 Ra\u00fal Rudolphi.<\/span><\/p>\n<p class=\"v1MsoNormal\" style=\"text-align: justify;\"><span lang=\"ES-MX\">Los consejeros valoraron la reuni\u00f3n en la Regi\u00f3n Metropolitana e informar\u00e1n formalmente los resultados de todas las gestiones durante la sesi\u00f3n plenaria de este viernes del Consejo Regional de Ays\u00e9n.\u00a0\u00a0<\/span><\/p>\n<\/div>\n<div style=\"text-align: justify;\"><\/div>\n<\/div><\/section><\/div><div  style='height:50px' class='hr hr-invisible   avia-builder-el-6  el_after_av_one_full  el_before_av_social_share '><span class='hr-inner ' ><span class='hr-inner-style'><\/span><\/span><\/div><\/p>\n<div  class='av-social-sharing-box  avia-builder-el-7  el_after_av_hr  el_before_av_hr  '><div class='av-share-box'><h5 class='av-share-link-description av-no-toc '>Compartir esta noticia<\/h5><ul class='av-share-box-list noLightbox'><li class='av-share-link av-social-link-facebook' ><a target=\"_blank\" aria-label=\"Compartir en Facebook\" href='https:\/\/www.facebook.com\/sharer.php?u=https:\/\/radiorevelacionfm.cl\/?p=8192&#038;t=Ministro%20de%20Defensa%20ofreci%C3%B3%20canal%20de%20di%C3%A1logo%20para%20ampliaci%C3%B3n%20del%20Hospital%20Regional%20de%20Coyhaique' aria-hidden='false' data-av_icon='\ue8f3' data-av_iconfont='entypo-fontello' title='' data-avia-related-tooltip='Compartir en Facebook' rel=\"noopener\"><span class='avia_hidden_link_text'>Compartir en Facebook<\/span><\/a><\/li><li class='av-share-link av-social-link-twitter' ><a target=\"_blank\" aria-label=\"Compartir en Twitter\" href='https:\/\/twitter.com\/share?text=Ministro%20de%20Defensa%20ofreci%C3%B3%20canal%20de%20di%C3%A1logo%20para%20ampliaci%C3%B3n%20del%20Hospital%20Regional%20de%20Coyhaique&#038;url=https:\/\/radiorevelacionfm.cl\/?p=8192' aria-hidden='false' data-av_icon='\ue8f1' data-av_iconfont='entypo-fontello' title='' data-avia-related-tooltip='Compartir en Twitter' rel=\"noopener\"><span class='avia_hidden_link_text'>Compartir en Twitter<\/span><\/a><\/li><li class='av-share-link av-social-link-whatsapp' ><a target=\"_blank\" aria-label=\"Compartir en Whatsapp\" href='https:\/\/api.whatsapp.com\/send?text=https:\/\/radiorevelacionfm.cl\/?p=8192' aria-hidden='false' data-av_icon='\uf232' data-av_iconfont='entypo-fontello' title='' data-avia-related-tooltip='Compartir en Whatsapp' rel=\"noopener\"><span class='avia_hidden_link_text'>Compartir en Whatsapp<\/span><\/a><\/li><li class='av-share-link av-social-link-linkedin' ><a target=\"_blank\" aria-label=\"Compartir en LinkedIn\" href='https:\/\/linkedin.com\/shareArticle?mini=true&#038;title=Ministro%20de%20Defensa%20ofreci%C3%B3%20canal%20de%20di%C3%A1logo%20para%20ampliaci%C3%B3n%20del%20Hospital%20Regional%20de%20Coyhaique&#038;url=https:\/\/radiorevelacionfm.cl\/?p=8192' aria-hidden='false' data-av_icon='\ue8fc' data-av_iconfont='entypo-fontello' title='' data-avia-related-tooltip='Compartir en LinkedIn' rel=\"noopener\"><span class='avia_hidden_link_text'>Compartir en LinkedIn<\/span><\/a><\/li><li class='av-share-link av-social-link-mail' ><a  aria-label=\"Compartir por correo\" href='mailto:?subject=Ministro%20de%20Defensa%20ofreci%C3%B3%20canal%20de%20di%C3%A1logo%20para%20ampliaci%C3%B3n%20del%20Hospital%20Regional%20de%20Coyhaique&#038;body=https:\/\/radiorevelacionfm.cl\/?p=8192' aria-hidden='false' data-av_icon='\ue805' data-av_iconfont='entypo-fontello' title='' data-avia-related-tooltip='Compartir por correo'><span class='avia_hidden_link_text'>Compartir por correo<\/span><\/a><\/li><\/ul><\/div><\/div>\n<div  style='height:50px' class='hr hr-invisible   avia-builder-el-8  el_after_av_social_share  el_before_av_comments_list '><span class='hr-inner ' ><span class='hr-inner-style'><\/span><\/span><\/div>\n<div  class='av-buildercomment  av-blog-meta-html-info-disabled av-blog-meta-tag-disabled  '><\/div>\n","protected":false},"excerpt":{"rendered":"","protected":false},"author":1,"featured_media":8193,"comment_status":"open","ping_status":"open","sticky":false,"template":"","format":"standard","meta":{"footnotes":""},"categories":[38],"tags":[],"class_list":["post-8192","post","type-post","status-publish","format-standard","has-post-thumbnail","hentry","category-regional"],"jetpack_featured_media_url":"https:\/\/radiorevelacionfm.cl\/wp-content\/uploads\/2021\/09\/min_defensa0-1_optimized.jpg","_links":{"self":[{"href":"https:\/\/radiorevelacionfm.cl\/index.php?rest_route=\/wp\/v2\/posts\/8192","targetHints":{"allow":["GET"]}}],"collection":[{"href":"https:\/\/radiorevelacionfm.cl\/index.php?rest_route=\/wp\/v2\/posts"}],"about":[{"href":"https:\/\/radiorevelacionfm.cl\/index.php?rest_route=\/wp\/v2\/types\/post"}],"author":[{"embeddable":true,"href":"https:\/\/radiorevelacionfm.cl\/index.php?rest_route=\/wp\/v2\/users\/1"}],"replies":[{"embeddable":true,"href":"https:\/\/radiorevelacionfm.cl\/index.php?rest_route=%2Fwp%2Fv2%2Fcomments&post=8192"}],"version-history":[{"count":1,"href":"https:\/\/radiorevelacionfm.cl\/index.php?rest_route=\/wp\/v2\/posts\/8192\/revisions"}],"predecessor-version":[{"id":8194,"href":"https:\/\/radiorevelacionfm.cl\/index.php?rest_route=\/wp\/v2\/posts\/8192\/revisions\/8194"}],"wp:featuredmedia":[{"embeddable":true,"href":"https:\/\/radiorevelacionfm.cl\/index.php?rest_route=\/wp\/v2\/media\/8193"}],"wp:attachment":[{"href":"https:\/\/radiorevelacionfm.cl\/index.php?rest_route=%2Fwp%2Fv2%2Fmedia&parent=8192"}],"wp:term":[{"taxonomy":"category","embeddable":true,"href":"https:\/\/radiorevelacionfm.cl\/index.php?rest_route=%2Fwp%2Fv2%2Fcategories&post=8192"},{"taxonomy":"post_tag","embeddable":true,"href":"https:\/\/radiorevelacionfm.cl\/index.php?rest_route=%2Fwp%2Fv2%2Ftags&post=8192"}],"curies":[{"name":"wp","href":"https:\/\/api.w.org\/{rel}","templated":true}]}}