{"id":8189,"date":"2021-09-02T10:21:08","date_gmt":"2021-09-02T13:21:08","guid":{"rendered":"https:\/\/radiorevelacionfm.cl\/?p=8189"},"modified":"2021-09-02T10:21:08","modified_gmt":"2021-09-02T13:21:08","slug":"autoridades-laborales-refuerzan-llamado-a-aprovechar-la-semana-del-empleo-de-sence","status":"publish","type":"post","link":"https:\/\/radiorevelacionfm.cl\/?p=8189","title":{"rendered":"Autoridades laborales refuerzan llamado a aprovechar la Semana del Empleo de Sence"},"content":{"rendered":"<div class=\"flex_column av_one_full  flex_column_div av-zero-column-padding first  avia-builder-el-0  el_before_av_one_full  avia-builder-el-first  \" style='border-radius:0px; '><div  class='avia-image-container  av-styling-    avia-builder-el-1  avia-builder-el-no-sibling  avia-align-center '  itemprop=\"image\" itemscope=\"itemscope\" itemtype=\"https:\/\/schema.org\/ImageObject\"  ><div class='avia-image-container-inner'><div class='avia-image-overlay-wrap'><img decoding=\"async\" class='wp-image-8190 avia-img-lazy-loading-not-8190 avia_image' src=\"https:\/\/radiorevelacionfm.cl\/wp-content\/uploads\/2021\/09\/SemanaDelEmpleo-1-1.jpg\" alt='' title='SemanaDelEmpleo (1) (1)' height=\"600\" width=\"796\"  itemprop=\"thumbnailUrl\" srcset=\"https:\/\/radiorevelacionfm.cl\/wp-content\/uploads\/2021\/09\/SemanaDelEmpleo-1-1.jpg 796w, https:\/\/radiorevelacionfm.cl\/wp-content\/uploads\/2021\/09\/SemanaDelEmpleo-1-1-300x226.jpg 300w, https:\/\/radiorevelacionfm.cl\/wp-content\/uploads\/2021\/09\/SemanaDelEmpleo-1-1-768x579.jpg 768w, https:\/\/radiorevelacionfm.cl\/wp-content\/uploads\/2021\/09\/SemanaDelEmpleo-1-1-705x531.jpg 705w, https:\/\/radiorevelacionfm.cl\/wp-content\/uploads\/2021\/09\/SemanaDelEmpleo-1-1-600x452.jpg 600w\" sizes=\"(max-width: 796px) 100vw, 796px\" \/><\/div><\/div><\/div><\/div><div class=\"flex_column av_one_full  flex_column_div av-zero-column-padding first  avia-builder-el-2  el_after_av_one_full  el_before_av_one_full  column-top-margin\" style='border-radius:0px; '><section class=\"av_textblock_section \"  itemscope=\"itemscope\" itemtype=\"https:\/\/schema.org\/BlogPosting\" itemprop=\"blogPost\" ><div class='avia_textblock  '   itemprop=\"text\" ><p style=\"text-align: center;\"><span style=\"font-size: 18pt;\"><b><span lang=\"ES\">Autoridades laborales refuerzan llamado a aprovechar la Semana del Empleo de Sence<\/span><\/b><\/span><\/p>\n<div id=\"gtx-trans\" style=\"position: absolute; left: -50px; top: 4.31534px;\">\n<div class=\"gtx-trans-icon\"><\/div>\n<\/div>\n<\/div><\/section><\/div><div class=\"flex_column av_one_full  flex_column_div av-zero-column-padding first  avia-builder-el-4  el_after_av_one_full  el_before_av_hr  column-top-margin\" style='border-radius:0px; '><section class=\"av_textblock_section \"  itemscope=\"itemscope\" itemtype=\"https:\/\/schema.org\/BlogPosting\" itemprop=\"blogPost\" ><div class='avia_textblock  '   itemprop=\"text\" ><p class=\"v1MsoNormal\" style=\"text-align: justify;\"><span lang=\"ES\">En un punto de prensa realizado en dependencias del Servicio Nacional de Capacitaci\u00f3n y Empleo, Sence, la Seremi del Trabajo y Previsi\u00f3n Social, Andrea Ponce, junto a la Directora Regional de Sence, Katherine Kingma, se refirieron a las actividades de la Semana del Empleo, a los Subsidios al Empleo, IFE Laboral y la disminuci\u00f3n de la cifra de desempleo en la Regi\u00f3n de Ays\u00e9n.<\/span><\/p>\n<p class=\"v1MsoNormal\" style=\"text-align: justify;\"><span lang=\"ES\">\u00abLa Semana del Empleo es una actividad organizada a nivel nacional donde queremos reactivar el mundo laboral, volver a trabajar con todos los protocolos de resguardos ante el Covid, han bajado los contagios y una gran parte de la poblaci\u00f3n esta vacunada y debemos regresar a los puestos de trabajo, salir a buscar empleo, porque ofertas labores hay. Esta Semana del Empleo tiene una Feria Laboral cuyas postulaciones finalizan este viernes y en \u00e9l se est\u00e1n ofreciendo 257 puestos de trabajo en nuestra Regi\u00f3n de Ays\u00e9n. Tenemos tambi\u00e9n capacitaciones durante toda esta semana, \u00bfc\u00f3mo buscar un trabajo? \u00bfc\u00f3mo mejorar nuestro curr\u00edculum? \u00bfc\u00f3mo enfrentar una entrevista de trabajo? \u00bfc\u00f3mo certificar mis competencias laborales? y adem\u00e1s, se est\u00e1n realizando charlas informativas sobre beneficios y c\u00f3mo postular a los Subsidios al Empleo. Hago un llamado para que salgan a trabajar tranquilos, no perder\u00e1n el IFE Universal, es m\u00e1s, pueden postular a los Subsidios al Empleo y aumentar sus remuneraciones\u00bb, mencion\u00f3 la Seremi Andrea Ponce.<\/span><\/p>\n<p style=\"text-align: justify;\"><span lang=\"ES\">Son 16 las empresas que est\u00e1n ofreciendo trabajo en la regi\u00f3n \u00abEn esta Feria Laboral existen 257 puestos laborales nuevos en la Regi\u00f3n de Ays\u00e9n, de ellos, 162 son del sector de la construcci\u00f3n, 55 de actividades financieras, profesionales y t\u00e9cnicas, y 30 del sector comercio y ventas. Las postulaciones son hasta el d\u00eda viernes 3 de septiembre en\u00a0<a href=\"http:\/\/www.semanadelempleo.cl\/\" target=\"_blank\" rel=\"noopener noreferrer\">www.semanadelempleo.cl<\/a>\u00a0o en\u00a0<a href=\"http:\/\/www.sence.cl\/\" target=\"_blank\" rel=\"noopener noreferrer\">www.sence.cl<\/a>. Adem\u00e1s, los invitamos este jueves 2 de septiembre a las 16:00 a un Facebook live a trav\u00e9s del Facebook de Mintrab Ays\u00e9n, donde estaremos informando sobre c\u00f3mo postular a la Feria Laboral, c\u00f3mo postular a los Subsidios al Empleo, al Nuevo IFE Laboral, conocer las capacitaciones que se est\u00e1n dando y aclarando las dudas existentes en vivo, contando tambi\u00e9n con la presencia del Seremi(s) de Desarrollo Social y familia, Sebasti\u00e1n Barra, quien tambi\u00e9n podr\u00e1 contestar consultas sobre el IFE Universal y la compatibilidad con todos los Subsidios al Empleo. Con respecto a los Subsidios al empleo, nos ha ido muy bien donde a la fecha ya tenemos m\u00e1s de 3.300 nuevos contratos, es decir, personas que ya han recuperado sus trabajos. Adem\u00e1s, el d\u00eda de hoy comienzan las postulaciones al nuevo IFE Laboral para quienes tienen un nuevo contrato a partir del mes de agosto. Quienes tengan dudas, por favor, los invitamos a conectarse al Facebook live o acercarse directamente a nuestras oficinas ya que tenemos presencia en las cuatro provincias\u00bb, afirm\u00f3 la directora regional, Katherine Kingma. \u00a0<\/span><\/p>\n<p style=\"text-align: justify;\"><b><u><span lang=\"ES\">Diminuci\u00f3n cifras de desempleo y Subsidios<\/span><\/u><\/b><\/p>\n<p style=\"text-align: justify;\"><span lang=\"ES\">Sobre la disminuci\u00f3n de la cifra de desempleo seg\u00fan el \u00faltimo reporte del Instituto Nacional de Estad\u00edsticas, INE, la Seremi Andrea Ponce detall\u00f3, \u00abEs una buena noticia, nuestra Regi\u00f3n de Ays\u00e9n est\u00e1 en un 3,8% de desempleo y es una cifra de tiempos \u00abnormales\u00bb, antes de la pandemia y antes de las manifestaciones que hubo donde se destruyeron empleos, justamente hace un a\u00f1o, en agosto, tuvimos la cifra m\u00e1s alta, de 10,9%. Creemos que vamos por un buen camino, pero hay que seguir mejorando e insistiendo en la importancia del empleo formal, que entrega beneficios y coberturas en seguridad social y por ello tambi\u00e9n, invitamos a postular a los Subsidios al Empleo y al Nuevo IFE Laboral, que sin lugar a dudas han tenido un impacto positivo en la generaci\u00f3n de trabajo en la regi\u00f3n. En cifras, al 30 de agosto de este a\u00f1o, en la Regi\u00f3n de Ays\u00e9n ya hay 3.292 trabajadores con el Subsidio Contrata, que son nuevos contratos; Subsidio Regresa, para quienes estaban con contratos suspendidos por la Ley de Protecci\u00f3n del Empleo, donde hay 261 trabajadores que han regresado a sus labores y el Subsidio Protege, para madres y cuidadores legales de ni\u00f1os y ni\u00f1as menores de 2 a\u00f1os con un subsidio directo a la trabajadora de $200.000, donde ya hay 159 beneficiarias. Sumado a esto, ahora est\u00e1 el nuevo IFE Laboral donde ya tenemos m\u00e1s de 1.000 postulaciones y que entregar\u00e1 un aporte de hasta $250 mil directo al bolsillo del trabajador, sin perder el IFE Universal. Insistimos en que se informen en\u00a0<a href=\"http:\/\/www.subsidioalempleo.cl\/\" target=\"_blank\" rel=\"noopener noreferrer\">www.subsidioalempleo.cl<\/a>\u00ab.<\/span><\/p>\n<p style=\"text-align: justify;\"><span lang=\"ES\">Son 16 las charlas e instancias de capacitaci\u00f3n que se est\u00e1n ofreciendo en esta Semana del Empleo, las cuales quedar\u00e1n grabadas, teniendo la posibilidad de ser revisadas en cualquier momento, en el canal YouTube de Sence.<\/span><\/p>\n<\/div><\/section><\/div><div  style='height:50px' class='hr hr-invisible   avia-builder-el-6  el_after_av_one_full  el_before_av_social_share '><span class='hr-inner ' ><span class='hr-inner-style'><\/span><\/span><\/div><\/p>\n<div  class='av-social-sharing-box  avia-builder-el-7  el_after_av_hr  el_before_av_hr  '><div class='av-share-box'><h5 class='av-share-link-description av-no-toc '>Compartir esta noticia<\/h5><ul class='av-share-box-list noLightbox'><li class='av-share-link av-social-link-facebook' ><a target=\"_blank\" aria-label=\"Compartir en Facebook\" href='https:\/\/www.facebook.com\/sharer.php?u=https:\/\/radiorevelacionfm.cl\/?p=8189&#038;t=Autoridades%20laborales%20refuerzan%20llamado%20a%20aprovechar%20la%20Semana%20del%20Empleo%20de%20Sence' aria-hidden='false' data-av_icon='\ue8f3' data-av_iconfont='entypo-fontello' title='' data-avia-related-tooltip='Compartir en Facebook' rel=\"noopener\"><span class='avia_hidden_link_text'>Compartir en Facebook<\/span><\/a><\/li><li class='av-share-link av-social-link-twitter' ><a target=\"_blank\" aria-label=\"Compartir en Twitter\" href='https:\/\/twitter.com\/share?text=Autoridades%20laborales%20refuerzan%20llamado%20a%20aprovechar%20la%20Semana%20del%20Empleo%20de%20Sence&#038;url=https:\/\/radiorevelacionfm.cl\/?p=8189' aria-hidden='false' data-av_icon='\ue8f1' data-av_iconfont='entypo-fontello' title='' data-avia-related-tooltip='Compartir en Twitter' rel=\"noopener\"><span class='avia_hidden_link_text'>Compartir en Twitter<\/span><\/a><\/li><li class='av-share-link av-social-link-whatsapp' ><a target=\"_blank\" aria-label=\"Compartir en Whatsapp\" href='https:\/\/api.whatsapp.com\/send?text=https:\/\/radiorevelacionfm.cl\/?p=8189' aria-hidden='false' data-av_icon='\uf232' data-av_iconfont='entypo-fontello' title='' data-avia-related-tooltip='Compartir en Whatsapp' rel=\"noopener\"><span class='avia_hidden_link_text'>Compartir en Whatsapp<\/span><\/a><\/li><li class='av-share-link av-social-link-linkedin' ><a target=\"_blank\" aria-label=\"Compartir en LinkedIn\" href='https:\/\/linkedin.com\/shareArticle?mini=true&#038;title=Autoridades%20laborales%20refuerzan%20llamado%20a%20aprovechar%20la%20Semana%20del%20Empleo%20de%20Sence&#038;url=https:\/\/radiorevelacionfm.cl\/?p=8189' aria-hidden='false' data-av_icon='\ue8fc' data-av_iconfont='entypo-fontello' title='' data-avia-related-tooltip='Compartir en LinkedIn' rel=\"noopener\"><span class='avia_hidden_link_text'>Compartir en LinkedIn<\/span><\/a><\/li><li class='av-share-link av-social-link-mail' ><a  aria-label=\"Compartir por correo\" href='mailto:?subject=Autoridades%20laborales%20refuerzan%20llamado%20a%20aprovechar%20la%20Semana%20del%20Empleo%20de%20Sence&#038;body=https:\/\/radiorevelacionfm.cl\/?p=8189' aria-hidden='false' data-av_icon='\ue805' data-av_iconfont='entypo-fontello' title='' data-avia-related-tooltip='Compartir por correo'><span class='avia_hidden_link_text'>Compartir por correo<\/span><\/a><\/li><\/ul><\/div><\/div>\n<div  style='height:50px' class='hr hr-invisible   avia-builder-el-8  el_after_av_social_share  el_before_av_comments_list '><span class='hr-inner ' ><span class='hr-inner-style'><\/span><\/span><\/div>\n<div  class='av-buildercomment  av-blog-meta-html-info-disabled av-blog-meta-tag-disabled  '><\/div>\n","protected":false},"excerpt":{"rendered":"","protected":false},"author":1,"featured_media":8190,"comment_status":"open","ping_status":"open","sticky":false,"template":"","format":"standard","meta":{"footnotes":""},"categories":[56],"tags":[],"class_list":["post-8189","post","type-post","status-publish","format-standard","has-post-thumbnail","hentry","category-trabajo"],"jetpack_featured_media_url":"https:\/\/radiorevelacionfm.cl\/wp-content\/uploads\/2021\/09\/SemanaDelEmpleo-1-1.jpg","_links":{"self":[{"href":"https:\/\/radiorevelacionfm.cl\/index.php?rest_route=\/wp\/v2\/posts\/8189","targetHints":{"allow":["GET"]}}],"collection":[{"href":"https:\/\/radiorevelacionfm.cl\/index.php?rest_route=\/wp\/v2\/posts"}],"about":[{"href":"https:\/\/radiorevelacionfm.cl\/index.php?rest_route=\/wp\/v2\/types\/post"}],"author":[{"embeddable":true,"href":"https:\/\/radiorevelacionfm.cl\/index.php?rest_route=\/wp\/v2\/users\/1"}],"replies":[{"embeddable":true,"href":"https:\/\/radiorevelacionfm.cl\/index.php?rest_route=%2Fwp%2Fv2%2Fcomments&post=8189"}],"version-history":[{"count":1,"href":"https:\/\/radiorevelacionfm.cl\/index.php?rest_route=\/wp\/v2\/posts\/8189\/revisions"}],"predecessor-version":[{"id":8191,"href":"https:\/\/radiorevelacionfm.cl\/index.php?rest_route=\/wp\/v2\/posts\/8189\/revisions\/8191"}],"wp:featuredmedia":[{"embeddable":true,"href":"https:\/\/radiorevelacionfm.cl\/index.php?rest_route=\/wp\/v2\/media\/8190"}],"wp:attachment":[{"href":"https:\/\/radiorevelacionfm.cl\/index.php?rest_route=%2Fwp%2Fv2%2Fmedia&parent=8189"}],"wp:term":[{"taxonomy":"category","embeddable":true,"href":"https:\/\/radiorevelacionfm.cl\/index.php?rest_route=%2Fwp%2Fv2%2Fcategories&post=8189"},{"taxonomy":"post_tag","embeddable":true,"href":"https:\/\/radiorevelacionfm.cl\/index.php?rest_route=%2Fwp%2Fv2%2Ftags&post=8189"}],"curies":[{"name":"wp","href":"https:\/\/api.w.org\/{rel}","templated":true}]}}