{"id":8140,"date":"2021-08-31T19:17:30","date_gmt":"2021-08-31T22:17:30","guid":{"rendered":"https:\/\/radiorevelacionfm.cl\/?p=8140"},"modified":"2021-08-31T19:17:30","modified_gmt":"2021-08-31T22:17:30","slug":"autoridades-del-ministerio-de-la-mujer-y-sernameg-valoran-condena-a-violador-y-femicida","status":"publish","type":"post","link":"https:\/\/radiorevelacionfm.cl\/?p=8140","title":{"rendered":"Autoridades del Ministerio de la Mujer y SernamEG valoran condena a violador y femicida"},"content":{"rendered":"<div class=\"flex_column av_one_full  flex_column_div av-zero-column-padding first  avia-builder-el-0  el_before_av_one_full  avia-builder-el-first  \" style='border-radius:0px; '><div  class='avia-image-container  av-styling-    avia-builder-el-1  avia-builder-el-no-sibling  avia-align-center '  itemprop=\"image\" itemscope=\"itemscope\" itemtype=\"https:\/\/schema.org\/ImageObject\"  ><div class='avia-image-container-inner'><div class='avia-image-overlay-wrap'><img decoding=\"async\" class='wp-image-8141 avia-img-lazy-loading-not-8141 avia_image' src=\"https:\/\/radiorevelacionfm.cl\/wp-content\/uploads\/2021\/08\/Condena-FC-Coyhaique-1-1.jpg\" alt='' title='Condena FC Coyhaique (1) (1)' height=\"600\" width=\"1213\"  itemprop=\"thumbnailUrl\" srcset=\"https:\/\/radiorevelacionfm.cl\/wp-content\/uploads\/2021\/08\/Condena-FC-Coyhaique-1-1.jpg 1213w, https:\/\/radiorevelacionfm.cl\/wp-content\/uploads\/2021\/08\/Condena-FC-Coyhaique-1-1-300x148.jpg 300w, https:\/\/radiorevelacionfm.cl\/wp-content\/uploads\/2021\/08\/Condena-FC-Coyhaique-1-1-1030x509.jpg 1030w, https:\/\/radiorevelacionfm.cl\/wp-content\/uploads\/2021\/08\/Condena-FC-Coyhaique-1-1-768x380.jpg 768w, https:\/\/radiorevelacionfm.cl\/wp-content\/uploads\/2021\/08\/Condena-FC-Coyhaique-1-1-705x349.jpg 705w, https:\/\/radiorevelacionfm.cl\/wp-content\/uploads\/2021\/08\/Condena-FC-Coyhaique-1-1-600x297.jpg 600w\" sizes=\"(max-width: 1213px) 100vw, 1213px\" \/><\/div><\/div><\/div><\/div><div class=\"flex_column av_one_full  flex_column_div av-zero-column-padding first  avia-builder-el-2  el_after_av_one_full  el_before_av_one_full  column-top-margin\" style='border-radius:0px; '><section class=\"av_textblock_section \"  itemscope=\"itemscope\" itemtype=\"https:\/\/schema.org\/BlogPosting\" itemprop=\"blogPost\" ><div class='avia_textblock  '   itemprop=\"text\" ><p style=\"text-align: center;\"><strong><span style=\"font-size: 18pt;\">Autoridades del Ministerio de la Mujer y SernamEG valoran condena a violador y femicida<\/span><\/strong><\/p>\n<div id=\"gtx-trans\" style=\"position: absolute; left: -50px; top: 4.31534px;\">\n<div class=\"gtx-trans-icon\"><\/div>\n<\/div>\n<\/div><\/section><\/div><div class=\"flex_column av_one_full  flex_column_div av-zero-column-padding first  avia-builder-el-4  el_after_av_one_full  el_before_av_hr  column-top-margin\" style='border-radius:0px; '><section class=\"av_textblock_section \"  itemscope=\"itemscope\" itemtype=\"https:\/\/schema.org\/BlogPosting\" itemprop=\"blogPost\" ><div class='avia_textblock  '   itemprop=\"text\" ><p style=\"text-align: justify;\">En una breve audiencia virtual se dio a conocer la sentencia decretada por las\/os jueces del Tribunal Oral en lo Penal de Coyhaique, en contra del imputado Cristi\u00e1n Fabi\u00e1n D\u00edaz por violaci\u00f3n con femicidio consumado de la joven de iniciales J.A.M.V. Durante la semana pasada, se llev\u00f3 a cabo el juicio que determin\u00f3 las responsabilidades penales de este delito, ocurrido el 01 octubre del a\u00f1o 2020 en la capital regional.<\/p>\n<p style=\"text-align: justify;\">La Seremi de la Mujer y la Equidad de G\u00e9nero B\u00e1rbara Ort\u00fazar se\u00f1al\u00f3 al respecto \u201cLa sentencia que acabamos de conocer es un estimulo para continuar y fortalecer nuestro trabajo en defensa de las mujeres que viven violencia, hoy es en memoria de Julia y esperamos en\u00e9rgicamente que este tipo de situaciones acaben. El compromiso con la erradicaci\u00f3n de la violencia ha sido una tarea que hemos asumido desde el primer d\u00eda del Gobierno del Presidente Pi\u00f1era y la condena aplicada en este caso, es una muestra clara de c\u00f3mo los proyectos de Ley aprobados en estas materias son claves, as\u00ed como la labor de SernamEG y toda la institucionalidad que con fuerza se suma al impulso de una agenda que permita a trav\u00e9s de acciones concretas erradicar la violencia. Esto es un compromiso que en conjunto debemos asumir, como sociedad, comunidad, como familias y tambi\u00e9n como personas, sobre todo por aquellas que a\u00fan viven esto en silencio.\u00a0 A ellas les decimos que, no est\u00e1n solas, y pueden pedir apoyo a trav\u00e9s de nuestros centros de la mujer y v\u00edas de apoyo como el tel\u00e9fono 1455 y el WhatsApp +569 9700 7000\u201d.<\/p>\n<p style=\"text-align: justify;\">En tanto, la Directora Regional de SernamEG, Elizabeth Guti\u00e9rrez Eggers, explic\u00f3 que \u201cdurante todo el proceso estuvimos acompa\u00f1ando a la familia de esta joven mujer, a trav\u00e9s de su representaci\u00f3n legal en la querella en contra del imputado. Este el primer caso de un femicidio consumado por razones de g\u00e9nero en la regi\u00f3n de Ays\u00e9n por lo que existe conformidad sobre la pena de presidio perpetuo calificado dictada por el Tribunal de Juicio Oral en lo Penal. Tambi\u00e9n es importante recordar que hubo otros apoyos de car\u00e1cter psicosocial gestionados con Senama y Senadis; y con las dem\u00e1s instituciones que conforman el Circuito Intersectorial de Femicidio. En especial, con el Centro de Atenci\u00f3n a V\u00edctimas de Delitos Violentos que les facilit\u00f3 una traductora de lenguaje de se\u00f1as.<\/p>\n<p style=\"text-align: justify;\">El caso fue representado por la Encargada Regional de la L\u00ednea de Violencia Extrema de SernamEG, Leyla Vargas Pinochet, quien solicit\u00f3 la pena de cadena perpetua calificada; labor realizada de forma coordinada con la Fiscal\u00eda Local de Coyhaique.<\/p>\n<p style=\"text-align: justify;\">La\u00a0oferta disponible del SernamEG en el territorio regional corresponde &#8211; en el caso de Coyhaique- al Centro de la Mujer Ray\u00e9n, ubicado en Los Claveles esquina A C A\u00a0 Austral, Tel\u00e9fono: +56 672213178 y WhatsApp +569 7367 7602, Email:\u00a0<a href=\"mailto:centrorayen@gmail.com\">centrorayen@gmail.com<\/a>.<\/p>\n<p style=\"text-align: justify;\">En tanto, en Puerto Ays\u00e9n se ubica el Centro de la Mujer Naa Alver\u00e9, calle Teniente Merino N\u00ba520. Tel\u00e9fono: 67 \u2013233 4855, Email:\u00a0<a href=\"mailto:centrodelamujer@puertoaysen.cl\">centrodelamujer@puertoaysen.cl<\/a><\/p>\n<\/div><\/section><\/div><div  style='height:50px' class='hr hr-invisible   avia-builder-el-6  el_after_av_one_full  el_before_av_social_share '><span class='hr-inner ' ><span class='hr-inner-style'><\/span><\/span><\/div><\/p>\n<div  class='av-social-sharing-box  avia-builder-el-7  el_after_av_hr  el_before_av_hr  '><div class='av-share-box'><h5 class='av-share-link-description av-no-toc '>Compartir esta noticia<\/h5><ul class='av-share-box-list noLightbox'><li class='av-share-link av-social-link-facebook' ><a target=\"_blank\" aria-label=\"Compartir en Facebook\" href='https:\/\/www.facebook.com\/sharer.php?u=https:\/\/radiorevelacionfm.cl\/?p=8140&#038;t=Autoridades%20del%20Ministerio%20de%20la%20Mujer%20y%20SernamEG%20valoran%20condena%20a%20violador%20y%20femicida' aria-hidden='false' data-av_icon='\ue8f3' data-av_iconfont='entypo-fontello' title='' data-avia-related-tooltip='Compartir en Facebook' rel=\"noopener\"><span class='avia_hidden_link_text'>Compartir en Facebook<\/span><\/a><\/li><li class='av-share-link av-social-link-twitter' ><a target=\"_blank\" aria-label=\"Compartir en Twitter\" href='https:\/\/twitter.com\/share?text=Autoridades%20del%20Ministerio%20de%20la%20Mujer%20y%20SernamEG%20valoran%20condena%20a%20violador%20y%20femicida&#038;url=https:\/\/radiorevelacionfm.cl\/?p=8140' aria-hidden='false' data-av_icon='\ue8f1' data-av_iconfont='entypo-fontello' title='' data-avia-related-tooltip='Compartir en Twitter' rel=\"noopener\"><span class='avia_hidden_link_text'>Compartir en Twitter<\/span><\/a><\/li><li class='av-share-link av-social-link-whatsapp' ><a target=\"_blank\" aria-label=\"Compartir en Whatsapp\" href='https:\/\/api.whatsapp.com\/send?text=https:\/\/radiorevelacionfm.cl\/?p=8140' aria-hidden='false' data-av_icon='\uf232' data-av_iconfont='entypo-fontello' title='' data-avia-related-tooltip='Compartir en Whatsapp' rel=\"noopener\"><span class='avia_hidden_link_text'>Compartir en Whatsapp<\/span><\/a><\/li><li class='av-share-link av-social-link-linkedin' ><a target=\"_blank\" aria-label=\"Compartir en LinkedIn\" href='https:\/\/linkedin.com\/shareArticle?mini=true&#038;title=Autoridades%20del%20Ministerio%20de%20la%20Mujer%20y%20SernamEG%20valoran%20condena%20a%20violador%20y%20femicida&#038;url=https:\/\/radiorevelacionfm.cl\/?p=8140' aria-hidden='false' data-av_icon='\ue8fc' data-av_iconfont='entypo-fontello' title='' data-avia-related-tooltip='Compartir en LinkedIn' rel=\"noopener\"><span class='avia_hidden_link_text'>Compartir en LinkedIn<\/span><\/a><\/li><li class='av-share-link av-social-link-mail' ><a  aria-label=\"Compartir por correo\" href='mailto:?subject=Autoridades%20del%20Ministerio%20de%20la%20Mujer%20y%20SernamEG%20valoran%20condena%20a%20violador%20y%20femicida&#038;body=https:\/\/radiorevelacionfm.cl\/?p=8140' aria-hidden='false' data-av_icon='\ue805' data-av_iconfont='entypo-fontello' title='' data-avia-related-tooltip='Compartir por correo'><span class='avia_hidden_link_text'>Compartir por correo<\/span><\/a><\/li><\/ul><\/div><\/div>\n<div  style='height:50px' class='hr hr-invisible   avia-builder-el-8  el_after_av_social_share  el_before_av_comments_list '><span class='hr-inner ' ><span class='hr-inner-style'><\/span><\/span><\/div>\n<div  class='av-buildercomment  av-blog-meta-html-info-disabled av-blog-meta-tag-disabled  '><\/div>\n","protected":false},"excerpt":{"rendered":"","protected":false},"author":1,"featured_media":8141,"comment_status":"open","ping_status":"open","sticky":false,"template":"","format":"standard","meta":{"footnotes":""},"categories":[38],"tags":[],"class_list":["post-8140","post","type-post","status-publish","format-standard","has-post-thumbnail","hentry","category-regional"],"jetpack_featured_media_url":"https:\/\/radiorevelacionfm.cl\/wp-content\/uploads\/2021\/08\/Condena-FC-Coyhaique-1-1.jpg","_links":{"self":[{"href":"https:\/\/radiorevelacionfm.cl\/index.php?rest_route=\/wp\/v2\/posts\/8140","targetHints":{"allow":["GET"]}}],"collection":[{"href":"https:\/\/radiorevelacionfm.cl\/index.php?rest_route=\/wp\/v2\/posts"}],"about":[{"href":"https:\/\/radiorevelacionfm.cl\/index.php?rest_route=\/wp\/v2\/types\/post"}],"author":[{"embeddable":true,"href":"https:\/\/radiorevelacionfm.cl\/index.php?rest_route=\/wp\/v2\/users\/1"}],"replies":[{"embeddable":true,"href":"https:\/\/radiorevelacionfm.cl\/index.php?rest_route=%2Fwp%2Fv2%2Fcomments&post=8140"}],"version-history":[{"count":1,"href":"https:\/\/radiorevelacionfm.cl\/index.php?rest_route=\/wp\/v2\/posts\/8140\/revisions"}],"predecessor-version":[{"id":8142,"href":"https:\/\/radiorevelacionfm.cl\/index.php?rest_route=\/wp\/v2\/posts\/8140\/revisions\/8142"}],"wp:featuredmedia":[{"embeddable":true,"href":"https:\/\/radiorevelacionfm.cl\/index.php?rest_route=\/wp\/v2\/media\/8141"}],"wp:attachment":[{"href":"https:\/\/radiorevelacionfm.cl\/index.php?rest_route=%2Fwp%2Fv2%2Fmedia&parent=8140"}],"wp:term":[{"taxonomy":"category","embeddable":true,"href":"https:\/\/radiorevelacionfm.cl\/index.php?rest_route=%2Fwp%2Fv2%2Fcategories&post=8140"},{"taxonomy":"post_tag","embeddable":true,"href":"https:\/\/radiorevelacionfm.cl\/index.php?rest_route=%2Fwp%2Fv2%2Ftags&post=8140"}],"curies":[{"name":"wp","href":"https:\/\/api.w.org\/{rel}","templated":true}]}}