{"id":8137,"date":"2021-09-01T10:20:04","date_gmt":"2021-09-01T13:20:04","guid":{"rendered":"https:\/\/radiorevelacionfm.cl\/?p=8137"},"modified":"2021-09-01T10:34:37","modified_gmt":"2021-09-01T13:34:37","slug":"estudiantes-de-turismo-de-aysen-exploran-el-microbosque-como-alternativa-turistica-sustentable-en-la-region","status":"publish","type":"post","link":"https:\/\/radiorevelacionfm.cl\/?p=8137","title":{"rendered":"Estudiantes de Turismo de Ays\u00e9n exploran el microbosque como alternativa tur\u00edstica sustentable en la regi\u00f3n"},"content":{"rendered":"<div class=\"flex_column av_one_full  flex_column_div av-zero-column-padding first  avia-builder-el-0  el_before_av_one_full  avia-builder-el-first  \" style='border-radius:0px; '><div  class='avia-image-container  av-styling-    avia-builder-el-1  avia-builder-el-no-sibling  avia-align-center '  itemprop=\"image\" itemscope=\"itemscope\" itemtype=\"https:\/\/schema.org\/ImageObject\"  ><div class='avia-image-container-inner'><div class='avia-image-overlay-wrap'><img decoding=\"async\" class='wp-image-8159 avia-img-lazy-loading-not-8159 avia_image' src=\"https:\/\/radiorevelacionfm.cl\/wp-content\/uploads\/2021\/09\/curso-de-formacion-inicial-en-ecoturismo-con-lupa-para-universitarios-de-aysen7-2_optimized2.jpg\" alt='' title='curso-de-formaci\u00f3n-inicial-en-ecoturismo-con-lupa-para-universitarios-de-ays\u00e9n7-(2)_optimized2' height=\"600\" width=\"955\"  itemprop=\"thumbnailUrl\" srcset=\"https:\/\/radiorevelacionfm.cl\/wp-content\/uploads\/2021\/09\/curso-de-formacion-inicial-en-ecoturismo-con-lupa-para-universitarios-de-aysen7-2_optimized2.jpg 955w, https:\/\/radiorevelacionfm.cl\/wp-content\/uploads\/2021\/09\/curso-de-formacion-inicial-en-ecoturismo-con-lupa-para-universitarios-de-aysen7-2_optimized2-300x188.jpg 300w, https:\/\/radiorevelacionfm.cl\/wp-content\/uploads\/2021\/09\/curso-de-formacion-inicial-en-ecoturismo-con-lupa-para-universitarios-de-aysen7-2_optimized2-768x483.jpg 768w, https:\/\/radiorevelacionfm.cl\/wp-content\/uploads\/2021\/09\/curso-de-formacion-inicial-en-ecoturismo-con-lupa-para-universitarios-de-aysen7-2_optimized2-705x443.jpg 705w, https:\/\/radiorevelacionfm.cl\/wp-content\/uploads\/2021\/09\/curso-de-formacion-inicial-en-ecoturismo-con-lupa-para-universitarios-de-aysen7-2_optimized2-600x377.jpg 600w\" sizes=\"(max-width: 955px) 100vw, 955px\" \/><\/div><\/div><\/div><\/div><div class=\"flex_column av_one_full  flex_column_div av-zero-column-padding first  avia-builder-el-2  el_after_av_one_full  el_before_av_one_full  column-top-margin\" style='border-radius:0px; '><section class=\"av_textblock_section \"  itemscope=\"itemscope\" itemtype=\"https:\/\/schema.org\/BlogPosting\" itemprop=\"blogPost\" ><div class='avia_textblock  '   itemprop=\"text\" ><p style=\"text-align: center;\"><span style=\"font-size: 18pt;\"><strong>Estudiantes de Turismo de Ays\u00e9n exploran el microbosque como alternativa tur\u00edstica sustentable en la regi\u00f3n<\/strong><\/span><\/p>\n<div id=\"gtx-trans\" style=\"position: absolute; left: -50px; top: 4.31534px;\">\n<div class=\"gtx-trans-icon\"><\/div>\n<\/div>\n<\/div><\/section><\/div><\/p>\n<div class=\"flex_column av_one_full  flex_column_div av-zero-column-padding first  avia-builder-el-4  el_after_av_one_full  el_before_av_hr  column-top-margin\" style='border-radius:0px; '><section class=\"av_textblock_section \"  itemscope=\"itemscope\" itemtype=\"https:\/\/schema.org\/BlogPosting\" itemprop=\"blogPost\" ><div class='avia_textblock  '   itemprop=\"text\" ><p style=\"text-align: justify;\">En los bosques de Ays\u00e9n coexisten peque\u00f1os organismos que conforman el microbosque. Estos fueron observados por estudiantes de la regi\u00f3n pertenecientes a carreras asociadas al turismo, como parte del Curso de Formaci\u00f3n Inicial en Ecoturismo con Lupa, una iniciativa del Proyecto Ecoturismo con Lupa en \u00c1reas Silvestres Protegidas de Ays\u00e9n, financiado por el Fondo de Innovaci\u00f3n para la Competitividad del Gobierno Regional de Ays\u00e9n y ejecutado por el Campus Patagonia de la Universidad Austral de Chile.<\/p>\n<p style=\"text-align: justify;\">La Reserva Nacional R\u00edo Simpson y Monumento Natural Dos Lagunas fueron los lugares escogidos para realizar la parte pr\u00e1ctica del curso que busca relevar el conocimiento, exploraci\u00f3n y conservaci\u00f3n del microbosque, adem\u00e1s de entregar herramientas que permitan dise\u00f1ar un producto tur\u00edstico asociado a esta tem\u00e1tica, buscando as\u00ed diversificar la oferta de turismo de intereses especiales en la Regi\u00f3n de Ays\u00e9n.<\/p>\n<p style=\"text-align: justify;\"><strong>Microbosques de la regi\u00f3n de Ays\u00e9n<\/strong><\/p>\n<p style=\"text-align: justify;\">Sobre troncos de \u00e1rboles, coberturas del suelo o debajo de las piedras de un arroyo, cohabitan organismos como bri\u00f3fitas (musgos, hep\u00e1ticas y antocerotes), l\u00edquenes (simbiosis de un hongo con un alga) y macroinvertebrados de agua dulce, que juntos conforman los microbosques o bosques en miniatura, met\u00e1fora acu\u00f1ada por el Dr. Ricardo Rozzi, fil\u00f3sofo y bi\u00f3logo chileno, que busca reconocer, conservar y valorar estos organismos peque\u00f1os.<\/p>\n<p style=\"text-align: justify;\">Biolog\u00eda y diversidad de bri\u00f3fitos, l\u00edquenes y macroinvertebrados de agua dulce; ecoturismo y \u00e9tica ambiental, y marketing para el ecoturismo fueron los temas abordados en el curso de Formaci\u00f3n Inicial durante 2020 en modalidad online. Con la reapertura de las \u00c1reas Silvestres Protegidas de Ays\u00e9n y la flexibilizaci\u00f3n a las restricciones de movimiento, las y los estudiantes pudieron llevar a la pr\u00e1ctica lo aprendido y vivir la experiencia del Ecoturismo con lupa.<\/p>\n<p style=\"text-align: justify;\"><strong>Volver a los parques a trav\u00e9s de nuevas formas de turismo<\/strong><\/p>\n<p style=\"text-align: justify;\">Respecto al curso, Valeria Pizarro Rodr\u00edguez, estudiante de T\u00e9cnico Universitario en Turismo de Naturaleza del Campus Patagonia UACh coment\u00f3: \u201cRetomar la parte pr\u00e1ctica fue un desaf\u00edo ya que lo te\u00f3rico se realiz\u00f3 el a\u00f1o pasado. Al regresar a los parques se abre un campo a un nuevo turismo, apto para todo p\u00fablico, y ver un nuevo campo laboral no explotado para los gu\u00edas de turismo de la regi\u00f3n\u201d.<\/p>\n<p style=\"text-align: justify;\">Desde el proyecto Bosque con Lupa, su directora Viviana Pizarro concluye: \u201cEs destacable el alto inter\u00e9s presentado por estudiantes de carreras afines al turismo, por entregar nuevas opciones de experiencias tur\u00edsticas a los visitantes de la regi\u00f3n basadas en una forma distinta de hacer turismo, que respete y ponga en valor a todos quienes cohabitamos este territorio. Descubrir y explorar los microbosques de Ays\u00e9n y conocer su diversidad y belleza son una tremenda oportunidad para atraer visitantes a la regi\u00f3n, m\u00e1s en contexto de pandemia\u201d.<\/p>\n<\/div><\/section><\/div>\n<div  style='height:50px' class='hr hr-invisible   avia-builder-el-6  el_after_av_one_full  el_before_av_social_share '><span class='hr-inner ' ><span class='hr-inner-style'><\/span><\/span><\/div>\n<div  class='av-social-sharing-box  avia-builder-el-7  el_after_av_hr  el_before_av_hr  '><div class='av-share-box'><h5 class='av-share-link-description av-no-toc '>Compartir esta noticia<\/h5><ul class='av-share-box-list noLightbox'><li class='av-share-link av-social-link-facebook' ><a target=\"_blank\" aria-label=\"Compartir en Facebook\" href='https:\/\/www.facebook.com\/sharer.php?u=https:\/\/radiorevelacionfm.cl\/?p=8137&#038;t=Estudiantes%20de%20Turismo%20de%20Ays%C3%A9n%20exploran%20el%20microbosque%20como%20alternativa%20tur%C3%ADstica%20sustentable%20en%20la%20regi%C3%B3n' aria-hidden='false' data-av_icon='\ue8f3' data-av_iconfont='entypo-fontello' title='' data-avia-related-tooltip='Compartir en Facebook' rel=\"noopener\"><span class='avia_hidden_link_text'>Compartir en Facebook<\/span><\/a><\/li><li class='av-share-link av-social-link-twitter' ><a target=\"_blank\" aria-label=\"Compartir en Twitter\" href='https:\/\/twitter.com\/share?text=Estudiantes%20de%20Turismo%20de%20Ays%C3%A9n%20exploran%20el%20microbosque%20como%20alternativa%20tur%C3%ADstica%20sustentable%20en%20la%20regi%C3%B3n&#038;url=https:\/\/radiorevelacionfm.cl\/?p=8137' aria-hidden='false' data-av_icon='\ue8f1' data-av_iconfont='entypo-fontello' title='' data-avia-related-tooltip='Compartir en Twitter' rel=\"noopener\"><span class='avia_hidden_link_text'>Compartir en Twitter<\/span><\/a><\/li><li class='av-share-link av-social-link-whatsapp' ><a target=\"_blank\" aria-label=\"Compartir en Whatsapp\" href='https:\/\/api.whatsapp.com\/send?text=https:\/\/radiorevelacionfm.cl\/?p=8137' aria-hidden='false' data-av_icon='\uf232' data-av_iconfont='entypo-fontello' title='' data-avia-related-tooltip='Compartir en Whatsapp' rel=\"noopener\"><span class='avia_hidden_link_text'>Compartir en Whatsapp<\/span><\/a><\/li><li class='av-share-link av-social-link-linkedin' ><a target=\"_blank\" aria-label=\"Compartir en LinkedIn\" href='https:\/\/linkedin.com\/shareArticle?mini=true&#038;title=Estudiantes%20de%20Turismo%20de%20Ays%C3%A9n%20exploran%20el%20microbosque%20como%20alternativa%20tur%C3%ADstica%20sustentable%20en%20la%20regi%C3%B3n&#038;url=https:\/\/radiorevelacionfm.cl\/?p=8137' aria-hidden='false' data-av_icon='\ue8fc' data-av_iconfont='entypo-fontello' title='' data-avia-related-tooltip='Compartir en LinkedIn' rel=\"noopener\"><span class='avia_hidden_link_text'>Compartir en LinkedIn<\/span><\/a><\/li><li class='av-share-link av-social-link-mail' ><a  aria-label=\"Compartir por correo\" href='mailto:?subject=Estudiantes%20de%20Turismo%20de%20Ays%C3%A9n%20exploran%20el%20microbosque%20como%20alternativa%20tur%C3%ADstica%20sustentable%20en%20la%20regi%C3%B3n&#038;body=https:\/\/radiorevelacionfm.cl\/?p=8137' aria-hidden='false' data-av_icon='\ue805' data-av_iconfont='entypo-fontello' title='' data-avia-related-tooltip='Compartir por correo'><span class='avia_hidden_link_text'>Compartir por correo<\/span><\/a><\/li><\/ul><\/div><\/div>\n<div  style='height:50px' class='hr hr-invisible   avia-builder-el-8  el_after_av_social_share  el_before_av_comments_list '><span class='hr-inner ' ><span class='hr-inner-style'><\/span><\/span><\/div>\n<div  class='av-buildercomment  av-blog-meta-html-info-disabled av-blog-meta-tag-disabled  '><\/div>\n","protected":false},"excerpt":{"rendered":"","protected":false},"author":1,"featured_media":8159,"comment_status":"open","ping_status":"open","sticky":false,"template":"","format":"standard","meta":{"footnotes":""},"categories":[49,54],"tags":[],"class_list":["post-8137","post","type-post","status-publish","format-standard","has-post-thumbnail","hentry","category-educacion","category-turismo"],"jetpack_featured_media_url":"https:\/\/radiorevelacionfm.cl\/wp-content\/uploads\/2021\/09\/curso-de-formacion-inicial-en-ecoturismo-con-lupa-para-universitarios-de-aysen7-2_optimized2.jpg","_links":{"self":[{"href":"https:\/\/radiorevelacionfm.cl\/index.php?rest_route=\/wp\/v2\/posts\/8137","targetHints":{"allow":["GET"]}}],"collection":[{"href":"https:\/\/radiorevelacionfm.cl\/index.php?rest_route=\/wp\/v2\/posts"}],"about":[{"href":"https:\/\/radiorevelacionfm.cl\/index.php?rest_route=\/wp\/v2\/types\/post"}],"author":[{"embeddable":true,"href":"https:\/\/radiorevelacionfm.cl\/index.php?rest_route=\/wp\/v2\/users\/1"}],"replies":[{"embeddable":true,"href":"https:\/\/radiorevelacionfm.cl\/index.php?rest_route=%2Fwp%2Fv2%2Fcomments&post=8137"}],"version-history":[{"count":2,"href":"https:\/\/radiorevelacionfm.cl\/index.php?rest_route=\/wp\/v2\/posts\/8137\/revisions"}],"predecessor-version":[{"id":8160,"href":"https:\/\/radiorevelacionfm.cl\/index.php?rest_route=\/wp\/v2\/posts\/8137\/revisions\/8160"}],"wp:featuredmedia":[{"embeddable":true,"href":"https:\/\/radiorevelacionfm.cl\/index.php?rest_route=\/wp\/v2\/media\/8159"}],"wp:attachment":[{"href":"https:\/\/radiorevelacionfm.cl\/index.php?rest_route=%2Fwp%2Fv2%2Fmedia&parent=8137"}],"wp:term":[{"taxonomy":"category","embeddable":true,"href":"https:\/\/radiorevelacionfm.cl\/index.php?rest_route=%2Fwp%2Fv2%2Fcategories&post=8137"},{"taxonomy":"post_tag","embeddable":true,"href":"https:\/\/radiorevelacionfm.cl\/index.php?rest_route=%2Fwp%2Fv2%2Ftags&post=8137"}],"curies":[{"name":"wp","href":"https:\/\/api.w.org\/{rel}","templated":true}]}}