{"id":8131,"date":"2021-08-31T20:06:50","date_gmt":"2021-08-31T23:06:50","guid":{"rendered":"https:\/\/radiorevelacionfm.cl\/?p=8131"},"modified":"2021-08-31T20:06:50","modified_gmt":"2021-08-31T23:06:50","slug":"candidata-a-diputada-se-reune-con-postulantes-al-core-del-pr-y-pro","status":"publish","type":"post","link":"https:\/\/radiorevelacionfm.cl\/?p=8131","title":{"rendered":"Candidata a Diputada se re\u00fane con postulantes al Core del PR y PRO"},"content":{"rendered":"<div class=\"flex_column av_one_full  flex_column_div av-zero-column-padding first  avia-builder-el-0  el_before_av_one_full  avia-builder-el-first  \" style='border-radius:0px; '><div  class='avia-image-container  av-styling-    avia-builder-el-1  avia-builder-el-no-sibling  avia-align-center '  itemprop=\"image\" itemscope=\"itemscope\" itemtype=\"https:\/\/schema.org\/ImageObject\"  ><div class='avia-image-container-inner'><div class='avia-image-overlay-wrap'><img decoding=\"async\" class='wp-image-8132 avia-img-lazy-loading-not-8132 avia_image' src=\"https:\/\/radiorevelacionfm.cl\/wp-content\/uploads\/2021\/08\/lanzamiento-de-campana-region-de-aysen-pr-2021-0-1_optimized.jpg\" alt='' title='lanzamiento-de-campa\u00f1a-regi\u00f3n-de-ays\u00e9n-pr-2021-0-(1)_optimized' height=\"600\" width=\"900\"  itemprop=\"thumbnailUrl\" srcset=\"https:\/\/radiorevelacionfm.cl\/wp-content\/uploads\/2021\/08\/lanzamiento-de-campana-region-de-aysen-pr-2021-0-1_optimized.jpg 900w, https:\/\/radiorevelacionfm.cl\/wp-content\/uploads\/2021\/08\/lanzamiento-de-campana-region-de-aysen-pr-2021-0-1_optimized-300x200.jpg 300w, https:\/\/radiorevelacionfm.cl\/wp-content\/uploads\/2021\/08\/lanzamiento-de-campana-region-de-aysen-pr-2021-0-1_optimized-768x512.jpg 768w, https:\/\/radiorevelacionfm.cl\/wp-content\/uploads\/2021\/08\/lanzamiento-de-campana-region-de-aysen-pr-2021-0-1_optimized-705x470.jpg 705w, https:\/\/radiorevelacionfm.cl\/wp-content\/uploads\/2021\/08\/lanzamiento-de-campana-region-de-aysen-pr-2021-0-1_optimized-600x400.jpg 600w\" sizes=\"(max-width: 900px) 100vw, 900px\" \/><\/div><\/div><\/div><\/div><div class=\"flex_column av_one_full  flex_column_div av-zero-column-padding first  avia-builder-el-2  el_after_av_one_full  el_before_av_one_full  column-top-margin\" style='border-radius:0px; '><section class=\"av_textblock_section \"  itemscope=\"itemscope\" itemtype=\"https:\/\/schema.org\/BlogPosting\" itemprop=\"blogPost\" ><div class='avia_textblock  '   itemprop=\"text\" ><p style=\"text-align: center;\"><span style=\"font-size: 18pt;\"><strong>Candidata a Diputada se re\u00fane con postulantes al Core del PR y PRO<\/strong><\/span><\/p>\n<div id=\"gtx-trans\" style=\"position: absolute; left: -50px; top: 4.31534px;\">\n<div class=\"gtx-trans-icon\"><\/div>\n<\/div>\n<\/div><\/section><\/div><div class=\"flex_column av_one_full  flex_column_div av-zero-column-padding first  avia-builder-el-4  el_after_av_one_full  el_before_av_hr  column-top-margin\" style='border-radius:0px; '><section class=\"av_textblock_section \"  itemscope=\"itemscope\" itemtype=\"https:\/\/schema.org\/BlogPosting\" itemprop=\"blogPost\" ><div class='avia_textblock  '   itemprop=\"text\" ><p style=\"text-align: justify;\">La militante y dirigenta radical, Isabel Bero\u00edza, los dirigentes sindicales y de trabajadores Julio L\u00f3pez (ex Anef),\u00a0 Carolina Gatica dirigenta de los honorarios de la Municipalidad de Coyhaique, Elena \u00c1lvarez del PRO y dirigenta social, adem\u00e1s de V\u00edctor Soto, independiente y representante regional de los adultos mayores ser\u00e1n las cartas que el Partido Radical (PR) ha inscrito para llegar con al menos un o una representante al Consejo Regional de Ays\u00e9n. Los destacados y reconocidos nombres de los y las postulantes se reunieron para sumarse a la carta parlamentaria, Karina Acevedo, en el despliegue que se realizar\u00e1 en la Provincia de Ays\u00e9n de aqu\u00ed a las elecciones de noviembre.<\/p>\n<p style=\"text-align: justify;\">Karina Acevedo, candidata a diputada por el distrito N\u00b027 de Ays\u00e9n, se reuni\u00f3 con los y las candidatas a consejeros regionales con el objetivo de abordar una futura jornada de trabajo conjunta que permita abordar los desaf\u00edos regionales, los futuros procesos eleccionarios y despliegues territoriales. \u201cEste es un d\u00eda muy especial junto a dirigentes de mi Partido &#8211; Radical \u2013 y los candidatos a consejeros regionales, una postulaci\u00f3n que re\u00fane independientes, militantes, mayoritariamente mujeres y dirigentes de diferentes \u00e1mbitos. Esta es una apuesta, un desaf\u00edo fraterno de poder entregar a la ciudadan\u00eda lo que nos ha pedido, queremos colaborar con el desarrollo y progreso de cada uno de los territorios de la Regi\u00f3n de Ays\u00e9n\u201d, dijo la postulante a la C\u00e1mara a Diputados.<\/p>\n<p style=\"text-align: justify;\">Por su parte, junto a la secretaria regional, Marina Peralta, estaba el presidente Regional del PR, Guillermo Mart\u00ednez, quien expres\u00f3 su satisfacci\u00f3n al poder dar una se\u00f1al clara de unidad y el inicio a un proceso electoral en la provincia de Coyhaique de los y las candidatas a consejeras regionales y la candidata a diputada, Karina Acevedo. \u201cHemos tratado de generar un rico abanico de distintos sectores y corrientes que puedan representar a la mayor parte de la ciudadan\u00eda, desde adultos mayores a dirigentes sociales y sindicales. Nuestro objetivo es cautivar a la ciudadan\u00eda y demostrar el compromiso y la coherencia con la demandas de nuestras comunidades\u201d, dijo el dirigente del PR regional.<\/p>\n<p style=\"text-align: justify;\">Cabe destacar que entre los nombres que postulan al consejo regional y que se re\u00fanen en torno a la candidatura a diputada del Partido Radical, Karina Acevedo Auad, destacan mujeres, independientes que han desarrollado gran parte de su vida p\u00fablica como dirigentes hist\u00f3ricos de los movimientos sindicales, actuales lideresas de agrupaciones de\u00a0 trabajadores, representantes e integrantes de movimientos feministas y pol\u00edticos, adem\u00e1s de dirigentes sociales identificados con las demandas de las personas mayores y de desarrollo de las comunidades.<\/p>\n<\/div><\/section><\/div><div  style='height:50px' class='hr hr-invisible   avia-builder-el-6  el_after_av_one_full  el_before_av_social_share '><span class='hr-inner ' ><span class='hr-inner-style'><\/span><\/span><\/div><\/p>\n<div  class='av-social-sharing-box  avia-builder-el-7  el_after_av_hr  el_before_av_hr  '><div class='av-share-box'><h5 class='av-share-link-description av-no-toc '>Compartir esta noticia<\/h5><ul class='av-share-box-list noLightbox'><li class='av-share-link av-social-link-facebook' ><a target=\"_blank\" aria-label=\"Compartir en Facebook\" href='https:\/\/www.facebook.com\/sharer.php?u=https:\/\/radiorevelacionfm.cl\/?p=8131&#038;t=Candidata%20a%20Diputada%20se%20re%C3%BAne%20con%20postulantes%20al%20Core%20del%20PR%20y%20PRO' aria-hidden='false' data-av_icon='\ue8f3' data-av_iconfont='entypo-fontello' title='' data-avia-related-tooltip='Compartir en Facebook' rel=\"noopener\"><span class='avia_hidden_link_text'>Compartir en Facebook<\/span><\/a><\/li><li class='av-share-link av-social-link-twitter' ><a target=\"_blank\" aria-label=\"Compartir en Twitter\" href='https:\/\/twitter.com\/share?text=Candidata%20a%20Diputada%20se%20re%C3%BAne%20con%20postulantes%20al%20Core%20del%20PR%20y%20PRO&#038;url=https:\/\/radiorevelacionfm.cl\/?p=8131' aria-hidden='false' data-av_icon='\ue8f1' data-av_iconfont='entypo-fontello' title='' data-avia-related-tooltip='Compartir en Twitter' rel=\"noopener\"><span class='avia_hidden_link_text'>Compartir en Twitter<\/span><\/a><\/li><li class='av-share-link av-social-link-whatsapp' ><a target=\"_blank\" aria-label=\"Compartir en Whatsapp\" href='https:\/\/api.whatsapp.com\/send?text=https:\/\/radiorevelacionfm.cl\/?p=8131' aria-hidden='false' data-av_icon='\uf232' data-av_iconfont='entypo-fontello' title='' data-avia-related-tooltip='Compartir en Whatsapp' rel=\"noopener\"><span class='avia_hidden_link_text'>Compartir en Whatsapp<\/span><\/a><\/li><li class='av-share-link av-social-link-linkedin' ><a target=\"_blank\" aria-label=\"Compartir en LinkedIn\" href='https:\/\/linkedin.com\/shareArticle?mini=true&#038;title=Candidata%20a%20Diputada%20se%20re%C3%BAne%20con%20postulantes%20al%20Core%20del%20PR%20y%20PRO&#038;url=https:\/\/radiorevelacionfm.cl\/?p=8131' aria-hidden='false' data-av_icon='\ue8fc' data-av_iconfont='entypo-fontello' title='' data-avia-related-tooltip='Compartir en LinkedIn' rel=\"noopener\"><span class='avia_hidden_link_text'>Compartir en LinkedIn<\/span><\/a><\/li><li class='av-share-link av-social-link-mail' ><a  aria-label=\"Compartir por correo\" href='mailto:?subject=Candidata%20a%20Diputada%20se%20re%C3%BAne%20con%20postulantes%20al%20Core%20del%20PR%20y%20PRO&#038;body=https:\/\/radiorevelacionfm.cl\/?p=8131' aria-hidden='false' data-av_icon='\ue805' data-av_iconfont='entypo-fontello' title='' data-avia-related-tooltip='Compartir por correo'><span class='avia_hidden_link_text'>Compartir por correo<\/span><\/a><\/li><\/ul><\/div><\/div>\n<div  style='height:50px' class='hr hr-invisible   avia-builder-el-8  el_after_av_social_share  el_before_av_comments_list '><span class='hr-inner ' ><span class='hr-inner-style'><\/span><\/span><\/div>\n<div  class='av-buildercomment  av-blog-meta-html-info-disabled av-blog-meta-tag-disabled  '><\/div>\n","protected":false},"excerpt":{"rendered":"","protected":false},"author":1,"featured_media":8132,"comment_status":"open","ping_status":"open","sticky":false,"template":"","format":"standard","meta":{"footnotes":""},"categories":[35],"tags":[],"class_list":["post-8131","post","type-post","status-publish","format-standard","has-post-thumbnail","hentry","category-politica"],"jetpack_featured_media_url":"https:\/\/radiorevelacionfm.cl\/wp-content\/uploads\/2021\/08\/lanzamiento-de-campana-region-de-aysen-pr-2021-0-1_optimized.jpg","_links":{"self":[{"href":"https:\/\/radiorevelacionfm.cl\/index.php?rest_route=\/wp\/v2\/posts\/8131","targetHints":{"allow":["GET"]}}],"collection":[{"href":"https:\/\/radiorevelacionfm.cl\/index.php?rest_route=\/wp\/v2\/posts"}],"about":[{"href":"https:\/\/radiorevelacionfm.cl\/index.php?rest_route=\/wp\/v2\/types\/post"}],"author":[{"embeddable":true,"href":"https:\/\/radiorevelacionfm.cl\/index.php?rest_route=\/wp\/v2\/users\/1"}],"replies":[{"embeddable":true,"href":"https:\/\/radiorevelacionfm.cl\/index.php?rest_route=%2Fwp%2Fv2%2Fcomments&post=8131"}],"version-history":[{"count":1,"href":"https:\/\/radiorevelacionfm.cl\/index.php?rest_route=\/wp\/v2\/posts\/8131\/revisions"}],"predecessor-version":[{"id":8133,"href":"https:\/\/radiorevelacionfm.cl\/index.php?rest_route=\/wp\/v2\/posts\/8131\/revisions\/8133"}],"wp:featuredmedia":[{"embeddable":true,"href":"https:\/\/radiorevelacionfm.cl\/index.php?rest_route=\/wp\/v2\/media\/8132"}],"wp:attachment":[{"href":"https:\/\/radiorevelacionfm.cl\/index.php?rest_route=%2Fwp%2Fv2%2Fmedia&parent=8131"}],"wp:term":[{"taxonomy":"category","embeddable":true,"href":"https:\/\/radiorevelacionfm.cl\/index.php?rest_route=%2Fwp%2Fv2%2Fcategories&post=8131"},{"taxonomy":"post_tag","embeddable":true,"href":"https:\/\/radiorevelacionfm.cl\/index.php?rest_route=%2Fwp%2Fv2%2Ftags&post=8131"}],"curies":[{"name":"wp","href":"https:\/\/api.w.org\/{rel}","templated":true}]}}