{"id":8129,"date":"2021-08-31T17:55:57","date_gmt":"2021-08-31T20:55:57","guid":{"rendered":"https:\/\/radiorevelacionfm.cl\/?p=8129"},"modified":"2021-08-31T17:55:57","modified_gmt":"2021-08-31T20:55:57","slug":"diputado-calisto-manifesto-su-apoyo-al-proyecto-el-cuarto-retiro-es-absolutamente-compatible-con-el-ife","status":"publish","type":"post","link":"https:\/\/radiorevelacionfm.cl\/?p=8129","title":{"rendered":"Diputado Calisto manifest\u00f3 su apoyo al proyecto: \u201cEl cuarto retiro es absolutamente compatible con el IFE\u201d"},"content":{"rendered":"<div class=\"flex_column av_one_full  flex_column_div av-zero-column-padding first  avia-builder-el-0  el_before_av_one_full  avia-builder-el-first  \" style='border-radius:0px; '><div  class='avia-image-container  av-styling-    avia-builder-el-1  avia-builder-el-no-sibling  avia-align-center '  itemprop=\"image\" itemscope=\"itemscope\" itemtype=\"https:\/\/schema.org\/ImageObject\"  ><div class='avia-image-container-inner'><div class='avia-image-overlay-wrap'><img decoding=\"async\" class='wp-image-3867 avia-img-lazy-loading-not-3867 avia_image' src=\"https:\/\/radiorevelacionfm.cl\/wp-content\/uploads\/2021\/05\/Calisto31.jpg\" alt='' title='Calisto(3)1' height=\"600\" width=\"899\"  itemprop=\"thumbnailUrl\" srcset=\"https:\/\/radiorevelacionfm.cl\/wp-content\/uploads\/2021\/05\/Calisto31.jpg 899w, https:\/\/radiorevelacionfm.cl\/wp-content\/uploads\/2021\/05\/Calisto31-300x200.jpg 300w, https:\/\/radiorevelacionfm.cl\/wp-content\/uploads\/2021\/05\/Calisto31-768x513.jpg 768w, https:\/\/radiorevelacionfm.cl\/wp-content\/uploads\/2021\/05\/Calisto31-705x471.jpg 705w, https:\/\/radiorevelacionfm.cl\/wp-content\/uploads\/2021\/05\/Calisto31-600x400.jpg 600w\" sizes=\"(max-width: 899px) 100vw, 899px\" \/><\/div><\/div><\/div><\/div><div class=\"flex_column av_one_full  flex_column_div av-zero-column-padding first  avia-builder-el-2  el_after_av_one_full  el_before_av_one_full  column-top-margin\" style='border-radius:0px; '><section class=\"av_textblock_section \"  itemscope=\"itemscope\" itemtype=\"https:\/\/schema.org\/BlogPosting\" itemprop=\"blogPost\" ><div class='avia_textblock  '   itemprop=\"text\" ><p style=\"text-align: center;\"><strong><span style=\"font-size: 18pt;\">Diputado Calisto manifest\u00f3 su apoyo al proyecto: \u201cEl cuarto retiro es absolutamente compatible con el IFE\u201d<\/span><\/strong><\/p>\n<div id=\"gtx-trans\" style=\"position: absolute; left: -50px; top: 4.31534px;\">\n<div class=\"gtx-trans-icon\"><\/div>\n<\/div>\n<\/div><\/section><\/div><div class=\"flex_column av_one_full  flex_column_div av-zero-column-padding first  avia-builder-el-4  el_after_av_one_full  el_before_av_hr  column-top-margin\" style='border-radius:0px; '><section class=\"av_textblock_section \"  itemscope=\"itemscope\" itemtype=\"https:\/\/schema.org\/BlogPosting\" itemprop=\"blogPost\" ><div class='avia_textblock  '   itemprop=\"text\" ><p style=\"font-weight: 400; text-align: justify;\">Cuando s\u00f3lo faltan algunas horas para que se vote en la comisi\u00f3n de Constituci\u00f3n de la C\u00e1mara de Diputados el proyecto que permite el cuarto retiro de un 10% de los fondos de pensiones, el diputado Miguel \u00c1ngel Calisto, quien deber\u00e1 reemplazar en esa instancia legislativa a su par Mat\u00edas Walker, se manifest\u00f3 proclive a aprobar la iniciativa.<\/p>\n<p style=\"font-weight: 400; text-align: justify;\">Seg\u00fan el legislador, \u201cel mismo Gobierno ha se\u00f1alado que estamos en tiempos extraordinarios, y cuando estamos en tiempos extraordinarios, las soluciones deben ser excepcionales, por eso abordamos desde el Congreso Nacional los tres retiros de los fondos de pensiones\u201d.<\/p>\n<p style=\"font-weight: 400; text-align: justify;\">\u201cEl Gobierno no s\u00f3lo lleg\u00f3 tarde con el IFE, sino que tampoco previ\u00f3 las graves consecuencias de esta pandemia, no s\u00f3lo en las familias m\u00e1s pobres, tambi\u00e9n golpeando fuertemente a las micro y peque\u00f1as empresas. Por eso estamos revisando este proyecto de cuarto retiro de los Fondos de Pensiones, que tendr\u00e9 que votar este mi\u00e9rcoles en la Comisi\u00f3n de Constituci\u00f3n\u201d, indic\u00f3.<\/p>\n<p style=\"font-weight: 400; text-align: justify;\">Calisto agreg\u00f3 que \u201cesta iniciativa hay que verla considerando que estamos en tiempos excepcionales, por lo que es absolutamente compatible con el apoyo que se est\u00e1 entregando a trav\u00e9s del Ingreso Familiar de Emergencia. Creo que tenemos que abordar este tema de manera integral. Es importante reactivar la reforma de pensiones que fue aprobada en la C\u00e1mara de Diputados, y que entrega mayor libertad a los cotizantes, para que podamos garantizar una mejor pensi\u00f3n a nuestros adultos mayores\u201d.<\/p>\n<p style=\"font-weight: 400; text-align: justify;\">Finalmente, el legislador se\u00f1al\u00f3 que \u201cel proyecto del cuarto retiro lo evaluaremos en su m\u00e9rito, tomando en cuenta la situaci\u00f3n extraordinaria que vive el pa\u00eds en tiempos de excepci\u00f3n Constitucional. Por eso soy proclive a apoyar esta iniciativa en la votaci\u00f3n que realizaremos en la Comisi\u00f3n de Constituci\u00f3n\u201d.<\/p>\n<\/div><\/section><\/div><div  style='height:50px' class='hr hr-invisible   avia-builder-el-6  el_after_av_one_full  el_before_av_social_share '><span class='hr-inner ' ><span class='hr-inner-style'><\/span><\/span><\/div><\/p>\n<div  class='av-social-sharing-box  avia-builder-el-7  el_after_av_hr  el_before_av_hr  '><div class='av-share-box'><h5 class='av-share-link-description av-no-toc '>Compartir esta noticia<\/h5><ul class='av-share-box-list noLightbox'><li class='av-share-link av-social-link-facebook' ><a target=\"_blank\" aria-label=\"Compartir en Facebook\" href='https:\/\/www.facebook.com\/sharer.php?u=https:\/\/radiorevelacionfm.cl\/?p=8129&#038;t=Diputado%20Calisto%20manifest%C3%B3%20su%20apoyo%20al%20proyecto%3A%20%E2%80%9CEl%20cuarto%20retiro%20es%20absolutamente%20compatible%20con%20el%20IFE%E2%80%9D' aria-hidden='false' data-av_icon='\ue8f3' data-av_iconfont='entypo-fontello' title='' data-avia-related-tooltip='Compartir en Facebook' rel=\"noopener\"><span class='avia_hidden_link_text'>Compartir en Facebook<\/span><\/a><\/li><li class='av-share-link av-social-link-twitter' ><a target=\"_blank\" aria-label=\"Compartir en Twitter\" href='https:\/\/twitter.com\/share?text=Diputado%20Calisto%20manifest%C3%B3%20su%20apoyo%20al%20proyecto%3A%20%E2%80%9CEl%20cuarto%20retiro%20es%20absolutamente%20compatible%20con%20el%20IFE%E2%80%9D&#038;url=https:\/\/radiorevelacionfm.cl\/?p=8129' aria-hidden='false' data-av_icon='\ue8f1' data-av_iconfont='entypo-fontello' title='' data-avia-related-tooltip='Compartir en Twitter' rel=\"noopener\"><span class='avia_hidden_link_text'>Compartir en Twitter<\/span><\/a><\/li><li class='av-share-link av-social-link-whatsapp' ><a target=\"_blank\" aria-label=\"Compartir en Whatsapp\" href='https:\/\/api.whatsapp.com\/send?text=https:\/\/radiorevelacionfm.cl\/?p=8129' aria-hidden='false' data-av_icon='\uf232' data-av_iconfont='entypo-fontello' title='' data-avia-related-tooltip='Compartir en Whatsapp' rel=\"noopener\"><span class='avia_hidden_link_text'>Compartir en Whatsapp<\/span><\/a><\/li><li class='av-share-link av-social-link-linkedin' ><a target=\"_blank\" aria-label=\"Compartir en LinkedIn\" href='https:\/\/linkedin.com\/shareArticle?mini=true&#038;title=Diputado%20Calisto%20manifest%C3%B3%20su%20apoyo%20al%20proyecto%3A%20%E2%80%9CEl%20cuarto%20retiro%20es%20absolutamente%20compatible%20con%20el%20IFE%E2%80%9D&#038;url=https:\/\/radiorevelacionfm.cl\/?p=8129' aria-hidden='false' data-av_icon='\ue8fc' data-av_iconfont='entypo-fontello' title='' data-avia-related-tooltip='Compartir en LinkedIn' rel=\"noopener\"><span class='avia_hidden_link_text'>Compartir en LinkedIn<\/span><\/a><\/li><li class='av-share-link av-social-link-mail' ><a  aria-label=\"Compartir por correo\" href='mailto:?subject=Diputado%20Calisto%20manifest%C3%B3%20su%20apoyo%20al%20proyecto%3A%20%E2%80%9CEl%20cuarto%20retiro%20es%20absolutamente%20compatible%20con%20el%20IFE%E2%80%9D&#038;body=https:\/\/radiorevelacionfm.cl\/?p=8129' aria-hidden='false' data-av_icon='\ue805' data-av_iconfont='entypo-fontello' title='' data-avia-related-tooltip='Compartir por correo'><span class='avia_hidden_link_text'>Compartir por correo<\/span><\/a><\/li><\/ul><\/div><\/div>\n<div  style='height:50px' class='hr hr-invisible   avia-builder-el-8  el_after_av_social_share  el_before_av_comments_list '><span class='hr-inner ' ><span class='hr-inner-style'><\/span><\/span><\/div>\n<div  class='av-buildercomment  av-blog-meta-html-info-disabled av-blog-meta-tag-disabled  '><\/div>\n","protected":false},"excerpt":{"rendered":"","protected":false},"author":1,"featured_media":3867,"comment_status":"open","ping_status":"open","sticky":false,"template":"","format":"standard","meta":{"footnotes":""},"categories":[35],"tags":[],"class_list":["post-8129","post","type-post","status-publish","format-standard","has-post-thumbnail","hentry","category-politica"],"jetpack_featured_media_url":"https:\/\/radiorevelacionfm.cl\/wp-content\/uploads\/2021\/05\/Calisto31.jpg","_links":{"self":[{"href":"https:\/\/radiorevelacionfm.cl\/index.php?rest_route=\/wp\/v2\/posts\/8129","targetHints":{"allow":["GET"]}}],"collection":[{"href":"https:\/\/radiorevelacionfm.cl\/index.php?rest_route=\/wp\/v2\/posts"}],"about":[{"href":"https:\/\/radiorevelacionfm.cl\/index.php?rest_route=\/wp\/v2\/types\/post"}],"author":[{"embeddable":true,"href":"https:\/\/radiorevelacionfm.cl\/index.php?rest_route=\/wp\/v2\/users\/1"}],"replies":[{"embeddable":true,"href":"https:\/\/radiorevelacionfm.cl\/index.php?rest_route=%2Fwp%2Fv2%2Fcomments&post=8129"}],"version-history":[{"count":1,"href":"https:\/\/radiorevelacionfm.cl\/index.php?rest_route=\/wp\/v2\/posts\/8129\/revisions"}],"predecessor-version":[{"id":8130,"href":"https:\/\/radiorevelacionfm.cl\/index.php?rest_route=\/wp\/v2\/posts\/8129\/revisions\/8130"}],"wp:featuredmedia":[{"embeddable":true,"href":"https:\/\/radiorevelacionfm.cl\/index.php?rest_route=\/wp\/v2\/media\/3867"}],"wp:attachment":[{"href":"https:\/\/radiorevelacionfm.cl\/index.php?rest_route=%2Fwp%2Fv2%2Fmedia&parent=8129"}],"wp:term":[{"taxonomy":"category","embeddable":true,"href":"https:\/\/radiorevelacionfm.cl\/index.php?rest_route=%2Fwp%2Fv2%2Fcategories&post=8129"},{"taxonomy":"post_tag","embeddable":true,"href":"https:\/\/radiorevelacionfm.cl\/index.php?rest_route=%2Fwp%2Fv2%2Ftags&post=8129"}],"curies":[{"name":"wp","href":"https:\/\/api.w.org\/{rel}","templated":true}]}}