{"id":8121,"date":"2021-08-31T16:20:43","date_gmt":"2021-08-31T19:20:43","guid":{"rendered":"https:\/\/radiorevelacionfm.cl\/?p=8121"},"modified":"2021-08-31T16:20:43","modified_gmt":"2021-08-31T19:20:43","slug":"confirman-identidad-tras-hallazgo-de-cadaver-en-puerto-aysen-la-tarde-de-ayer","status":"publish","type":"post","link":"https:\/\/radiorevelacionfm.cl\/?p=8121","title":{"rendered":"Confirman identidad tras hallazgo de cad\u00e1ver en Puerto Ays\u00e9n la tarde de ayer"},"content":{"rendered":"<div class=\"flex_column av_one_full  flex_column_div av-zero-column-padding first  avia-builder-el-0  el_before_av_one_full  avia-builder-el-first  \" style='border-radius:0px; '><div  class='avia-image-container  av-styling-    avia-builder-el-1  avia-builder-el-no-sibling  avia-align-center '  itemprop=\"image\" itemscope=\"itemscope\" itemtype=\"https:\/\/schema.org\/ImageObject\"  ><div class='avia-image-container-inner'><div class='avia-image-overlay-wrap'><img decoding=\"async\" class='wp-image-8122 avia-img-lazy-loading-not-8122 avia_image' src=\"https:\/\/radiorevelacionfm.cl\/wp-content\/uploads\/2021\/08\/Imagen-referencial-PDI-003-1-1.jpg\" alt='' title='Imagen referencial PDI 003 (1) (1)' height=\"600\" width=\"903\"  itemprop=\"thumbnailUrl\" srcset=\"https:\/\/radiorevelacionfm.cl\/wp-content\/uploads\/2021\/08\/Imagen-referencial-PDI-003-1-1.jpg 903w, https:\/\/radiorevelacionfm.cl\/wp-content\/uploads\/2021\/08\/Imagen-referencial-PDI-003-1-1-300x199.jpg 300w, https:\/\/radiorevelacionfm.cl\/wp-content\/uploads\/2021\/08\/Imagen-referencial-PDI-003-1-1-768x510.jpg 768w, https:\/\/radiorevelacionfm.cl\/wp-content\/uploads\/2021\/08\/Imagen-referencial-PDI-003-1-1-705x468.jpg 705w, https:\/\/radiorevelacionfm.cl\/wp-content\/uploads\/2021\/08\/Imagen-referencial-PDI-003-1-1-600x399.jpg 600w\" sizes=\"(max-width: 903px) 100vw, 903px\" \/><\/div><\/div><\/div><\/div><div class=\"flex_column av_one_full  flex_column_div av-zero-column-padding first  avia-builder-el-2  el_after_av_one_full  el_before_av_one_full  column-top-margin\" style='border-radius:0px; '><section class=\"av_textblock_section \"  itemscope=\"itemscope\" itemtype=\"https:\/\/schema.org\/BlogPosting\" itemprop=\"blogPost\" ><div class='avia_textblock  '   itemprop=\"text\" ><p style=\"text-align: center;\"><strong><span style=\"font-size: 18pt;\">Confirman identidad tras hallazgo de cad\u00e1ver en Puerto Ays\u00e9n la tarde de ayer<\/span><\/strong><\/p>\n<div id=\"gtx-trans\" style=\"position: absolute; left: -50px; top: 4.31534px;\">\n<div class=\"gtx-trans-icon\"><\/div>\n<\/div>\n<\/div><\/section><\/div><div class=\"flex_column av_one_full  flex_column_div av-zero-column-padding first  avia-builder-el-4  el_after_av_one_full  el_before_av_hr  column-top-margin\" style='border-radius:0px; '><section class=\"av_textblock_section \"  itemscope=\"itemscope\" itemtype=\"https:\/\/schema.org\/BlogPosting\" itemprop=\"blogPost\" ><div class='avia_textblock  '   itemprop=\"text\" ><p style=\"text-align: justify;\">Por orden de la Fiscal\u00eda Local de Puerto Ays\u00e9n, el d\u00eda de ayer en horas de la tarde detectives de la Brigada de Homicidios de la PDI de Coyhaique se trasladaron hasta el sector de Isla D\u00edaz en la comuna de Puerto Ays\u00e9n, por el hallazgo de un cad\u00e1ver nn de sexo masculino.<\/p>\n<p style=\"text-align: justify;\">De acuerdo a informaci\u00f3n proporcionada por el jefe de la Brigada de Homicidios Coyhaique, subprefecto Mauro Guti\u00e9rrez, tras el reconocimiento externo policial del mismo se establece que este no presentaba lesiones atribuibles a terceras personas como tambi\u00e9n y a trav\u00e9s de una pericia en huellas realizado por peritos del laboratorio de Criminal\u00edstica regional de Coyhaique, se establece que la identidad del fallecido, persona mayor, corresponde a don Jos\u00e9 Legue Contreras de 76 a\u00f1os de edad con domicilio en dicha comuna.<\/p>\n<p style=\"text-align: justify;\">Persona que se encontraba desaparecida desde el d\u00eda 18 de agosto del presente a\u00f1o y cuya denuncia por presunta desgracia fue interpuesta por familiares en la Primera Comisar\u00eda de Carabineros de dicha comuna, que es materia de la investigaci\u00f3n por parte de esta Brigada de Homicidios.<\/p>\n<p style=\"text-align: justify;\">Los antecedentes ser\u00e1n remitidos directamente al Ministerio P\u00fablico quedando igualmente a la espera del resultado de la autopsia por parte del Servicio M\u00e9dico Legal.<\/p>\n<\/div><\/section><\/div><div  style='height:50px' class='hr hr-invisible   avia-builder-el-6  el_after_av_one_full  el_before_av_social_share '><span class='hr-inner ' ><span class='hr-inner-style'><\/span><\/span><\/div><\/p>\n<div  class='av-social-sharing-box  avia-builder-el-7  el_after_av_hr  el_before_av_hr  '><div class='av-share-box'><h5 class='av-share-link-description av-no-toc '>Compartir esta noticia<\/h5><ul class='av-share-box-list noLightbox'><li class='av-share-link av-social-link-facebook' ><a target=\"_blank\" aria-label=\"Compartir en Facebook\" href='https:\/\/www.facebook.com\/sharer.php?u=https:\/\/radiorevelacionfm.cl\/?p=8121&#038;t=Confirman%20identidad%20tras%20hallazgo%20de%20cad%C3%A1ver%20en%20Puerto%20Ays%C3%A9n%20la%20tarde%20de%20ayer' aria-hidden='false' data-av_icon='\ue8f3' data-av_iconfont='entypo-fontello' title='' data-avia-related-tooltip='Compartir en Facebook' rel=\"noopener\"><span class='avia_hidden_link_text'>Compartir en Facebook<\/span><\/a><\/li><li class='av-share-link av-social-link-twitter' ><a target=\"_blank\" aria-label=\"Compartir en Twitter\" href='https:\/\/twitter.com\/share?text=Confirman%20identidad%20tras%20hallazgo%20de%20cad%C3%A1ver%20en%20Puerto%20Ays%C3%A9n%20la%20tarde%20de%20ayer&#038;url=https:\/\/radiorevelacionfm.cl\/?p=8121' aria-hidden='false' data-av_icon='\ue8f1' data-av_iconfont='entypo-fontello' title='' data-avia-related-tooltip='Compartir en Twitter' rel=\"noopener\"><span class='avia_hidden_link_text'>Compartir en Twitter<\/span><\/a><\/li><li class='av-share-link av-social-link-whatsapp' ><a target=\"_blank\" aria-label=\"Compartir en Whatsapp\" href='https:\/\/api.whatsapp.com\/send?text=https:\/\/radiorevelacionfm.cl\/?p=8121' aria-hidden='false' data-av_icon='\uf232' data-av_iconfont='entypo-fontello' title='' data-avia-related-tooltip='Compartir en Whatsapp' rel=\"noopener\"><span class='avia_hidden_link_text'>Compartir en Whatsapp<\/span><\/a><\/li><li class='av-share-link av-social-link-linkedin' ><a target=\"_blank\" aria-label=\"Compartir en LinkedIn\" href='https:\/\/linkedin.com\/shareArticle?mini=true&#038;title=Confirman%20identidad%20tras%20hallazgo%20de%20cad%C3%A1ver%20en%20Puerto%20Ays%C3%A9n%20la%20tarde%20de%20ayer&#038;url=https:\/\/radiorevelacionfm.cl\/?p=8121' aria-hidden='false' data-av_icon='\ue8fc' data-av_iconfont='entypo-fontello' title='' data-avia-related-tooltip='Compartir en LinkedIn' rel=\"noopener\"><span class='avia_hidden_link_text'>Compartir en LinkedIn<\/span><\/a><\/li><li class='av-share-link av-social-link-mail' ><a  aria-label=\"Compartir por correo\" href='mailto:?subject=Confirman%20identidad%20tras%20hallazgo%20de%20cad%C3%A1ver%20en%20Puerto%20Ays%C3%A9n%20la%20tarde%20de%20ayer&#038;body=https:\/\/radiorevelacionfm.cl\/?p=8121' aria-hidden='false' data-av_icon='\ue805' data-av_iconfont='entypo-fontello' title='' data-avia-related-tooltip='Compartir por correo'><span class='avia_hidden_link_text'>Compartir por correo<\/span><\/a><\/li><\/ul><\/div><\/div>\n<div  style='height:50px' class='hr hr-invisible   avia-builder-el-8  el_after_av_social_share  el_before_av_comments_list '><span class='hr-inner ' ><span class='hr-inner-style'><\/span><\/span><\/div>\n<div  class='av-buildercomment  av-blog-meta-html-info-disabled av-blog-meta-tag-disabled  '><\/div>\n","protected":false},"excerpt":{"rendered":"","protected":false},"author":1,"featured_media":8122,"comment_status":"open","ping_status":"open","sticky":false,"template":"","format":"standard","meta":{"footnotes":""},"categories":[36],"tags":[],"class_list":["post-8121","post","type-post","status-publish","format-standard","has-post-thumbnail","hentry","category-policial"],"jetpack_featured_media_url":"https:\/\/radiorevelacionfm.cl\/wp-content\/uploads\/2021\/08\/Imagen-referencial-PDI-003-1-1.jpg","_links":{"self":[{"href":"https:\/\/radiorevelacionfm.cl\/index.php?rest_route=\/wp\/v2\/posts\/8121","targetHints":{"allow":["GET"]}}],"collection":[{"href":"https:\/\/radiorevelacionfm.cl\/index.php?rest_route=\/wp\/v2\/posts"}],"about":[{"href":"https:\/\/radiorevelacionfm.cl\/index.php?rest_route=\/wp\/v2\/types\/post"}],"author":[{"embeddable":true,"href":"https:\/\/radiorevelacionfm.cl\/index.php?rest_route=\/wp\/v2\/users\/1"}],"replies":[{"embeddable":true,"href":"https:\/\/radiorevelacionfm.cl\/index.php?rest_route=%2Fwp%2Fv2%2Fcomments&post=8121"}],"version-history":[{"count":1,"href":"https:\/\/radiorevelacionfm.cl\/index.php?rest_route=\/wp\/v2\/posts\/8121\/revisions"}],"predecessor-version":[{"id":8123,"href":"https:\/\/radiorevelacionfm.cl\/index.php?rest_route=\/wp\/v2\/posts\/8121\/revisions\/8123"}],"wp:featuredmedia":[{"embeddable":true,"href":"https:\/\/radiorevelacionfm.cl\/index.php?rest_route=\/wp\/v2\/media\/8122"}],"wp:attachment":[{"href":"https:\/\/radiorevelacionfm.cl\/index.php?rest_route=%2Fwp%2Fv2%2Fmedia&parent=8121"}],"wp:term":[{"taxonomy":"category","embeddable":true,"href":"https:\/\/radiorevelacionfm.cl\/index.php?rest_route=%2Fwp%2Fv2%2Fcategories&post=8121"},{"taxonomy":"post_tag","embeddable":true,"href":"https:\/\/radiorevelacionfm.cl\/index.php?rest_route=%2Fwp%2Fv2%2Ftags&post=8121"}],"curies":[{"name":"wp","href":"https:\/\/api.w.org\/{rel}","templated":true}]}}