{"id":8118,"date":"2021-08-31T15:48:54","date_gmt":"2021-08-31T18:48:54","guid":{"rendered":"https:\/\/radiorevelacionfm.cl\/?p=8118"},"modified":"2021-08-31T15:48:54","modified_gmt":"2021-08-31T18:48:54","slug":"ministro-de-salud-compromete-gestiones-para-atencion-de-salud-en-villa-la-tapera","status":"publish","type":"post","link":"https:\/\/radiorevelacionfm.cl\/?p=8118","title":{"rendered":"Ministro de Salud compromete gestiones para atenci\u00f3n de salud en Villa La Tapera"},"content":{"rendered":"<div class=\"flex_column av_one_full  flex_column_div av-zero-column-padding first  avia-builder-el-0  el_before_av_one_full  avia-builder-el-first  \" style='border-radius:0px; '><div  class='avia-image-container  av-styling-    avia-builder-el-1  avia-builder-el-no-sibling  avia-align-center '  itemprop=\"image\" itemscope=\"itemscope\" itemtype=\"https:\/\/schema.org\/ImageObject\"  ><div class='avia-image-container-inner'><div class='avia-image-overlay-wrap'><img decoding=\"async\" class='wp-image-8119 avia-img-lazy-loading-not-8119 avia_image' src=\"https:\/\/radiorevelacionfm.cl\/wp-content\/uploads\/2021\/08\/Reunion_Posta-1-1.jpg\" alt='' title='Reunion_Posta (1) (1)' height=\"600\" width=\"800\"  itemprop=\"thumbnailUrl\" srcset=\"https:\/\/radiorevelacionfm.cl\/wp-content\/uploads\/2021\/08\/Reunion_Posta-1-1.jpg 800w, https:\/\/radiorevelacionfm.cl\/wp-content\/uploads\/2021\/08\/Reunion_Posta-1-1-300x225.jpg 300w, https:\/\/radiorevelacionfm.cl\/wp-content\/uploads\/2021\/08\/Reunion_Posta-1-1-768x576.jpg 768w, https:\/\/radiorevelacionfm.cl\/wp-content\/uploads\/2021\/08\/Reunion_Posta-1-1-705x529.jpg 705w, https:\/\/radiorevelacionfm.cl\/wp-content\/uploads\/2021\/08\/Reunion_Posta-1-1-600x450.jpg 600w\" sizes=\"(max-width: 800px) 100vw, 800px\" \/><\/div><\/div><\/div><\/div><div class=\"flex_column av_one_full  flex_column_div av-zero-column-padding first  avia-builder-el-2  el_after_av_one_full  el_before_av_one_full  column-top-margin\" style='border-radius:0px; '><section class=\"av_textblock_section \"  itemscope=\"itemscope\" itemtype=\"https:\/\/schema.org\/BlogPosting\" itemprop=\"blogPost\" ><div class='avia_textblock  '   itemprop=\"text\" ><p class=\"v1MsoNormal\" style=\"text-align: center;\" align=\"center\"><span style=\"font-size: 18pt;\"><b><span lang=\"ES-MX\">Ministro de Salud compromete gestiones <\/span><\/b><b><span lang=\"ES-MX\">para atenci\u00f3n de salud en Villa La Tapera<\/span><\/b><\/span><\/p>\n<div id=\"gtx-trans\" style=\"position: absolute; left: -50px; top: 4.31534px;\">\n<div class=\"gtx-trans-icon\"><\/div>\n<\/div>\n<\/div><\/section><\/div><div class=\"flex_column av_one_full  flex_column_div av-zero-column-padding first  avia-builder-el-4  el_after_av_one_full  el_before_av_hr  column-top-margin\" style='border-radius:0px; '><section class=\"av_textblock_section \"  itemscope=\"itemscope\" itemtype=\"https:\/\/schema.org\/BlogPosting\" itemprop=\"blogPost\" ><div class='avia_textblock  '   itemprop=\"text\" ><p class=\"v1MsoNormal\" style=\"text-align: justify;\"><span lang=\"ES-MX\">Gestiones que contribuyan a solucionar en un corto a mediano plazo la atenci\u00f3n de salud para las cerca de 300 personas que conforman la comunidad de Villa La Tapera, tras el cese de obras en la posta de la localidad, comprometi\u00f3 el ministro de Salud, Enrique Par\u00eds, en reuni\u00f3n con una delegaci\u00f3n del Consejo Regional (CORE) de Ays\u00e9n.<\/span><\/p>\n<p class=\"v1MsoNormal\" style=\"text-align: justify;\"><span lang=\"ES-MX\">La gesti\u00f3n fue mandata por el pleno del cuerpo colegiado a los consejeros Gustavo Villarroel como presidente de la comisi\u00f3n Social, Washington Medina y Ra\u00fal Rudolphi, con apoyo de los diputados Aracely Leuqu\u00e9n y Ren\u00e9 Alinco, y participaci\u00f3n del alcalde de Lago Verde, Nelson Opazo.<\/span><\/p>\n<p class=\"v1MsoNormal\" style=\"text-align: justify;\"><span lang=\"ES-MX\">\u00abS\u00e9 que hay una gran preocupaci\u00f3n por esta posta rural, que tiene que ser terminada y hemos aprovechado de discutir otros temas, como la disponibilidad de m\u00e9dicos, disponibilidad de traslados y la mejor atenci\u00f3n en el Hospital Regional de Coyhaique. Tenemos que trabajar unidos, porque la salud es un derecho y un tema del Estado de Chile, por lo tanto, vamos a hacer todos los esfuerzos. Llam\u00e9 de inmediato a la Direcci\u00f3n de Presupuesto (DIPRES), para tener mayores antecedentes sobre algunos dineros, y vamos a hacer todos los esfuerzos, para avanzar paralelamente en una forma r\u00e1pida de solucionar el tema de la posta. Yo espero que tengamos frutos, porque tenemos que obtener resultados de este tipo de reuniones\u00bb, indic\u00f3 el ministro Par\u00eds.<\/span><\/p>\n<p class=\"v1MsoNormal\" style=\"text-align: justify;\"><span lang=\"ES-MX\">Gustavo Villarroel valor\u00f3 la reuni\u00f3n de trabajo. \u00abHemos concluido en un par de alternativas interesantes, atractivas de solucionar este tema y brindarle la salud que merece nuestra gente de Lago Verde y, particularmente, la localidad de La Tapera. Hemos abordado otros temas de inter\u00e9s del Hospital de Coyhaique, del Hospital de Ays\u00e9n, entre otros, y ha tomado nota del convenio de programaci\u00f3n entre el ministerio de Salud y el Gobierno Regional de Ays\u00e9n. Es importante seguir avanzando en el convenio de programaci\u00f3n, que recoge principalmente las necesidades que tiene la regi\u00f3n de Ays\u00e9n en materia de Salud\u00bb, precis\u00f3.<\/span><\/p>\n<p class=\"v1MsoNormal\" style=\"text-align: justify;\"><span lang=\"ES-MX\">Ra\u00fal Rudolphi enfatiz\u00f3 en la importancia del trabajo mancomunado. \u00abEl trabajo en unidad; aqu\u00ed se ha hablado de la participaci\u00f3n de parlamentarios de la Regi\u00f3n de Ays\u00e9n, un alcalde, consejeros regionales, un ministro de Estado, para generar soluciones de manera transversal en lo pol\u00edtico y ese ejercicio marca un punto de inflexi\u00f3n de c\u00f3mo nosotros estamos tomando nota de lo que nos instruye la gente: la unidad por Ays\u00e9n\u00bb, dijo.<\/span><\/p>\n<p class=\"v1MsoNormal\" style=\"text-align: justify;\"><span lang=\"ES-MX\">Washington Medina destac\u00f3 el trabajo inmediato junto a la comunidad y en las instancias pertinentes para buscar soluciones conjuntas.<\/span><\/p>\n<p class=\"v1MsoNormal\" style=\"text-align: justify;\"><span lang=\"ES-MX\">\u00abApoyando al alcalde y a los dirigentes de La Tapera en conjunto con el Gobierno Regional, para ejecutar una obra que le falta el 20%. Se han tomado todas las acciones pertinentes para generar una estrategia y terminar esa obra tan importante para la comunidad de Villa La Tapera\u00bb, sintetiz\u00f3.<\/span><\/p>\n<p class=\"v1MsoNormal\" style=\"text-align: justify;\"><span lang=\"ES-MX\">Por su parte, Nelson Opazo adelant\u00f3 el ingreso de una propuesta dentro de esta semana. \u00abNo nos cabe ninguna duda de que vamos a tener una soluci\u00f3n, en el m\u00e1s breve plazo posible. Por nuestra parte, nuestro compromiso es tener ingresado el \u00a0proyecto alternativo el viernes que va a permitir tener mejor infraestructura en materia de salud en lugares tan apartados como los nuestros\u00bb, se\u00f1al\u00f3.<\/span><\/p>\n<p class=\"v1MsoNormal\" style=\"text-align: justify;\"><span lang=\"ES-MX\">La Tapera fue fundada en 1966 como localidad y su nombre significa \u00abvivienda muy precaria, especialmente la que se construye en el campo\u00bb, haciendo alusi\u00f3n a las primeras viviendas del sector construidas por los pioneros.\u00a0<\/span><\/p>\n<\/div><\/section><\/div><div  style='height:50px' class='hr hr-invisible   avia-builder-el-6  el_after_av_one_full  el_before_av_social_share '><span class='hr-inner ' ><span class='hr-inner-style'><\/span><\/span><\/div><\/p>\n<div  class='av-social-sharing-box  avia-builder-el-7  el_after_av_hr  el_before_av_hr  '><div class='av-share-box'><h5 class='av-share-link-description av-no-toc '>Compartir esta noticia<\/h5><ul class='av-share-box-list noLightbox'><li class='av-share-link av-social-link-facebook' ><a target=\"_blank\" aria-label=\"Compartir en Facebook\" href='https:\/\/www.facebook.com\/sharer.php?u=https:\/\/radiorevelacionfm.cl\/?p=8118&#038;t=Ministro%20de%20Salud%20compromete%20gestiones%20para%20atenci%C3%B3n%20de%20salud%20en%20Villa%20La%20Tapera' aria-hidden='false' data-av_icon='\ue8f3' data-av_iconfont='entypo-fontello' title='' data-avia-related-tooltip='Compartir en Facebook' rel=\"noopener\"><span class='avia_hidden_link_text'>Compartir en Facebook<\/span><\/a><\/li><li class='av-share-link av-social-link-twitter' ><a target=\"_blank\" aria-label=\"Compartir en Twitter\" href='https:\/\/twitter.com\/share?text=Ministro%20de%20Salud%20compromete%20gestiones%20para%20atenci%C3%B3n%20de%20salud%20en%20Villa%20La%20Tapera&#038;url=https:\/\/radiorevelacionfm.cl\/?p=8118' aria-hidden='false' data-av_icon='\ue8f1' data-av_iconfont='entypo-fontello' title='' data-avia-related-tooltip='Compartir en Twitter' rel=\"noopener\"><span class='avia_hidden_link_text'>Compartir en Twitter<\/span><\/a><\/li><li class='av-share-link av-social-link-whatsapp' ><a target=\"_blank\" aria-label=\"Compartir en Whatsapp\" href='https:\/\/api.whatsapp.com\/send?text=https:\/\/radiorevelacionfm.cl\/?p=8118' aria-hidden='false' data-av_icon='\uf232' data-av_iconfont='entypo-fontello' title='' data-avia-related-tooltip='Compartir en Whatsapp' rel=\"noopener\"><span class='avia_hidden_link_text'>Compartir en Whatsapp<\/span><\/a><\/li><li class='av-share-link av-social-link-linkedin' ><a target=\"_blank\" aria-label=\"Compartir en LinkedIn\" href='https:\/\/linkedin.com\/shareArticle?mini=true&#038;title=Ministro%20de%20Salud%20compromete%20gestiones%20para%20atenci%C3%B3n%20de%20salud%20en%20Villa%20La%20Tapera&#038;url=https:\/\/radiorevelacionfm.cl\/?p=8118' aria-hidden='false' data-av_icon='\ue8fc' data-av_iconfont='entypo-fontello' title='' data-avia-related-tooltip='Compartir en LinkedIn' rel=\"noopener\"><span class='avia_hidden_link_text'>Compartir en LinkedIn<\/span><\/a><\/li><li class='av-share-link av-social-link-mail' ><a  aria-label=\"Compartir por correo\" href='mailto:?subject=Ministro%20de%20Salud%20compromete%20gestiones%20para%20atenci%C3%B3n%20de%20salud%20en%20Villa%20La%20Tapera&#038;body=https:\/\/radiorevelacionfm.cl\/?p=8118' aria-hidden='false' data-av_icon='\ue805' data-av_iconfont='entypo-fontello' title='' data-avia-related-tooltip='Compartir por correo'><span class='avia_hidden_link_text'>Compartir por correo<\/span><\/a><\/li><\/ul><\/div><\/div>\n<div  style='height:50px' class='hr hr-invisible   avia-builder-el-8  el_after_av_social_share  el_before_av_comments_list '><span class='hr-inner ' ><span class='hr-inner-style'><\/span><\/span><\/div>\n<div  class='av-buildercomment  av-blog-meta-html-info-disabled av-blog-meta-tag-disabled  '><\/div>\n","protected":false},"excerpt":{"rendered":"","protected":false},"author":1,"featured_media":8119,"comment_status":"open","ping_status":"open","sticky":false,"template":"","format":"standard","meta":{"footnotes":""},"categories":[46],"tags":[],"class_list":["post-8118","post","type-post","status-publish","format-standard","has-post-thumbnail","hentry","category-salud"],"jetpack_featured_media_url":"https:\/\/radiorevelacionfm.cl\/wp-content\/uploads\/2021\/08\/Reunion_Posta-1-1.jpg","_links":{"self":[{"href":"https:\/\/radiorevelacionfm.cl\/index.php?rest_route=\/wp\/v2\/posts\/8118","targetHints":{"allow":["GET"]}}],"collection":[{"href":"https:\/\/radiorevelacionfm.cl\/index.php?rest_route=\/wp\/v2\/posts"}],"about":[{"href":"https:\/\/radiorevelacionfm.cl\/index.php?rest_route=\/wp\/v2\/types\/post"}],"author":[{"embeddable":true,"href":"https:\/\/radiorevelacionfm.cl\/index.php?rest_route=\/wp\/v2\/users\/1"}],"replies":[{"embeddable":true,"href":"https:\/\/radiorevelacionfm.cl\/index.php?rest_route=%2Fwp%2Fv2%2Fcomments&post=8118"}],"version-history":[{"count":1,"href":"https:\/\/radiorevelacionfm.cl\/index.php?rest_route=\/wp\/v2\/posts\/8118\/revisions"}],"predecessor-version":[{"id":8120,"href":"https:\/\/radiorevelacionfm.cl\/index.php?rest_route=\/wp\/v2\/posts\/8118\/revisions\/8120"}],"wp:featuredmedia":[{"embeddable":true,"href":"https:\/\/radiorevelacionfm.cl\/index.php?rest_route=\/wp\/v2\/media\/8119"}],"wp:attachment":[{"href":"https:\/\/radiorevelacionfm.cl\/index.php?rest_route=%2Fwp%2Fv2%2Fmedia&parent=8118"}],"wp:term":[{"taxonomy":"category","embeddable":true,"href":"https:\/\/radiorevelacionfm.cl\/index.php?rest_route=%2Fwp%2Fv2%2Fcategories&post=8118"},{"taxonomy":"post_tag","embeddable":true,"href":"https:\/\/radiorevelacionfm.cl\/index.php?rest_route=%2Fwp%2Fv2%2Ftags&post=8118"}],"curies":[{"name":"wp","href":"https:\/\/api.w.org\/{rel}","templated":true}]}}