{"id":8115,"date":"2021-09-01T11:34:43","date_gmt":"2021-09-01T14:34:43","guid":{"rendered":"https:\/\/radiorevelacionfm.cl\/?p=8115"},"modified":"2021-09-01T11:34:43","modified_gmt":"2021-09-01T14:34:43","slug":"en-modalidad-online-se-dio-inicio-al-primer-programa-de-liderazgo-femenino-en-ciencia-tecnologia-conocimiento-e-innovacion","status":"publish","type":"post","link":"https:\/\/radiorevelacionfm.cl\/?p=8115","title":{"rendered":"En modalidad online se dio inicio al primer Programa de Liderazgo Femenino en Ciencia, Tecnolog\u00eda, Conocimiento e Innovaci\u00f3n"},"content":{"rendered":"<div class=\"flex_column av_one_full  flex_column_div av-zero-column-padding first  avia-builder-el-0  el_before_av_one_full  avia-builder-el-first  \" style='border-radius:0px; '><div  class='avia-image-container  av-styling-    avia-builder-el-1  avia-builder-el-no-sibling  avia-align-center '  itemprop=\"image\" itemscope=\"itemscope\" itemtype=\"https:\/\/schema.org\/ImageObject\"  ><div class='avia-image-container-inner'><div class='avia-image-overlay-wrap'><img decoding=\"async\" class='wp-image-8116 avia-img-lazy-loading-not-8116 avia_image' src=\"https:\/\/radiorevelacionfm.cl\/wp-content\/uploads\/2021\/08\/li_fe-1_optimized.jpeg\" alt='' title='li_fe-(1)_optimized' height=\"600\" width=\"1468\"  itemprop=\"thumbnailUrl\" srcset=\"https:\/\/radiorevelacionfm.cl\/wp-content\/uploads\/2021\/08\/li_fe-1_optimized.jpeg 1468w, https:\/\/radiorevelacionfm.cl\/wp-content\/uploads\/2021\/08\/li_fe-1_optimized-300x123.jpeg 300w, https:\/\/radiorevelacionfm.cl\/wp-content\/uploads\/2021\/08\/li_fe-1_optimized-1030x421.jpeg 1030w, https:\/\/radiorevelacionfm.cl\/wp-content\/uploads\/2021\/08\/li_fe-1_optimized-768x314.jpeg 768w, https:\/\/radiorevelacionfm.cl\/wp-content\/uploads\/2021\/08\/li_fe-1_optimized-705x288.jpeg 705w, https:\/\/radiorevelacionfm.cl\/wp-content\/uploads\/2021\/08\/li_fe-1_optimized-600x245.jpeg 600w\" sizes=\"(max-width: 1468px) 100vw, 1468px\" \/><\/div><\/div><\/div><\/div><div class=\"flex_column av_one_full  flex_column_div av-zero-column-padding first  avia-builder-el-2  el_after_av_one_full  el_before_av_one_full  column-top-margin\" style='border-radius:0px; '><section class=\"av_textblock_section \"  itemscope=\"itemscope\" itemtype=\"https:\/\/schema.org\/BlogPosting\" itemprop=\"blogPost\" ><div class='avia_textblock  '   itemprop=\"text\" ><p style=\"text-align: center;\"><span style=\"font-size: 18pt;\"><b><span lang=\"es\">En modalidad online se dio inicio al primer Programa de Liderazgo Femenino en Ciencia, Tecnolog\u00eda, Conocimiento e Innovaci\u00f3n<\/span><\/b><\/span><\/p>\n<div id=\"gtx-trans\" style=\"position: absolute; left: -50px; top: 4.31534px;\">\n<div class=\"gtx-trans-icon\"><\/div>\n<\/div>\n<\/div><\/section><\/div><div class=\"flex_column av_one_full  flex_column_div av-zero-column-padding first  avia-builder-el-4  el_after_av_one_full  el_before_av_hr  column-top-margin\" style='border-radius:0px; '><section class=\"av_textblock_section \"  itemscope=\"itemscope\" itemtype=\"https:\/\/schema.org\/BlogPosting\" itemprop=\"blogPost\" ><div class='avia_textblock  '   itemprop=\"text\" ><p style=\"text-align: justify;\">La subsecretaria de Ciencia, Carolina Torrealba, dio inicio al primer Programa de Liderazgo Femenino en Ciencia, Tecnolog\u00eda, Conocimiento e Innovaci\u00f3n (LI*FE), iniciativa que se enmarca dentro de la Pol\u00edtica Nacional de Igualdad de G\u00e9nero en CTCI y que tiene como objetivo entregar las habilidades necesarias a aquellas mujeres motivadas por dirigir y encabezar la ciencia desde posiciones de jefaturas en la academia, centros de innovaci\u00f3n y cargos p\u00fablicos.<\/p>\n<p style=\"text-align: justify;\">LI*FE, que\u00a0cuenta con el apoyo\u00a0del Banco Interamericano de Desarrollo (BID)\u00a0y que ser\u00e1 impartido por el Centro de Ingenier\u00eda Organizacional (CIO) de la Universidad de Chile, consider\u00f3 70 cupos. El 50% de las vacantes se cubri\u00f3 mediante la invitaci\u00f3n a mujeres que actualmente ejercen cargos de liderazgo en el mundo de la ciencia, tecnolog\u00eda, conocimiento e innovaci\u00f3n, tienen a\u00f1os de experiencia en sus \u00e1mbitos y liderando equipos. Fueron elegidas por un comit\u00e9 independiente conformado por integrantes del Consejo de G\u00e9nero del Ministerio de Ciencia.<\/p>\n<p style=\"text-align: justify;\">Para el 50% restante se abri\u00f3 un proceso de postulaci\u00f3n para mujeres que contaran con al menos 5 a\u00f1os de experiencia en sus \u00e1mbitos y liderando equipos. En la selecci\u00f3n se incorporaron criterios de diversidad para garantizar que esta primera generaci\u00f3n estuviera compuesta por profesionales de los distintos \u00e1mbitos de la CTCI de todas las macrozonas del pa\u00eds.<\/p>\n<p style=\"text-align: justify;\">Respecto al inicio del programa, la subsecretaria de Ciencia, Tecnolog\u00eda, Conocimiento e Innovaci\u00f3n, Carolina Torrealba, indic\u00f3 que este programa \u201cre\u00fane a 70 mujeres de 12 regiones del pa\u00eds, de 35 profesiones, de 39 instituciones p\u00fablica y privadas, de edades, tradiciones culturales y sociales variadas. Todas se reunir\u00e1n durante tres meses en torno a un objetivo com\u00fan: aprender colectivamente, adquirir habilidades, contrastar experiencias y avanzar juntas en el liderazgo para construir un mejor y m\u00e1s diverso sistema cient\u00edfico-tecnol\u00f3gico para nuestro pa\u00eds\u201d.<\/p>\n<p style=\"text-align: justify;\">De las regiones de Magallanes y Ays\u00e9n fueron seleccionadas cuatro mujeres, Diana Schofield (Fundaci\u00f3n Centro de Estudios del Cuaternario Fuego-Patagonia y Ant\u00e1rtica), Mar\u00eda Rafaela Retamal (Plataforma de Investigaci\u00f3n en Ecohidrolog\u00eda y Ecohidr\u00e1ulica), M\u00f3nica Mora (Universidad Austral), y Tamara Contador (Universidad de Magallanes).<\/p>\n<p style=\"text-align: justify;\">Pamela Santib\u00e1\u00f1ez, seremi de Ciencia de la Macrozona Austral, se\u00f1al\u00f3 \u201c\u00e9sta es una oportunidad para aquellas mujeres que tienen rasgos de l\u00edderes, para que puedan efectivamente llegar a posiciones de liderazgo y direcci\u00f3n. El programa busca entregar herramientas y potenciar competencias, pero tambi\u00e9n hacer comunidad, tener una red que nos permita sostener y lograr el objetivo de tener m\u00e1s mujeres dirigiendo y gestionando instituciones cient\u00edficas en nuestro pa\u00eds. LI*FE es parte del plan de acci\u00f3n de la primera Pol\u00edtica Nacional de Igualdad de G\u00e9nero en CTCI, que est\u00e1 relacionado a los ecosistemas inclusivos, transformadores y responsables, que busca construir un sistema m\u00e1s diverso, que vele por el acceso, desarrollo y liderazgo de las mujeres en todas las organizaciones sociales ligadas a la creaci\u00f3n, difusi\u00f3n y aplicaci\u00f3n del conocimiento\u201d.<\/p>\n<p style=\"text-align: justify;\"><strong>Contenidos del programa<\/strong><\/p>\n<p style=\"text-align: justify;\">LI*FE tendr\u00e1 en su primera versi\u00f3n una duraci\u00f3n de 3 meses y las clases se realizar\u00e1n de manera online.<\/p>\n<ul style=\"text-align: justify;\">\n<li>Paradigmas en los que habitamos para liderar y ejercer el poder: Potenciar liderazgos de mujeres en escenarios complejos y en transformaci\u00f3n.<\/li>\n<li>Conociendo mi estilo personal: Conocer los distintos estilos de liderazgo que existen, mi propio estilo de influencia, as\u00ed como la forma de potenciar el propio y el de otras personas.}<\/li>\n<li>Liderazgo Situacional: Desarrollar habilidades pr\u00e1cticas a trav\u00e9s de la observaci\u00f3n de su propio estilo y potencial de desarrollo.<\/li>\n<li>Comunicaci\u00f3n efectiva al interior de los equipos: Principios b\u00e1sicos de la comunicaci\u00f3n y c\u00f3mo esta incide en el desempe\u00f1o laboral. Fortalecer mis habilidades comunicacionales.<\/li>\n<li>Negociaci\u00f3n: Estrategias para enfrentar situaciones de conflicto. Aumentar la habilidad para negociar de manera formal e informal en el contexto laboral.<\/li>\n<li>Manejo de conceptos de administraci\u00f3n.<\/li>\n<\/ul>\n<\/div><\/section><\/div><div  style='height:50px' class='hr hr-invisible   avia-builder-el-6  el_after_av_one_full  el_before_av_social_share '><span class='hr-inner ' ><span class='hr-inner-style'><\/span><\/span><\/div><\/p>\n<div  class='av-social-sharing-box  avia-builder-el-7  el_after_av_hr  el_before_av_hr  '><div class='av-share-box'><h5 class='av-share-link-description av-no-toc '>Compartir esta noticia<\/h5><ul class='av-share-box-list noLightbox'><li class='av-share-link av-social-link-facebook' ><a target=\"_blank\" aria-label=\"Compartir en Facebook\" href='https:\/\/www.facebook.com\/sharer.php?u=https:\/\/radiorevelacionfm.cl\/?p=8115&#038;t=En%20modalidad%20online%20se%20dio%20inicio%20al%20primer%20Programa%20de%20Liderazgo%20Femenino%20en%20Ciencia%2C%20Tecnolog%C3%ADa%2C%20Conocimiento%20e%20Innovaci%C3%B3n' aria-hidden='false' data-av_icon='\ue8f3' data-av_iconfont='entypo-fontello' title='' data-avia-related-tooltip='Compartir en Facebook' rel=\"noopener\"><span class='avia_hidden_link_text'>Compartir en Facebook<\/span><\/a><\/li><li class='av-share-link av-social-link-twitter' ><a target=\"_blank\" aria-label=\"Compartir en Twitter\" href='https:\/\/twitter.com\/share?text=En%20modalidad%20online%20se%20dio%20inicio%20al%20primer%20Programa%20de%20Liderazgo%20Femenino%20en%20Ciencia%2C%20Tecnolog%C3%ADa%2C%20Conocimiento%20e%20Innovaci%C3%B3n&#038;url=https:\/\/radiorevelacionfm.cl\/?p=8115' aria-hidden='false' data-av_icon='\ue8f1' data-av_iconfont='entypo-fontello' title='' data-avia-related-tooltip='Compartir en Twitter' rel=\"noopener\"><span class='avia_hidden_link_text'>Compartir en Twitter<\/span><\/a><\/li><li class='av-share-link av-social-link-whatsapp' ><a target=\"_blank\" aria-label=\"Compartir en Whatsapp\" href='https:\/\/api.whatsapp.com\/send?text=https:\/\/radiorevelacionfm.cl\/?p=8115' aria-hidden='false' data-av_icon='\uf232' data-av_iconfont='entypo-fontello' title='' data-avia-related-tooltip='Compartir en Whatsapp' rel=\"noopener\"><span class='avia_hidden_link_text'>Compartir en Whatsapp<\/span><\/a><\/li><li class='av-share-link av-social-link-linkedin' ><a target=\"_blank\" aria-label=\"Compartir en LinkedIn\" href='https:\/\/linkedin.com\/shareArticle?mini=true&#038;title=En%20modalidad%20online%20se%20dio%20inicio%20al%20primer%20Programa%20de%20Liderazgo%20Femenino%20en%20Ciencia%2C%20Tecnolog%C3%ADa%2C%20Conocimiento%20e%20Innovaci%C3%B3n&#038;url=https:\/\/radiorevelacionfm.cl\/?p=8115' aria-hidden='false' data-av_icon='\ue8fc' data-av_iconfont='entypo-fontello' title='' data-avia-related-tooltip='Compartir en LinkedIn' rel=\"noopener\"><span class='avia_hidden_link_text'>Compartir en LinkedIn<\/span><\/a><\/li><li class='av-share-link av-social-link-mail' ><a  aria-label=\"Compartir por correo\" href='mailto:?subject=En%20modalidad%20online%20se%20dio%20inicio%20al%20primer%20Programa%20de%20Liderazgo%20Femenino%20en%20Ciencia%2C%20Tecnolog%C3%ADa%2C%20Conocimiento%20e%20Innovaci%C3%B3n&#038;body=https:\/\/radiorevelacionfm.cl\/?p=8115' aria-hidden='false' data-av_icon='\ue805' data-av_iconfont='entypo-fontello' title='' data-avia-related-tooltip='Compartir por correo'><span class='avia_hidden_link_text'>Compartir por correo<\/span><\/a><\/li><\/ul><\/div><\/div>\n<div  style='height:50px' class='hr hr-invisible   avia-builder-el-8  el_after_av_social_share  el_before_av_comments_list '><span class='hr-inner ' ><span class='hr-inner-style'><\/span><\/span><\/div>\n<div  class='av-buildercomment  av-blog-meta-html-info-disabled av-blog-meta-tag-disabled  '><\/div>\n","protected":false},"excerpt":{"rendered":"","protected":false},"author":1,"featured_media":8116,"comment_status":"open","ping_status":"open","sticky":false,"template":"","format":"standard","meta":{"footnotes":""},"categories":[53],"tags":[],"class_list":["post-8115","post","type-post","status-publish","format-standard","has-post-thumbnail","hentry","category-ciencia"],"jetpack_featured_media_url":"https:\/\/radiorevelacionfm.cl\/wp-content\/uploads\/2021\/08\/li_fe-1_optimized.jpeg","_links":{"self":[{"href":"https:\/\/radiorevelacionfm.cl\/index.php?rest_route=\/wp\/v2\/posts\/8115","targetHints":{"allow":["GET"]}}],"collection":[{"href":"https:\/\/radiorevelacionfm.cl\/index.php?rest_route=\/wp\/v2\/posts"}],"about":[{"href":"https:\/\/radiorevelacionfm.cl\/index.php?rest_route=\/wp\/v2\/types\/post"}],"author":[{"embeddable":true,"href":"https:\/\/radiorevelacionfm.cl\/index.php?rest_route=\/wp\/v2\/users\/1"}],"replies":[{"embeddable":true,"href":"https:\/\/radiorevelacionfm.cl\/index.php?rest_route=%2Fwp%2Fv2%2Fcomments&post=8115"}],"version-history":[{"count":1,"href":"https:\/\/radiorevelacionfm.cl\/index.php?rest_route=\/wp\/v2\/posts\/8115\/revisions"}],"predecessor-version":[{"id":8117,"href":"https:\/\/radiorevelacionfm.cl\/index.php?rest_route=\/wp\/v2\/posts\/8115\/revisions\/8117"}],"wp:featuredmedia":[{"embeddable":true,"href":"https:\/\/radiorevelacionfm.cl\/index.php?rest_route=\/wp\/v2\/media\/8116"}],"wp:attachment":[{"href":"https:\/\/radiorevelacionfm.cl\/index.php?rest_route=%2Fwp%2Fv2%2Fmedia&parent=8115"}],"wp:term":[{"taxonomy":"category","embeddable":true,"href":"https:\/\/radiorevelacionfm.cl\/index.php?rest_route=%2Fwp%2Fv2%2Fcategories&post=8115"},{"taxonomy":"post_tag","embeddable":true,"href":"https:\/\/radiorevelacionfm.cl\/index.php?rest_route=%2Fwp%2Fv2%2Ftags&post=8115"}],"curies":[{"name":"wp","href":"https:\/\/api.w.org\/{rel}","templated":true}]}}