{"id":8112,"date":"2021-09-02T12:05:02","date_gmt":"2021-09-02T15:05:02","guid":{"rendered":"https:\/\/radiorevelacionfm.cl\/?p=8112"},"modified":"2021-09-02T12:05:02","modified_gmt":"2021-09-02T15:05:02","slug":"murta-viejo-florece-con-santa-rosa-de-lima","status":"publish","type":"post","link":"https:\/\/radiorevelacionfm.cl\/?p=8112","title":{"rendered":"\u201cMurta Viejo\u201d florece con Santa Rosa de Lima"},"content":{"rendered":"<div class=\"flex_column av_one_full  flex_column_div av-zero-column-padding first  avia-builder-el-0  el_before_av_one_full  avia-builder-el-first  \" style='border-radius:0px; '><div  class='avia-image-container  av-styling-    avia-builder-el-1  avia-builder-el-no-sibling  avia-align-center '  itemprop=\"image\" itemscope=\"itemscope\" itemtype=\"https:\/\/schema.org\/ImageObject\"  ><div class='avia-image-container-inner'><div class='avia-image-overlay-wrap'><img decoding=\"async\" class='wp-image-8113 avia-img-lazy-loading-not-8113 avia_image' src=\"https:\/\/radiorevelacionfm.cl\/wp-content\/uploads\/2021\/08\/02-1_optimized.jpg\" alt='' title='02-(1)_optimized' height=\"600\" width=\"800\"  itemprop=\"thumbnailUrl\" srcset=\"https:\/\/radiorevelacionfm.cl\/wp-content\/uploads\/2021\/08\/02-1_optimized.jpg 800w, https:\/\/radiorevelacionfm.cl\/wp-content\/uploads\/2021\/08\/02-1_optimized-300x225.jpg 300w, https:\/\/radiorevelacionfm.cl\/wp-content\/uploads\/2021\/08\/02-1_optimized-768x576.jpg 768w, https:\/\/radiorevelacionfm.cl\/wp-content\/uploads\/2021\/08\/02-1_optimized-705x529.jpg 705w, https:\/\/radiorevelacionfm.cl\/wp-content\/uploads\/2021\/08\/02-1_optimized-600x450.jpg 600w\" sizes=\"(max-width: 800px) 100vw, 800px\" \/><\/div><\/div><\/div><\/div><div class=\"flex_column av_one_full  flex_column_div av-zero-column-padding first  avia-builder-el-2  el_after_av_one_full  el_before_av_one_full  column-top-margin\" style='border-radius:0px; '><section class=\"av_textblock_section \"  itemscope=\"itemscope\" itemtype=\"https:\/\/schema.org\/BlogPosting\" itemprop=\"blogPost\" ><div class='avia_textblock  '   itemprop=\"text\" ><p style=\"text-align: center;\"><span style=\"font-size: 18pt;\"><strong>\u201cMurta Viejo\u201d florece con Santa Rosa de Lima<\/strong><\/span><\/p>\n<div id=\"gtx-trans\" style=\"position: absolute; left: -50px; top: 4.31534px;\">\n<div class=\"gtx-trans-icon\"><\/div>\n<\/div>\n<\/div><\/section><\/div><div class=\"flex_column av_one_full  flex_column_div av-zero-column-padding first  avia-builder-el-4  el_after_av_one_full  el_before_av_hr  column-top-margin\" style='border-radius:0px; '><section class=\"av_textblock_section \"  itemscope=\"itemscope\" itemtype=\"https:\/\/schema.org\/BlogPosting\" itemprop=\"blogPost\" ><div class='avia_textblock  '   itemprop=\"text\" ><p style=\"font-weight: 400; text-align: justify;\">La comunidad de Bah\u00eda Murta, ubicada en la cuenca del lago General Carrera, con los resguardos sanitarios necesarios, se reuni\u00f3 nuevamente para vivir su fe y compartir fraternalmente en el santuario de \u201cMurta Viejo\u201d dedicado a esta santa latinoamericana.<\/p>\n<p style=\"font-weight: 400; text-align: justify;\">Este 2021 la celebraci\u00f3n fue presidida por el Obispo Vicario Apost\u00f3lico de Ays\u00e9n, Luis Infanti, quien en compa\u00f1\u00eda del di\u00e1cono permanente Carlos Vergara, administrador pastoral de la parroquia de Chile Chico, comparti\u00f3 con los hermanos y hermanas de la comunidad local y una animada delegaci\u00f3n del movimiento Manquehue del monasterio de San Jos\u00e9 de Mall\u00edn Grande.<\/p>\n<p style=\"font-weight: 400; text-align: justify;\">En referencia a Santa Rosa de Lima, y los santos en general, el di\u00e1cono Carlos Vergara dijo sentir \u201cde una manera especial cuando nosotros los recordamos, como lo expres\u00f3 el padre Obispo en su homil\u00eda; ellos nos indican un camino a seguir, un testimonio de vida. Entonces, todas estas celebraciones nos ayudan a crecer a cada uno en nuestra entrega, servicio y especialmente nos animan a que no desfallezcamos en el camino\u201d.<\/p>\n<p style=\"font-weight: 400; text-align: justify;\">La se\u00f1ora Virgina Abarz\u00faa, integrante de la comunidad, comparti\u00f3 que en esta fecha \u201cme siento feliz porque la primera organizadora de esta fiesta fue mi madre, Hernestina Millaldeo. Y yo sigo hasta que tenga la fuerza que me da Dios y la Virgen. Siempre vengo a limpiar, a organizar lo poco que se puede hacer en este tiempo. Antes hac\u00edamos una rifa y una parrillada para toda la gente. Pero ahora con este Covid solo un peque\u00f1o desayuno\u201d.<\/p>\n<p style=\"font-weight: 400; text-align: justify;\">Ya terminado el compartir fraterno el padre obispo Luis resumiendo lo vivido expres\u00f3 que \u201chermanos y hermanas de Murta y varios otros lugares de nuestra regi\u00f3n nos hemos reunido hoy para celebrar a Santa Rosa aqu\u00ed en Murta Viejo. Un encuentro muy fraterno en que hemos rezado por toda Am\u00e9rica Latina para que haya paz en nuestros pueblos, por el proceso constitucional, por los hermanos enfermos, los fallecidos del Covid\u201d.<\/p>\n<p style=\"font-weight: 400; text-align: justify;\">\u201cCreo \u2014agreg\u00f3 el Pastor de Ays\u00e9n\u2014 que es un momento importante para sentirnos Iglesia, familia de Dios, y que Santa Rosa como una rosa que florece en cada uno de nuestros corazones nos ayude a ser cada d\u00eda m\u00e1s fraternos, misioneros y profetas especialmente en la Patagonia\u201d.<\/p>\n<p style=\"text-align: justify;\">El Obispo tras la celebraci\u00f3n de Santa Rosa de Lima en Murta Viejo visit\u00f3 y comparti\u00f3 la eucarist\u00eda con otras comunidades cat\u00f3licas de la cuenca del lago General Carrera: R\u00edo Tranquilo, Guadal y Mall\u00edn Grande; y tambi\u00e9n en la localidad de Cochrane.<\/p>\n<\/div><\/section><\/div><div  style='height:50px' class='hr hr-invisible   avia-builder-el-6  el_after_av_one_full  el_before_av_social_share '><span class='hr-inner ' ><span class='hr-inner-style'><\/span><\/span><\/div><\/p>\n<div  class='av-social-sharing-box  avia-builder-el-7  el_after_av_hr  el_before_av_hr  '><div class='av-share-box'><h5 class='av-share-link-description av-no-toc '>Compartir esta noticia<\/h5><ul class='av-share-box-list noLightbox'><li class='av-share-link av-social-link-facebook' ><a target=\"_blank\" aria-label=\"Compartir en Facebook\" href='https:\/\/www.facebook.com\/sharer.php?u=https:\/\/radiorevelacionfm.cl\/?p=8112&#038;t=%E2%80%9CMurta%20Viejo%E2%80%9D%20florece%20con%20Santa%20Rosa%20de%20Lima' aria-hidden='false' data-av_icon='\ue8f3' data-av_iconfont='entypo-fontello' title='' data-avia-related-tooltip='Compartir en Facebook' rel=\"noopener\"><span class='avia_hidden_link_text'>Compartir en Facebook<\/span><\/a><\/li><li class='av-share-link av-social-link-twitter' ><a target=\"_blank\" aria-label=\"Compartir en Twitter\" href='https:\/\/twitter.com\/share?text=%E2%80%9CMurta%20Viejo%E2%80%9D%20florece%20con%20Santa%20Rosa%20de%20Lima&#038;url=https:\/\/radiorevelacionfm.cl\/?p=8112' aria-hidden='false' data-av_icon='\ue8f1' data-av_iconfont='entypo-fontello' title='' data-avia-related-tooltip='Compartir en Twitter' rel=\"noopener\"><span class='avia_hidden_link_text'>Compartir en Twitter<\/span><\/a><\/li><li class='av-share-link av-social-link-whatsapp' ><a target=\"_blank\" aria-label=\"Compartir en Whatsapp\" href='https:\/\/api.whatsapp.com\/send?text=https:\/\/radiorevelacionfm.cl\/?p=8112' aria-hidden='false' data-av_icon='\uf232' data-av_iconfont='entypo-fontello' title='' data-avia-related-tooltip='Compartir en Whatsapp' rel=\"noopener\"><span class='avia_hidden_link_text'>Compartir en Whatsapp<\/span><\/a><\/li><li class='av-share-link av-social-link-linkedin' ><a target=\"_blank\" aria-label=\"Compartir en LinkedIn\" href='https:\/\/linkedin.com\/shareArticle?mini=true&#038;title=%E2%80%9CMurta%20Viejo%E2%80%9D%20florece%20con%20Santa%20Rosa%20de%20Lima&#038;url=https:\/\/radiorevelacionfm.cl\/?p=8112' aria-hidden='false' data-av_icon='\ue8fc' data-av_iconfont='entypo-fontello' title='' data-avia-related-tooltip='Compartir en LinkedIn' rel=\"noopener\"><span class='avia_hidden_link_text'>Compartir en LinkedIn<\/span><\/a><\/li><li class='av-share-link av-social-link-mail' ><a  aria-label=\"Compartir por correo\" href='mailto:?subject=%E2%80%9CMurta%20Viejo%E2%80%9D%20florece%20con%20Santa%20Rosa%20de%20Lima&#038;body=https:\/\/radiorevelacionfm.cl\/?p=8112' aria-hidden='false' data-av_icon='\ue805' data-av_iconfont='entypo-fontello' title='' data-avia-related-tooltip='Compartir por correo'><span class='avia_hidden_link_text'>Compartir por correo<\/span><\/a><\/li><\/ul><\/div><\/div>\n<div  style='height:50px' class='hr hr-invisible   avia-builder-el-8  el_after_av_social_share  el_before_av_comments_list '><span class='hr-inner ' ><span class='hr-inner-style'><\/span><\/span><\/div>\n<div  class='av-buildercomment  av-blog-meta-html-info-disabled av-blog-meta-tag-disabled  '><\/div>\n","protected":false},"excerpt":{"rendered":"","protected":false},"author":1,"featured_media":8113,"comment_status":"open","ping_status":"open","sticky":false,"template":"","format":"standard","meta":{"footnotes":""},"categories":[38],"tags":[],"class_list":["post-8112","post","type-post","status-publish","format-standard","has-post-thumbnail","hentry","category-regional"],"jetpack_featured_media_url":"https:\/\/radiorevelacionfm.cl\/wp-content\/uploads\/2021\/08\/02-1_optimized.jpg","_links":{"self":[{"href":"https:\/\/radiorevelacionfm.cl\/index.php?rest_route=\/wp\/v2\/posts\/8112","targetHints":{"allow":["GET"]}}],"collection":[{"href":"https:\/\/radiorevelacionfm.cl\/index.php?rest_route=\/wp\/v2\/posts"}],"about":[{"href":"https:\/\/radiorevelacionfm.cl\/index.php?rest_route=\/wp\/v2\/types\/post"}],"author":[{"embeddable":true,"href":"https:\/\/radiorevelacionfm.cl\/index.php?rest_route=\/wp\/v2\/users\/1"}],"replies":[{"embeddable":true,"href":"https:\/\/radiorevelacionfm.cl\/index.php?rest_route=%2Fwp%2Fv2%2Fcomments&post=8112"}],"version-history":[{"count":1,"href":"https:\/\/radiorevelacionfm.cl\/index.php?rest_route=\/wp\/v2\/posts\/8112\/revisions"}],"predecessor-version":[{"id":8114,"href":"https:\/\/radiorevelacionfm.cl\/index.php?rest_route=\/wp\/v2\/posts\/8112\/revisions\/8114"}],"wp:featuredmedia":[{"embeddable":true,"href":"https:\/\/radiorevelacionfm.cl\/index.php?rest_route=\/wp\/v2\/media\/8113"}],"wp:attachment":[{"href":"https:\/\/radiorevelacionfm.cl\/index.php?rest_route=%2Fwp%2Fv2%2Fmedia&parent=8112"}],"wp:term":[{"taxonomy":"category","embeddable":true,"href":"https:\/\/radiorevelacionfm.cl\/index.php?rest_route=%2Fwp%2Fv2%2Fcategories&post=8112"},{"taxonomy":"post_tag","embeddable":true,"href":"https:\/\/radiorevelacionfm.cl\/index.php?rest_route=%2Fwp%2Fv2%2Ftags&post=8112"}],"curies":[{"name":"wp","href":"https:\/\/api.w.org\/{rel}","templated":true}]}}