{"id":8109,"date":"2021-08-31T17:12:25","date_gmt":"2021-08-31T20:12:25","guid":{"rendered":"https:\/\/radiorevelacionfm.cl\/?p=8109"},"modified":"2021-08-31T17:12:25","modified_gmt":"2021-08-31T20:12:25","slug":"mas-de-200-funcionarios-participaron-en-seminario-virtual-abordaje-y-prevencion-de-la-tortura-tratos-crueles-inhumanos-y-degradantes","status":"publish","type":"post","link":"https:\/\/radiorevelacionfm.cl\/?p=8109","title":{"rendered":"M\u00e1s de 200 funcionarios participaron en Seminario virtual \u201cAbordaje y Prevenci\u00f3n de la tortura, tratos crueles inhumanos y degradantes\u00bb"},"content":{"rendered":"<div class=\"flex_column av_one_full  flex_column_div av-zero-column-padding first  avia-builder-el-0  el_before_av_one_full  avia-builder-el-first  \" style='border-radius:0px; '><div  class='avia-image-container  av-styling-    avia-builder-el-1  avia-builder-el-no-sibling  avia-align-center '  itemprop=\"image\" itemscope=\"itemscope\" itemtype=\"https:\/\/schema.org\/ImageObject\"  ><div class='avia-image-container-inner'><div class='avia-image-overlay-wrap'><img decoding=\"async\" class='wp-image-8110 avia-img-lazy-loading-not-8110 avia_image' src=\"https:\/\/radiorevelacionfm.cl\/wp-content\/uploads\/2021\/08\/Seminario-Justicia-1-1.jpeg\" alt='' title='Seminario Justicia (1) (1)' height=\"600\" width=\"1125\"  itemprop=\"thumbnailUrl\" srcset=\"https:\/\/radiorevelacionfm.cl\/wp-content\/uploads\/2021\/08\/Seminario-Justicia-1-1.jpeg 1125w, https:\/\/radiorevelacionfm.cl\/wp-content\/uploads\/2021\/08\/Seminario-Justicia-1-1-300x160.jpeg 300w, https:\/\/radiorevelacionfm.cl\/wp-content\/uploads\/2021\/08\/Seminario-Justicia-1-1-1030x549.jpeg 1030w, https:\/\/radiorevelacionfm.cl\/wp-content\/uploads\/2021\/08\/Seminario-Justicia-1-1-768x410.jpeg 768w, https:\/\/radiorevelacionfm.cl\/wp-content\/uploads\/2021\/08\/Seminario-Justicia-1-1-705x376.jpeg 705w, https:\/\/radiorevelacionfm.cl\/wp-content\/uploads\/2021\/08\/Seminario-Justicia-1-1-600x320.jpeg 600w\" sizes=\"(max-width: 1125px) 100vw, 1125px\" \/><\/div><\/div><\/div><\/div><div class=\"flex_column av_one_full  flex_column_div av-zero-column-padding first  avia-builder-el-2  el_after_av_one_full  el_before_av_one_full  column-top-margin\" style='border-radius:0px; '><section class=\"av_textblock_section \"  itemscope=\"itemscope\" itemtype=\"https:\/\/schema.org\/BlogPosting\" itemprop=\"blogPost\" ><div class='avia_textblock  '   itemprop=\"text\" ><p style=\"text-align: center;\"><strong><span style=\"font-size: 18pt;\">M\u00e1s de 200 funcionarios participaron en Seminario virtual \u201cAbordaje y Prevenci\u00f3n de la tortura, tratos crueles inhumanos y degradantes\u00bb<\/span><\/strong><\/p>\n<div id=\"gtx-trans\" style=\"position: absolute; left: -50px; top: 4.31534px;\">\n<div class=\"gtx-trans-icon\"><\/div>\n<\/div>\n<\/div><\/section><\/div><div class=\"flex_column av_one_full  flex_column_div av-zero-column-padding first  avia-builder-el-4  el_after_av_one_full  el_before_av_hr  column-top-margin\" style='border-radius:0px; '><section class=\"av_textblock_section \"  itemscope=\"itemscope\" itemtype=\"https:\/\/schema.org\/BlogPosting\" itemprop=\"blogPost\" ><div class='avia_textblock  '   itemprop=\"text\" ><p style=\"text-align: justify;\">Con la participaci\u00f3n de m\u00e1s de 200 funcionarios p\u00fablicos se desarroll\u00f3 el pasado viernes, el Seminario virtual \u201cAbordaje y Prevenci\u00f3n de la tortura, tratos crueles inhumanos y degradantes: Desaf\u00edos para el estado de Chile y la regi\u00f3n de Ays\u00e9n\u201d, instancia organizada por la Secretar\u00eda Regional Ministerial de Justicia y Derechos Humanos y la sede regional del INDH, y que se enmarca en el trabajo colaborativo desarrollado durante el presente a\u00f1o.<\/p>\n<p style=\"text-align: justify;\">La actividad ten\u00eda como objetivo fortalecer el conocimiento por parte de los agentes del Estado, comunidad profesional y estudiantil de la regi\u00f3n de Ays\u00e9n sobre la tem\u00e1tica, adem\u00e1s de conocer la normativa nacional e internacional, los mecanismos de prevenci\u00f3n y desaf\u00edos de su implementaci\u00f3n sobre la realidad nacional y regional, entre otros.<\/p>\n<p style=\"text-align: justify;\">La instancia de di\u00e1logo fue encabezada por la Subsecretaria de Derechos Humanos Lorena Recabarren<strong>, <\/strong>quien introdujo a los participantes en la materia, destacando que: \u201cfelicito la instancia y destaco la creaci\u00f3n reciente del Mecanismo Nacional de Prevenci\u00f3n contra la Tortura del INDH. Desde la Subsecretar\u00eda de Derechos Humanos estamos comprometidos con la materializaci\u00f3n de la prevenci\u00f3n de la tortura, y a trav\u00e9s de nuestro primer y segundo Plan Nacional de Derechos Humanos, hemos destinado un capitulo completo respecto a ello, coordinando y comprometiendo a instituciones en acciones para la prevenci\u00f3n de \u00e9sta\u201d.<\/p>\n<p style=\"text-align: justify;\">La jornada cont\u00f3 con dos exposiciones, la primera a cargo de Alejandra D\u00edaz Guide, Integrante Experta del Comit\u00e9 de Prevenci\u00f3n de Tortura del INDH, quien abord\u00f3 el \u201cMecanismo nacional de prevenci\u00f3n de la tortura, tratos crueles inhumanos y degradantes: Ley 21154 y designaci\u00f3n de INDH como mecanismo\u201d, posteriormente fue el turno del Coordinador de la Investigaci\u00f3n Administrativa de la Unidad Programa de DD.HH de la Subsecretar\u00eda de Derechos Humanos, Sandro Gaete Escobar, quien expuso sobre la \u201cTortura, tratos crueles, inhumanos y degradantes: conceptos, normativa internacional y nacional, rol del Estado y desaf\u00edos en materia de prevenci\u00f3n\u201d.<\/p>\n<p style=\"text-align: justify;\">Desde la Unidad de Derechos Humanos de la Subsecretar\u00eda de DD.HH. Sandro Gaete, relev\u00f3 la gran cantidad de personas que participaron en la jornada, destacando que demuestra la importancia del tema abordado. El profesional expuso sobre la prevenci\u00f3n de Tortura, los deberes del Estado, la historia de la tortura, como se encuentra contenida su prohibici\u00f3n en el Derecho Internacional de Derechos Humanos, y en nuestra legislaci\u00f3n nacional. Finalmente destac\u00f3 que: \u201cel Estado est\u00e1 permanentemente preocupado y es funci\u00f3n nuestra tratar de colaborar y crear conciencia sobre una cultura institucional por los Derechos Humanos en general\u201d.<\/p>\n<p style=\"text-align: justify;\">Finalmente, el Director de la sede regional del INDH Joaqu\u00edn Bizama destac\u00f3 esta instancia, se\u00f1alando que \u201cestamos muy contentos por la convocatoria que tuvo, por la profundidad de los temas abordados, y porque visibilizamos una realidad que est\u00e1 ah\u00ed, que los datos, antecedentes y n\u00fameros nos plantean que hoy d\u00eda existe tortura, existen tratos crueles e inhumanos o degradantes por parte de agentes del estado contra las personas, en este sentido como INDH desde nuestra creaci\u00f3n el a\u00f1o 2010, hemos venido haciendo distintas observaciones a prop\u00f3sito de las denuncias que recibimos referente a este delito y estas violaciones a los Derechos Humanos, hemos generado bastantes recomendaciones al Estado, las cuales han sido adoptadas a trav\u00e9s de modificaciones legislativas, creaci\u00f3n de mecanismos para la prevenci\u00f3n de la tortura en Chile y modificaciones normativas y creaci\u00f3n de mallas curriculares que contengan DD.HH para las ramas de las Fuerzas Armadas, de Carabineros, de la PDI y Gendarmer\u00eda, consideramos que la educaci\u00f3n y promoci\u00f3n de los Derechos Humanos es la herramienta principal para erradicar este tipo de vulneraciones y abusos en contra de las personas, sobre todo aquellas que est\u00e1n bajo custodia del Estado, es un actividad que resalta la coordinaci\u00f3n que existe entre el INDH y la Serem\u00eda de Justicia, y que permite realizar actividades de esta \u00edndole con una excelente participaci\u00f3n y que nos ayuda a abordar tem\u00e1ticas que son de relevancia para la regi\u00f3n\u201d.<\/p>\n<\/div><\/section><\/div><div  style='height:50px' class='hr hr-invisible   avia-builder-el-6  el_after_av_one_full  el_before_av_social_share '><span class='hr-inner ' ><span class='hr-inner-style'><\/span><\/span><\/div><\/p>\n<div  class='av-social-sharing-box  avia-builder-el-7  el_after_av_hr  el_before_av_hr  '><div class='av-share-box'><h5 class='av-share-link-description av-no-toc '>Compartir esta noticia<\/h5><ul class='av-share-box-list noLightbox'><li class='av-share-link av-social-link-facebook' ><a target=\"_blank\" aria-label=\"Compartir en Facebook\" href='https:\/\/www.facebook.com\/sharer.php?u=https:\/\/radiorevelacionfm.cl\/?p=8109&#038;t=M%C3%A1s%20de%20200%20funcionarios%20participaron%20en%20Seminario%20virtual%20%E2%80%9CAbordaje%20y%20Prevenci%C3%B3n%20de%20la%20tortura%2C%20tratos%20crueles%20inhumanos%20y%20degradantes%C2%BB' aria-hidden='false' data-av_icon='\ue8f3' data-av_iconfont='entypo-fontello' title='' data-avia-related-tooltip='Compartir en Facebook' rel=\"noopener\"><span class='avia_hidden_link_text'>Compartir en Facebook<\/span><\/a><\/li><li class='av-share-link av-social-link-twitter' ><a target=\"_blank\" aria-label=\"Compartir en Twitter\" href='https:\/\/twitter.com\/share?text=M%C3%A1s%20de%20200%20funcionarios%20participaron%20en%20Seminario%20virtual%20%E2%80%9CAbordaje%20y%20Prevenci%C3%B3n%20de%20la%20tortura%2C%20tratos%20crueles%20inhumanos%20y%20degradantes%C2%BB&#038;url=https:\/\/radiorevelacionfm.cl\/?p=8109' aria-hidden='false' data-av_icon='\ue8f1' data-av_iconfont='entypo-fontello' title='' data-avia-related-tooltip='Compartir en Twitter' rel=\"noopener\"><span class='avia_hidden_link_text'>Compartir en Twitter<\/span><\/a><\/li><li class='av-share-link av-social-link-whatsapp' ><a target=\"_blank\" aria-label=\"Compartir en Whatsapp\" href='https:\/\/api.whatsapp.com\/send?text=https:\/\/radiorevelacionfm.cl\/?p=8109' aria-hidden='false' data-av_icon='\uf232' data-av_iconfont='entypo-fontello' title='' data-avia-related-tooltip='Compartir en Whatsapp' rel=\"noopener\"><span class='avia_hidden_link_text'>Compartir en Whatsapp<\/span><\/a><\/li><li class='av-share-link av-social-link-linkedin' ><a target=\"_blank\" aria-label=\"Compartir en LinkedIn\" href='https:\/\/linkedin.com\/shareArticle?mini=true&#038;title=M%C3%A1s%20de%20200%20funcionarios%20participaron%20en%20Seminario%20virtual%20%E2%80%9CAbordaje%20y%20Prevenci%C3%B3n%20de%20la%20tortura%2C%20tratos%20crueles%20inhumanos%20y%20degradantes%C2%BB&#038;url=https:\/\/radiorevelacionfm.cl\/?p=8109' aria-hidden='false' data-av_icon='\ue8fc' data-av_iconfont='entypo-fontello' title='' data-avia-related-tooltip='Compartir en LinkedIn' rel=\"noopener\"><span class='avia_hidden_link_text'>Compartir en LinkedIn<\/span><\/a><\/li><li class='av-share-link av-social-link-mail' ><a  aria-label=\"Compartir por correo\" href='mailto:?subject=M%C3%A1s%20de%20200%20funcionarios%20participaron%20en%20Seminario%20virtual%20%E2%80%9CAbordaje%20y%20Prevenci%C3%B3n%20de%20la%20tortura%2C%20tratos%20crueles%20inhumanos%20y%20degradantes%C2%BB&#038;body=https:\/\/radiorevelacionfm.cl\/?p=8109' aria-hidden='false' data-av_icon='\ue805' data-av_iconfont='entypo-fontello' title='' data-avia-related-tooltip='Compartir por correo'><span class='avia_hidden_link_text'>Compartir por correo<\/span><\/a><\/li><\/ul><\/div><\/div>\n<div  style='height:50px' class='hr hr-invisible   avia-builder-el-8  el_after_av_social_share  el_before_av_comments_list '><span class='hr-inner ' ><span class='hr-inner-style'><\/span><\/span><\/div>\n<div  class='av-buildercomment  av-blog-meta-html-info-disabled av-blog-meta-tag-disabled  '><\/div>\n","protected":false},"excerpt":{"rendered":"","protected":false},"author":1,"featured_media":8110,"comment_status":"open","ping_status":"open","sticky":false,"template":"","format":"standard","meta":{"footnotes":""},"categories":[55],"tags":[],"class_list":["post-8109","post","type-post","status-publish","format-standard","has-post-thumbnail","hentry","category-justicia"],"jetpack_featured_media_url":"https:\/\/radiorevelacionfm.cl\/wp-content\/uploads\/2021\/08\/Seminario-Justicia-1-1.jpeg","_links":{"self":[{"href":"https:\/\/radiorevelacionfm.cl\/index.php?rest_route=\/wp\/v2\/posts\/8109","targetHints":{"allow":["GET"]}}],"collection":[{"href":"https:\/\/radiorevelacionfm.cl\/index.php?rest_route=\/wp\/v2\/posts"}],"about":[{"href":"https:\/\/radiorevelacionfm.cl\/index.php?rest_route=\/wp\/v2\/types\/post"}],"author":[{"embeddable":true,"href":"https:\/\/radiorevelacionfm.cl\/index.php?rest_route=\/wp\/v2\/users\/1"}],"replies":[{"embeddable":true,"href":"https:\/\/radiorevelacionfm.cl\/index.php?rest_route=%2Fwp%2Fv2%2Fcomments&post=8109"}],"version-history":[{"count":1,"href":"https:\/\/radiorevelacionfm.cl\/index.php?rest_route=\/wp\/v2\/posts\/8109\/revisions"}],"predecessor-version":[{"id":8111,"href":"https:\/\/radiorevelacionfm.cl\/index.php?rest_route=\/wp\/v2\/posts\/8109\/revisions\/8111"}],"wp:featuredmedia":[{"embeddable":true,"href":"https:\/\/radiorevelacionfm.cl\/index.php?rest_route=\/wp\/v2\/media\/8110"}],"wp:attachment":[{"href":"https:\/\/radiorevelacionfm.cl\/index.php?rest_route=%2Fwp%2Fv2%2Fmedia&parent=8109"}],"wp:term":[{"taxonomy":"category","embeddable":true,"href":"https:\/\/radiorevelacionfm.cl\/index.php?rest_route=%2Fwp%2Fv2%2Fcategories&post=8109"},{"taxonomy":"post_tag","embeddable":true,"href":"https:\/\/radiorevelacionfm.cl\/index.php?rest_route=%2Fwp%2Fv2%2Ftags&post=8109"}],"curies":[{"name":"wp","href":"https:\/\/api.w.org\/{rel}","templated":true}]}}