{"id":8104,"date":"2021-08-31T14:13:17","date_gmt":"2021-08-31T17:13:17","guid":{"rendered":"https:\/\/radiorevelacionfm.cl\/?p=8104"},"modified":"2021-08-31T14:39:54","modified_gmt":"2021-08-31T17:39:54","slug":"con-exito-rotundo-y-de-manera-colaborativa-celebraron-el-mes-de-la-juventud-en-la-comuna-de-aysen","status":"publish","type":"post","link":"https:\/\/radiorevelacionfm.cl\/?p=8104","title":{"rendered":"Con \u00e9xito rotundo y de manera colaborativa celebraron el Mes de la Juventud en la comuna de Ays\u00e9n"},"content":{"rendered":"<div class=\"flex_column av_one_full  flex_column_div av-zero-column-padding first  avia-builder-el-0  el_before_av_one_full  avia-builder-el-first  \" style='border-radius:0px; '><div  class='avia-image-container  av-styling-    avia-builder-el-1  avia-builder-el-no-sibling  avia-align-center '  itemprop=\"image\" itemscope=\"itemscope\" itemtype=\"https:\/\/schema.org\/ImageObject\"  ><div class='avia-image-container-inner'><div class='avia-image-overlay-wrap'><img decoding=\"async\" class='wp-image-8107 avia-img-lazy-loading-not-8107 avia_image' src=\"https:\/\/radiorevelacionfm.cl\/wp-content\/uploads\/2021\/08\/img-Plazajuventud0-1-1.jpg\" alt='' title='img-Plazajuventud0 (1) (1)' height=\"600\" width=\"919\"  itemprop=\"thumbnailUrl\" srcset=\"https:\/\/radiorevelacionfm.cl\/wp-content\/uploads\/2021\/08\/img-Plazajuventud0-1-1.jpg 919w, https:\/\/radiorevelacionfm.cl\/wp-content\/uploads\/2021\/08\/img-Plazajuventud0-1-1-300x196.jpg 300w, https:\/\/radiorevelacionfm.cl\/wp-content\/uploads\/2021\/08\/img-Plazajuventud0-1-1-768x501.jpg 768w, https:\/\/radiorevelacionfm.cl\/wp-content\/uploads\/2021\/08\/img-Plazajuventud0-1-1-705x460.jpg 705w, https:\/\/radiorevelacionfm.cl\/wp-content\/uploads\/2021\/08\/img-Plazajuventud0-1-1-600x392.jpg 600w\" sizes=\"(max-width: 919px) 100vw, 919px\" \/><\/div><\/div><\/div><\/div><div class=\"flex_column av_one_full  flex_column_div av-zero-column-padding first  avia-builder-el-2  el_after_av_one_full  el_before_av_one_full  column-top-margin\" style='border-radius:0px; '><section class=\"av_textblock_section \"  itemscope=\"itemscope\" itemtype=\"https:\/\/schema.org\/BlogPosting\" itemprop=\"blogPost\" ><div class='avia_textblock  '   itemprop=\"text\" ><p style=\"text-align: center;\"><strong><span style=\"font-size: 18pt;\">Con \u00e9xito rotundo y de manera colaborativa celebraron el Mes de la Juventud en la comuna de Ays\u00e9n<\/span><\/strong><\/p>\n<div id=\"gtx-trans\" style=\"position: absolute; left: -50px; top: 4.31534px;\">\n<div class=\"gtx-trans-icon\"><\/div>\n<\/div>\n<\/div><\/section><\/div><\/p>\n<div class=\"flex_column av_one_full  flex_column_div av-zero-column-padding first  avia-builder-el-4  el_after_av_one_full  el_before_av_hr  column-top-margin\" style='border-radius:0px; '><section class=\"av_textblock_section \"  itemscope=\"itemscope\" itemtype=\"https:\/\/schema.org\/BlogPosting\" itemprop=\"blogPost\" ><div class='avia_textblock  '   itemprop=\"text\" ><p style=\"text-align: justify;\">Tras un trabajo mancomunado entre m\u00faltiples instituciones p\u00fablicas agrupadas en la Mesa Intersectorial de Prevenci\u00f3n en Violencia contra la Mujer y la Red de Infancia Comunal de Ays\u00e9n, permiti\u00f3 entregar a los j\u00f3venes de la comuna porte\u00f1a un importante momento de distensi\u00f3n con motivo de celebrar el \u201cMes de la Juventud\u201d. Instancia que congreg\u00f3 distintas iniciativas culturales y sociales que confluyeron en una serie de expresiones art\u00edsticas destinadas a relevar el talento aysenino. Todo esto desde el Cine &#8211; Teatro Municipal de Ays\u00e9n bajo las medidas sanitarias exigidas por la Autoridad Sanitaria.<\/p>\n<p style=\"text-align: justify;\">Al respecto el jefe regional del Instituto Nacional de Derechos Humanos (INDH) en Ays\u00e9n, Joaqu\u00edn Bizama, y representante de ambas mesas de trabajo declar\u00f3 que \u201ca pesar de la inclemencia del tiempo y tambi\u00e9n de los cambios en el lugar en que se iba a desarrollar esta actividad, a pesar de aquello, existe una participaci\u00f3n importante de los j\u00f3venes y adolescentes de Puerto Ays\u00e9n. Mi impresi\u00f3n es que estos espacios son necesarios, creo que ya existe una base para trabajar desde distintos organismos p\u00fablicos que estamos apoyando y motivando este tipo de actividades porque creemos que los j\u00f3venes requieren de estos espacios para poder manifestarse, desarrollarse, mostrar sus talentos como lo est\u00e1n haciendo a trav\u00e9s del Free Style y obviamente que con el apoyo de la municipalidad esto se puede concretar de mejor manera\u201d.<\/p>\n<p style=\"text-align: justify;\">Por su parte, el director de Desarrollo Comunitario de la Ilustre Municipalidad de Ays\u00e9n, Mauricio Jaque Luengo, destac\u00f3 que prontamente como instituci\u00f3n esperan instalar una \u201cOficina de asuntos juveniles\u201d que pueda dar respuesta a todas las solicitudes, requerimientos e inquietudes de los j\u00f3venes ayseninos. \u201cEstoy muy contento, me encanta trabajar con los chiquillos porque hay un tremendo potencial, son creativos y eso quiero que sepan, que nuestro municipio est\u00e1 a su servicio\u201d, indic\u00f3 el personero municipal.<\/p>\n<p style=\"text-align: justify;\">En tanto, la Encargada del Programa de Prevenci\u00f3n en Violencia contra la Mujer (VcM) del Centro de la Mujer Naa Alver\u00e9, Leslie Bruna Bustamante, recalc\u00f3 su felicidad y la del equipo por concretar este importante hito en coordinaci\u00f3n con todos los actores involucrados en ambas mesas y que, integra por primera vez la opini\u00f3n de los j\u00f3venes para el desarrollo de la actividad. Destacando que, este grupo de la sociedad debe contar con la capacidad de mostrar sus aprendizajes para actuar ahora como \u201cagentes de cambio\u201d. Por lo que, la profesional indic\u00f3 que esta jornada tambi\u00e9n busca contribuir con la generaci\u00f3n de nuevos espacios que permitan recuperar lo perdido durante la crisis sanitaria por covid-19.<\/p>\n<p style=\"text-align: justify;\">Asimismo, Sindia Haro, gestora territorial de la Oficina de Protecci\u00f3n de Derechos de Ays\u00e9n, abord\u00f3 esta actividad y su conjunto a trav\u00e9s del trabajo intersectorial efectuado con las distintas mesas involucradas. \u201cEstamos muy contentos de la convocatoria que hubo hoy en d\u00eda, tanto de los chicos de Puerto Ays\u00e9n como tambi\u00e9n de Coyhaique, tenemos presente a CONAF, a todos los\u00a0programas\u00a0que pertenecen a la Corporaci\u00f3n Opci\u00f3n,\u00a0Senda Previene, OPD Ays\u00e9n, PDI y tambi\u00e9n al Instituto Nacional de Derechos Humanos\u201d.<\/p>\n<p style=\"text-align: justify;\">Finalmente, Dylan Silva, joven y artista aysenino que particip\u00f3 de la instancia, expres\u00f3 que esto contribuye positivamente a lo que ya se encuentra efectuando la juventud de Ays\u00e9n con los eventos auto convocados que se realizan en plazas y otros lugares. Con ello, tambi\u00e9n Silva agreg\u00f3 que, \u201clos j\u00f3venes no est\u00e1n perdidos y es bonita esta ayuda social que est\u00e1n haciendo de difundir la m\u00fasica y el arte de los ni\u00f1os\u201d, realizando un llamado a la integraci\u00f3n juvenil, debido a que prontamente ellos desempe\u00f1aran un rol activo como agentes en la sociedad.<\/p>\n<\/div><\/section><\/div>\n<div  style='height:50px' class='hr hr-invisible   avia-builder-el-6  el_after_av_one_full  el_before_av_social_share '><span class='hr-inner ' ><span class='hr-inner-style'><\/span><\/span><\/div>\n<div  class='av-social-sharing-box  avia-builder-el-7  el_after_av_hr  el_before_av_hr  '><div class='av-share-box'><h5 class='av-share-link-description av-no-toc '>Compartir esta noticia<\/h5><ul class='av-share-box-list noLightbox'><li class='av-share-link av-social-link-facebook' ><a target=\"_blank\" aria-label=\"Compartir en Facebook\" href='https:\/\/www.facebook.com\/sharer.php?u=https:\/\/radiorevelacionfm.cl\/?p=8104&#038;t=Con%20%C3%A9xito%20rotundo%20y%20de%20manera%20colaborativa%20celebraron%20el%20Mes%20de%20la%20Juventud%20en%20la%20comuna%20de%20Ays%C3%A9n' aria-hidden='false' data-av_icon='\ue8f3' data-av_iconfont='entypo-fontello' title='' data-avia-related-tooltip='Compartir en Facebook' rel=\"noopener\"><span class='avia_hidden_link_text'>Compartir en Facebook<\/span><\/a><\/li><li class='av-share-link av-social-link-twitter' ><a target=\"_blank\" aria-label=\"Compartir en Twitter\" href='https:\/\/twitter.com\/share?text=Con%20%C3%A9xito%20rotundo%20y%20de%20manera%20colaborativa%20celebraron%20el%20Mes%20de%20la%20Juventud%20en%20la%20comuna%20de%20Ays%C3%A9n&#038;url=https:\/\/radiorevelacionfm.cl\/?p=8104' aria-hidden='false' data-av_icon='\ue8f1' data-av_iconfont='entypo-fontello' title='' data-avia-related-tooltip='Compartir en Twitter' rel=\"noopener\"><span class='avia_hidden_link_text'>Compartir en Twitter<\/span><\/a><\/li><li class='av-share-link av-social-link-whatsapp' ><a target=\"_blank\" aria-label=\"Compartir en Whatsapp\" href='https:\/\/api.whatsapp.com\/send?text=https:\/\/radiorevelacionfm.cl\/?p=8104' aria-hidden='false' data-av_icon='\uf232' data-av_iconfont='entypo-fontello' title='' data-avia-related-tooltip='Compartir en Whatsapp' rel=\"noopener\"><span class='avia_hidden_link_text'>Compartir en Whatsapp<\/span><\/a><\/li><li class='av-share-link av-social-link-linkedin' ><a target=\"_blank\" aria-label=\"Compartir en LinkedIn\" href='https:\/\/linkedin.com\/shareArticle?mini=true&#038;title=Con%20%C3%A9xito%20rotundo%20y%20de%20manera%20colaborativa%20celebraron%20el%20Mes%20de%20la%20Juventud%20en%20la%20comuna%20de%20Ays%C3%A9n&#038;url=https:\/\/radiorevelacionfm.cl\/?p=8104' aria-hidden='false' data-av_icon='\ue8fc' data-av_iconfont='entypo-fontello' title='' data-avia-related-tooltip='Compartir en LinkedIn' rel=\"noopener\"><span class='avia_hidden_link_text'>Compartir en LinkedIn<\/span><\/a><\/li><li class='av-share-link av-social-link-mail' ><a  aria-label=\"Compartir por correo\" href='mailto:?subject=Con%20%C3%A9xito%20rotundo%20y%20de%20manera%20colaborativa%20celebraron%20el%20Mes%20de%20la%20Juventud%20en%20la%20comuna%20de%20Ays%C3%A9n&#038;body=https:\/\/radiorevelacionfm.cl\/?p=8104' aria-hidden='false' data-av_icon='\ue805' data-av_iconfont='entypo-fontello' title='' data-avia-related-tooltip='Compartir por correo'><span class='avia_hidden_link_text'>Compartir por correo<\/span><\/a><\/li><\/ul><\/div><\/div>\n<div  style='height:50px' class='hr hr-invisible   avia-builder-el-8  el_after_av_social_share  el_before_av_comments_list '><span class='hr-inner ' ><span class='hr-inner-style'><\/span><\/span><\/div>\n<div  class='av-buildercomment  av-blog-meta-html-info-disabled av-blog-meta-tag-disabled  '><\/div>\n","protected":false},"excerpt":{"rendered":"","protected":false},"author":1,"featured_media":8107,"comment_status":"open","ping_status":"open","sticky":false,"template":"","format":"standard","meta":{"footnotes":""},"categories":[38],"tags":[],"class_list":["post-8104","post","type-post","status-publish","format-standard","has-post-thumbnail","hentry","category-regional"],"jetpack_featured_media_url":"https:\/\/radiorevelacionfm.cl\/wp-content\/uploads\/2021\/08\/img-Plazajuventud0-1-1.jpg","_links":{"self":[{"href":"https:\/\/radiorevelacionfm.cl\/index.php?rest_route=\/wp\/v2\/posts\/8104","targetHints":{"allow":["GET"]}}],"collection":[{"href":"https:\/\/radiorevelacionfm.cl\/index.php?rest_route=\/wp\/v2\/posts"}],"about":[{"href":"https:\/\/radiorevelacionfm.cl\/index.php?rest_route=\/wp\/v2\/types\/post"}],"author":[{"embeddable":true,"href":"https:\/\/radiorevelacionfm.cl\/index.php?rest_route=\/wp\/v2\/users\/1"}],"replies":[{"embeddable":true,"href":"https:\/\/radiorevelacionfm.cl\/index.php?rest_route=%2Fwp%2Fv2%2Fcomments&post=8104"}],"version-history":[{"count":2,"href":"https:\/\/radiorevelacionfm.cl\/index.php?rest_route=\/wp\/v2\/posts\/8104\/revisions"}],"predecessor-version":[{"id":8108,"href":"https:\/\/radiorevelacionfm.cl\/index.php?rest_route=\/wp\/v2\/posts\/8104\/revisions\/8108"}],"wp:featuredmedia":[{"embeddable":true,"href":"https:\/\/radiorevelacionfm.cl\/index.php?rest_route=\/wp\/v2\/media\/8107"}],"wp:attachment":[{"href":"https:\/\/radiorevelacionfm.cl\/index.php?rest_route=%2Fwp%2Fv2%2Fmedia&parent=8104"}],"wp:term":[{"taxonomy":"category","embeddable":true,"href":"https:\/\/radiorevelacionfm.cl\/index.php?rest_route=%2Fwp%2Fv2%2Fcategories&post=8104"},{"taxonomy":"post_tag","embeddable":true,"href":"https:\/\/radiorevelacionfm.cl\/index.php?rest_route=%2Fwp%2Fv2%2Ftags&post=8104"}],"curies":[{"name":"wp","href":"https:\/\/api.w.org\/{rel}","templated":true}]}}