{"id":8101,"date":"2021-08-31T11:29:23","date_gmt":"2021-08-31T14:29:23","guid":{"rendered":"https:\/\/radiorevelacionfm.cl\/?p=8101"},"modified":"2021-08-31T11:29:23","modified_gmt":"2021-08-31T14:29:23","slug":"pinguinos-al-agua-navega-sus-kayaks-en-aguas-manihualinas","status":"publish","type":"post","link":"https:\/\/radiorevelacionfm.cl\/?p=8101","title":{"rendered":"\u201cPing\u00fcinos al Agua\u201d navega sus kayaks en aguas ma\u00f1ihualinas"},"content":{"rendered":"<div class=\"flex_column av_one_full  flex_column_div av-zero-column-padding first  avia-builder-el-0  el_before_av_one_full  avia-builder-el-first  \" style='border-radius:0px; '><div  class='avia-image-container  av-styling-    avia-builder-el-1  avia-builder-el-no-sibling  avia-align-center '  itemprop=\"image\" itemscope=\"itemscope\" itemtype=\"https:\/\/schema.org\/ImageObject\"  ><div class='avia-image-container-inner'><div class='avia-image-overlay-wrap'><img decoding=\"async\" class='wp-image-8102 avia-img-lazy-loading-not-8102 avia_image' src=\"https:\/\/radiorevelacionfm.cl\/wp-content\/uploads\/2021\/08\/pinguinos-al-agua_1-1_optimized.jpg\" alt='' title='pinguinos-al-agua_1-(1)_optimized' height=\"600\" width=\"900\"  itemprop=\"thumbnailUrl\" srcset=\"https:\/\/radiorevelacionfm.cl\/wp-content\/uploads\/2021\/08\/pinguinos-al-agua_1-1_optimized.jpg 900w, https:\/\/radiorevelacionfm.cl\/wp-content\/uploads\/2021\/08\/pinguinos-al-agua_1-1_optimized-300x200.jpg 300w, https:\/\/radiorevelacionfm.cl\/wp-content\/uploads\/2021\/08\/pinguinos-al-agua_1-1_optimized-768x512.jpg 768w, https:\/\/radiorevelacionfm.cl\/wp-content\/uploads\/2021\/08\/pinguinos-al-agua_1-1_optimized-705x470.jpg 705w, https:\/\/radiorevelacionfm.cl\/wp-content\/uploads\/2021\/08\/pinguinos-al-agua_1-1_optimized-600x400.jpg 600w\" sizes=\"(max-width: 900px) 100vw, 900px\" \/><\/div><\/div><\/div><\/div><div class=\"flex_column av_one_full  flex_column_div av-zero-column-padding first  avia-builder-el-2  el_after_av_one_full  el_before_av_one_full  column-top-margin\" style='border-radius:0px; '><section class=\"av_textblock_section \"  itemscope=\"itemscope\" itemtype=\"https:\/\/schema.org\/BlogPosting\" itemprop=\"blogPost\" ><div class='avia_textblock  '   itemprop=\"text\" ><p style=\"text-align: center;\"><span style=\"font-size: 18pt;\"><strong>\u201cPing\u00fcinos al Agua\u201d navega sus kayaks en aguas ma\u00f1ihualinas<\/strong><\/span><\/p>\n<div id=\"gtx-trans\" style=\"position: absolute; left: -50px; top: 4.31534px;\">\n<div class=\"gtx-trans-icon\"><\/div>\n<\/div>\n<\/div><\/section><\/div><div class=\"flex_column av_one_full  flex_column_div av-zero-column-padding first  avia-builder-el-4  el_after_av_one_full  el_before_av_hr  column-top-margin\" style='border-radius:0px; '><section class=\"av_textblock_section \"  itemscope=\"itemscope\" itemtype=\"https:\/\/schema.org\/BlogPosting\" itemprop=\"blogPost\" ><div class='avia_textblock  '   itemprop=\"text\" ><p style=\"text-align: justify;\">Hasta laguna La Esponja, en Villa Ma\u00f1ihuales, se traslad\u00f3 este s\u00e1bado el equipo del programa Ping\u00fcinos al Agua, en el marco de una nueva sesi\u00f3n semanal. De esta manera, estudiantes del liceo Ma\u00f1ihuales fueron los protagonistas de las clases de kayak, que esta vez se efectu\u00f3 en localidades.<\/p>\n<p style=\"text-align: justify;\">\u201cFue una instancia recreativa muy divertida para los alumnos participantes. Agradecer el apoyo de los profesores de educaci\u00f3n f\u00edsica que estuvieron presentes en la actividad desde el minuto uno contactando a los estudiantes que estaban interesados en participar, ayud\u00e1ndonos en las autorizaciones, cambios de equipos, as\u00ed que muy agradecidos por el apoyo que recibimos en el liceo\u201d, manifest\u00f3 la coordinadora de la Unidad Extraescolar, Salud y Deporte de la Direcci\u00f3n de Educaci\u00f3n Municipal -a cargo del programa-, Cynthia Arra\u00f1o.<\/p>\n<p style=\"text-align: justify;\">\u201cEs una actividad nueva que hemos podido instaurar este a\u00f1o ya que hace bastante tiempo no \u00edbamos a laguna La Esponja a hacer actividades. Fue un d\u00eda muy helado, pero a\u00fan as\u00ed los chicos participaron, luego les dimos sus colaciones, nos trasladamos nuevamente al liceo, se cambiaron su equipo para luego dirigirse a sus hogares. Todos muy contentos y agradeciendo mucho la participaci\u00f3n del programa y el compromiso de sus profesores\u201d, agreg\u00f3 la profesional respecto a esta actividad que se realiza todos los d\u00edas s\u00e1bado desde el a\u00f1o 2016, siempre al alero de la Direcci\u00f3n de Educaci\u00f3n Municipal.<\/p>\n<p style=\"text-align: justify;\">Referente a la programaci\u00f3n sobre esta actividad, que tradicionalmente se lleva a cabo durante la jornada de la ma\u00f1ana los d\u00edas s\u00e1bado en la ribera del r\u00edo Ays\u00e9n, Arra\u00f1o Vera inform\u00f3 que \u201ctratamos de ser lo mas equitativos. El monitor deportivo del programa hace el calendario semestral en este caso, as\u00ed que la idea es darles la oportunidad a todos los estudiantes municipales de participar en alguna instancia de estas clases de kayak, y eso incluye escuela Almirante Simpson, en Puerto Chacabuco; el liceo Ma\u00f1ihuales, y esperamos prontamente poder ir a Islas Huichas a realizar alguna actividad deportiva all\u00e1\u201d.<\/p>\n<p style=\"text-align: justify;\">Por su parte, Gary Fredes -instructor gu\u00eda del programa- relev\u00f3 la iniciativa en que, adem\u00e1s, participaron dos alumnos de la modalidad avanzada de Puerto Ays\u00e9n, a fin de compartir experiencias en pos de potenciar estilos de vida saludable de la mano de la actividad f\u00edsica y, en este caso, de esta disciplina deportiva. \u201cLa clase estuvo bastante buena, los chiquillos estuvieron s\u00faper motivados, y eso es lo importante, el que salgan a hacer deporte acu\u00e1tico o deporte al aire libre realmente ayuda a todos, ayuda tambi\u00e9n en el tiempo de pandemia que estamos, as\u00ed que bastante bien y alegres\u201d, indic\u00f3 a\u00f1adiendo que \u201caunque las condiciones no fueron las m\u00e1s favorables, los chicos se tiraron al agua, participaron de la actividad, y eso hizo que valiera totalmente la pena ir hasta Villa Ma\u00f1ihuales. Fuimos con dos chiquillos de los antiguos, uno del liceo Polit\u00e9cnico y otro del liceo Ra\u00fal Broussain Campino. Ellos son los avanzados y se les dio la oportunidad que fueran a compartir con sus compa\u00f1eros. Adem\u00e1s, que todos ellos estuvieron contentos, alegres, que vivieran la experiencia y que les gustara la instancia, eso es lo m\u00e1s reconfortante\u201d.<\/p>\n<p style=\"text-align: justify;\">Tras esta exitosa jornada, Ping\u00fcinos al Agua espera continuar movi\u00e9ndose por las diversas localidades de la geograf\u00eda comunal para acercar el kayak a ni\u00f1os y j\u00f3venes ayseninos, contemplando para ello, escenarios como Los Coipos, y Bah\u00eda Acantilada, en Puerto Ays\u00e9n; Caleta Andrade en Islas Huichas e, inclusive, repetir en laguna La Esponja, en Villa Ma\u00f1ihuales.<\/p>\n<\/div><\/section><\/div><div  style='height:50px' class='hr hr-invisible   avia-builder-el-6  el_after_av_one_full  el_before_av_social_share '><span class='hr-inner ' ><span class='hr-inner-style'><\/span><\/span><\/div><\/p>\n<div  class='av-social-sharing-box  avia-builder-el-7  el_after_av_hr  el_before_av_hr  '><div class='av-share-box'><h5 class='av-share-link-description av-no-toc '>Compartir esta noticia<\/h5><ul class='av-share-box-list noLightbox'><li class='av-share-link av-social-link-facebook' ><a target=\"_blank\" aria-label=\"Compartir en Facebook\" href='https:\/\/www.facebook.com\/sharer.php?u=https:\/\/radiorevelacionfm.cl\/?p=8101&#038;t=%E2%80%9CPing%C3%BCinos%20al%20Agua%E2%80%9D%20navega%20sus%20kayaks%20en%20aguas%20ma%C3%B1ihualinas' aria-hidden='false' data-av_icon='\ue8f3' data-av_iconfont='entypo-fontello' title='' data-avia-related-tooltip='Compartir en Facebook' rel=\"noopener\"><span class='avia_hidden_link_text'>Compartir en Facebook<\/span><\/a><\/li><li class='av-share-link av-social-link-twitter' ><a target=\"_blank\" aria-label=\"Compartir en Twitter\" href='https:\/\/twitter.com\/share?text=%E2%80%9CPing%C3%BCinos%20al%20Agua%E2%80%9D%20navega%20sus%20kayaks%20en%20aguas%20ma%C3%B1ihualinas&#038;url=https:\/\/radiorevelacionfm.cl\/?p=8101' aria-hidden='false' data-av_icon='\ue8f1' data-av_iconfont='entypo-fontello' title='' data-avia-related-tooltip='Compartir en Twitter' rel=\"noopener\"><span class='avia_hidden_link_text'>Compartir en Twitter<\/span><\/a><\/li><li class='av-share-link av-social-link-whatsapp' ><a target=\"_blank\" aria-label=\"Compartir en Whatsapp\" href='https:\/\/api.whatsapp.com\/send?text=https:\/\/radiorevelacionfm.cl\/?p=8101' aria-hidden='false' data-av_icon='\uf232' data-av_iconfont='entypo-fontello' title='' data-avia-related-tooltip='Compartir en Whatsapp' rel=\"noopener\"><span class='avia_hidden_link_text'>Compartir en Whatsapp<\/span><\/a><\/li><li class='av-share-link av-social-link-linkedin' ><a target=\"_blank\" aria-label=\"Compartir en LinkedIn\" href='https:\/\/linkedin.com\/shareArticle?mini=true&#038;title=%E2%80%9CPing%C3%BCinos%20al%20Agua%E2%80%9D%20navega%20sus%20kayaks%20en%20aguas%20ma%C3%B1ihualinas&#038;url=https:\/\/radiorevelacionfm.cl\/?p=8101' aria-hidden='false' data-av_icon='\ue8fc' data-av_iconfont='entypo-fontello' title='' data-avia-related-tooltip='Compartir en LinkedIn' rel=\"noopener\"><span class='avia_hidden_link_text'>Compartir en LinkedIn<\/span><\/a><\/li><li class='av-share-link av-social-link-mail' ><a  aria-label=\"Compartir por correo\" href='mailto:?subject=%E2%80%9CPing%C3%BCinos%20al%20Agua%E2%80%9D%20navega%20sus%20kayaks%20en%20aguas%20ma%C3%B1ihualinas&#038;body=https:\/\/radiorevelacionfm.cl\/?p=8101' aria-hidden='false' data-av_icon='\ue805' data-av_iconfont='entypo-fontello' title='' data-avia-related-tooltip='Compartir por correo'><span class='avia_hidden_link_text'>Compartir por correo<\/span><\/a><\/li><\/ul><\/div><\/div>\n<div  style='height:50px' class='hr hr-invisible   avia-builder-el-8  el_after_av_social_share  el_before_av_comments_list '><span class='hr-inner ' ><span class='hr-inner-style'><\/span><\/span><\/div>\n<div  class='av-buildercomment  av-blog-meta-html-info-disabled av-blog-meta-tag-disabled  '><\/div>\n","protected":false},"excerpt":{"rendered":"","protected":false},"author":1,"featured_media":8102,"comment_status":"open","ping_status":"open","sticky":false,"template":"","format":"standard","meta":{"footnotes":""},"categories":[38],"tags":[],"class_list":["post-8101","post","type-post","status-publish","format-standard","has-post-thumbnail","hentry","category-regional"],"jetpack_featured_media_url":"https:\/\/radiorevelacionfm.cl\/wp-content\/uploads\/2021\/08\/pinguinos-al-agua_1-1_optimized.jpg","_links":{"self":[{"href":"https:\/\/radiorevelacionfm.cl\/index.php?rest_route=\/wp\/v2\/posts\/8101","targetHints":{"allow":["GET"]}}],"collection":[{"href":"https:\/\/radiorevelacionfm.cl\/index.php?rest_route=\/wp\/v2\/posts"}],"about":[{"href":"https:\/\/radiorevelacionfm.cl\/index.php?rest_route=\/wp\/v2\/types\/post"}],"author":[{"embeddable":true,"href":"https:\/\/radiorevelacionfm.cl\/index.php?rest_route=\/wp\/v2\/users\/1"}],"replies":[{"embeddable":true,"href":"https:\/\/radiorevelacionfm.cl\/index.php?rest_route=%2Fwp%2Fv2%2Fcomments&post=8101"}],"version-history":[{"count":1,"href":"https:\/\/radiorevelacionfm.cl\/index.php?rest_route=\/wp\/v2\/posts\/8101\/revisions"}],"predecessor-version":[{"id":8103,"href":"https:\/\/radiorevelacionfm.cl\/index.php?rest_route=\/wp\/v2\/posts\/8101\/revisions\/8103"}],"wp:featuredmedia":[{"embeddable":true,"href":"https:\/\/radiorevelacionfm.cl\/index.php?rest_route=\/wp\/v2\/media\/8102"}],"wp:attachment":[{"href":"https:\/\/radiorevelacionfm.cl\/index.php?rest_route=%2Fwp%2Fv2%2Fmedia&parent=8101"}],"wp:term":[{"taxonomy":"category","embeddable":true,"href":"https:\/\/radiorevelacionfm.cl\/index.php?rest_route=%2Fwp%2Fv2%2Fcategories&post=8101"},{"taxonomy":"post_tag","embeddable":true,"href":"https:\/\/radiorevelacionfm.cl\/index.php?rest_route=%2Fwp%2Fv2%2Ftags&post=8101"}],"curies":[{"name":"wp","href":"https:\/\/api.w.org\/{rel}","templated":true}]}}