{"id":8098,"date":"2021-08-31T11:09:21","date_gmt":"2021-08-31T14:09:21","guid":{"rendered":"https:\/\/radiorevelacionfm.cl\/?p=8098"},"modified":"2021-08-31T11:09:21","modified_gmt":"2021-08-31T14:09:21","slug":"trabajadores-tecnicos-se-certifican-como-operadores-de-electromecanica-en-puerto-aysen","status":"publish","type":"post","link":"https:\/\/radiorevelacionfm.cl\/?p=8098","title":{"rendered":"Trabajadores t\u00e9cnicos se certifican como Operadores de Electromec\u00e1nica en Puerto Ays\u00e9n"},"content":{"rendered":"<div class=\"flex_column av_one_full  flex_column_div av-zero-column-padding first  avia-builder-el-0  el_before_av_one_full  avia-builder-el-first  \" style='border-radius:0px; '><div  class='avia-image-container  av-styling-    avia-builder-el-1  avia-builder-el-no-sibling  avia-align-center '  itemprop=\"image\" itemscope=\"itemscope\" itemtype=\"https:\/\/schema.org\/ImageObject\"  ><div class='avia-image-container-inner'><div class='avia-image-overlay-wrap'><img decoding=\"async\" class='wp-image-8099 avia-img-lazy-loading-not-8099 avia_image' src=\"https:\/\/radiorevelacionfm.cl\/wp-content\/uploads\/2021\/08\/Certificacion_1-1-1.jpg\" alt='' title='Certificacion_1 (1) (1)' height=\"600\" width=\"800\"  itemprop=\"thumbnailUrl\" srcset=\"https:\/\/radiorevelacionfm.cl\/wp-content\/uploads\/2021\/08\/Certificacion_1-1-1.jpg 800w, https:\/\/radiorevelacionfm.cl\/wp-content\/uploads\/2021\/08\/Certificacion_1-1-1-300x225.jpg 300w, https:\/\/radiorevelacionfm.cl\/wp-content\/uploads\/2021\/08\/Certificacion_1-1-1-768x576.jpg 768w, https:\/\/radiorevelacionfm.cl\/wp-content\/uploads\/2021\/08\/Certificacion_1-1-1-705x529.jpg 705w, https:\/\/radiorevelacionfm.cl\/wp-content\/uploads\/2021\/08\/Certificacion_1-1-1-600x450.jpg 600w\" sizes=\"(max-width: 800px) 100vw, 800px\" \/><\/div><\/div><\/div><\/div><div class=\"flex_column av_one_full  flex_column_div av-zero-column-padding first  avia-builder-el-2  el_after_av_one_full  el_before_av_one_full  column-top-margin\" style='border-radius:0px; '><section class=\"av_textblock_section \"  itemscope=\"itemscope\" itemtype=\"https:\/\/schema.org\/BlogPosting\" itemprop=\"blogPost\" ><div class='avia_textblock  '   itemprop=\"text\" ><p style=\"text-align: center;\"><strong><span style=\"font-size: 18pt;\">Trabajadores t\u00e9cnicos se certifican como Operadores de Electromec\u00e1nica en Puerto Ays\u00e9n<\/span><\/strong><\/p>\n<div id=\"gtx-trans\" style=\"position: absolute; left: -50px; top: 4.31534px;\">\n<div class=\"gtx-trans-icon\"><\/div>\n<\/div>\n<\/div><\/section><\/div><div class=\"flex_column av_one_full  flex_column_div av-zero-column-padding first  avia-builder-el-4  el_after_av_one_full  el_before_av_hr  column-top-margin\" style='border-radius:0px; '><section class=\"av_textblock_section \"  itemscope=\"itemscope\" itemtype=\"https:\/\/schema.org\/BlogPosting\" itemprop=\"blogPost\" ><div class='avia_textblock  '   itemprop=\"text\" ><p style=\"text-align: justify;\">Con el fin de mejorar la competitividad y capacidad de inserci\u00f3n laboral, aportando a la especializaci\u00f3n de t\u00e9cnicos en la comuna, se realiz\u00f3 el curso para operadores de electromec\u00e1nica en mantenci\u00f3n, que culmin\u00f3 este lunes con la certificaci\u00f3n de 16 adultos ayseninos.<\/p>\n<p style=\"text-align: justify;\">La instancia cont\u00f3 con la presencia del alcalde de la comuna de Ays\u00e9n, Julio Uribe; la directora del liceo Polit\u00e9cnico, Mar\u00eda Celeste Rojas y la encargada de Comunidades Ays\u00e9n de AquaChile, Ximena Sol\u00eds, entre otros, quienes fueron testigos de la satisfacci\u00f3n por parte de los capacitados, a trav\u00e9s de esta iniciativa enmarcada en el convenio recientemente suscrito entre el establecimiento de educaci\u00f3n t\u00e9cnico profesional y la empresa acu\u00edcola, la cual fue ejecutada por la Universidad Tecnol\u00f3gica y Centro de Formaci\u00f3n T\u00e9cnica Inacap, sede Coyhaique.<\/p>\n<p style=\"text-align: justify;\">De esta manera, el curso tuvo una duraci\u00f3n de 40 horas cronol\u00f3gicas, las cuales fueron divididas en 24 horas te\u00f3ricas presenciales y 16 horas de capacitaci\u00f3n pr\u00e1ctica, donde se abordaron tem\u00e1ticas conceptuales que permitieron adquirir el conocimiento, las habilidades y aptitudes para responder adecuadamente ante la necesidad del mantenimiento, correctivo y predictivo en uso de maquinarias. Las clases pr\u00e1cticas fueron realizadas en dependencias de AquaChile y de la empresa Maqsur, donde pudieron conocer y analizar en detalle generadores, motores fuera de borda y otras que se utilizan en la industria acu\u00edcola, en este desaf\u00edo apuntado principalmente a ex alumnos egresados de la especialidad de mec\u00e1nica del liceo Polit\u00e9cnico, en que tambi\u00e9n participaron personas convocadas por la Unidad de Programas y Proyectos de Fomento Productivo del municipio local.<\/p>\n<p style=\"text-align: justify;\">Al respecto, la directora del liceo, Mar\u00eda Celeste Rojas, destac\u00f3 que la totalidad de quienes iniciaron este curso, lo hayan terminando no teniendo deserci\u00f3n durante su desarrollo. \u201cUna de las preocupaciones que ten\u00edamos era que alguno de los estudiantes no finalizara porque es una de las constantes que se suele dar en cursos de adultos. Pero nos equivocamos totalmente, el 100 por ciento complet\u00f3 este curso, con todas las oportunidades que eso significa, as\u00ed que muy contentos. Fluy\u00f3 esto, la percepci\u00f3n de ellos fue gratificante, sienten que aprendieron desde lo te\u00f3rico y desde lo pr\u00e1ctico, as\u00ed que muy agradecida de que haya resultado de la forma en que se planific\u00f3\u201d.<\/p>\n<p style=\"text-align: justify;\">Para la Encargada de Comunidades AquaChile Ays\u00e9n, Ximena Sol\u00eds, la iniciativa cobra relevancia dado que \u201cpotenciamos los esfuerzos junto al Liceo Polit\u00e9cnico, generando una verdadera sinergia con el objetivo de contribuir a la formaci\u00f3n de capital humano, a trav\u00e9s del fortalecimiento de la educaci\u00f3n t\u00e9cnica ya que mejorando las competencias de nuestros t\u00e9cnicos locales fomentaremos el desarrollo y crecimiento de la comuna de Ays\u00e9n, mediante la formaci\u00f3n t\u00e9cnica especializada\u201d.<\/p>\n<p style=\"text-align: justify;\">\u201cHa sido muy importante esta capacitaci\u00f3n que va en apoyo a la electromec\u00e1nica que hoy d\u00eda es tan necesaria en todo el equipamiento que tiene la industria, y para ello sacar los mejores profesionales de este liceo polit\u00e9cnico, que es el m\u00e1s antiguo de la regi\u00f3n y que, por supuesto, necesitamos potenciar\u201d, expuso el edil comunal, Julio Uribe, agregando que \u201chicimos un llamado a la industria salmonera, a dar trabajo, a quedarse con proveedores locales y no de otras regiones. As\u00ed que como autoridad hago ese llamado, a que el trabajo que se genere sea para nuestro sector. Y claro que es muy importante para la comunidad que se sigan dando este tipo de capacitaciones en distintas \u00e1reas, as\u00ed que la invitaci\u00f3n es a seguir trabajando juntos por el desarrollo de nuestra comuna\u201d.<\/p>\n<p style=\"text-align: justify;\"><strong>Reacciones participantes<\/strong><\/p>\n<p style=\"text-align: justify;\">\u201cCreo que es muy importante para el tema laboral, porque nos ampl\u00eda mucho los conocimientos, por ejemplo, yo sal\u00ed del Inacap hace dos a\u00f1os atr\u00e1s y hab\u00eda conceptos que no conoc\u00eda, y con esta capacitaci\u00f3n los adquirimos. Es una buena instancia, creo que debieran seguirse realizando durante el a\u00f1o para seguirnos capacitando\u201d, manifest\u00f3 Esteban Guzm\u00e1n, quien egresara del colegio Santa Teresa, hoy ingeniero mec\u00e1nico de profesi\u00f3n.<\/p>\n<p style=\"text-align: justify;\">Por su parte, Arturo Meli\u00e1n, calific\u00f3 la instancia de especializaci\u00f3n como una \u201cbuena experiencia, un curso que pudimos terminar y que obviamente es grato para poder seguir trabajando con un mejor desempe\u00f1o y poniendo en pr\u00e1ctica cosas de las que antes no ten\u00edamos conocimiento, as\u00ed que esperar que sigan m\u00e1s. Lo bueno es que es abierto a todos, independiente de d\u00f3nde estudiante y d\u00f3nde trabajas\u201d.<\/p>\n<p style=\"text-align: justify;\">A juicio de Juan Quinan, iniciativas como \u00e9stas permitir\u00e1n seguir avanzando en cuanto a oportunidades reales y concretas para dar continuidad y profundizar en aspectos relevantes de la carrera. \u201cEstupendo, porque adquirir nuevos conocimientos siempre es bueno. Y tratar de salir adelante con lo que se ha aprendido. Es bueno, adem\u00e1s, que sea abierto para que sea para todos iguales.<\/p>\n<p style=\"text-align: justify;\">Finalmente, Carlos Leal, relev\u00f3 esta posibilidad, indicando que \u201ccualquier tipo de capacitaci\u00f3n a nivel t\u00e9cnico es importante porque nunca se termina de aprender, siempre hay tiempo. Dar gracias por estas instancias que son positivas, ojal\u00e1 se sigan dando y aumenten los cupos. Igual para otros oficios como los maestros, soldadores, ojal\u00e1 se d\u00e9 la oportunidad y se siga dando la disposici\u00f3n. En nuestro caso de la municipalidad, que nos permitieron poder ausentarnos por dos semanas de nuestro trabajo, que no es menor, para poder cumplir con esta capacitaci\u00f3n\u201d.<\/p>\n<\/div><\/section><\/div><div  style='height:50px' class='hr hr-invisible   avia-builder-el-6  el_after_av_one_full  el_before_av_social_share '><span class='hr-inner ' ><span class='hr-inner-style'><\/span><\/span><\/div><\/p>\n<div  class='av-social-sharing-box  avia-builder-el-7  el_after_av_hr  el_before_av_hr  '><div class='av-share-box'><h5 class='av-share-link-description av-no-toc '>Compartir esta noticia<\/h5><ul class='av-share-box-list noLightbox'><li class='av-share-link av-social-link-facebook' ><a target=\"_blank\" aria-label=\"Compartir en Facebook\" href='https:\/\/www.facebook.com\/sharer.php?u=https:\/\/radiorevelacionfm.cl\/?p=8098&#038;t=Trabajadores%20t%C3%A9cnicos%20se%20certifican%20como%20Operadores%20de%20Electromec%C3%A1nica%20en%20Puerto%20Ays%C3%A9n' aria-hidden='false' data-av_icon='\ue8f3' data-av_iconfont='entypo-fontello' title='' data-avia-related-tooltip='Compartir en Facebook' rel=\"noopener\"><span class='avia_hidden_link_text'>Compartir en Facebook<\/span><\/a><\/li><li class='av-share-link av-social-link-twitter' ><a target=\"_blank\" aria-label=\"Compartir en Twitter\" href='https:\/\/twitter.com\/share?text=Trabajadores%20t%C3%A9cnicos%20se%20certifican%20como%20Operadores%20de%20Electromec%C3%A1nica%20en%20Puerto%20Ays%C3%A9n&#038;url=https:\/\/radiorevelacionfm.cl\/?p=8098' aria-hidden='false' data-av_icon='\ue8f1' data-av_iconfont='entypo-fontello' title='' data-avia-related-tooltip='Compartir en Twitter' rel=\"noopener\"><span class='avia_hidden_link_text'>Compartir en Twitter<\/span><\/a><\/li><li class='av-share-link av-social-link-whatsapp' ><a target=\"_blank\" aria-label=\"Compartir en Whatsapp\" href='https:\/\/api.whatsapp.com\/send?text=https:\/\/radiorevelacionfm.cl\/?p=8098' aria-hidden='false' data-av_icon='\uf232' data-av_iconfont='entypo-fontello' title='' data-avia-related-tooltip='Compartir en Whatsapp' rel=\"noopener\"><span class='avia_hidden_link_text'>Compartir en Whatsapp<\/span><\/a><\/li><li class='av-share-link av-social-link-linkedin' ><a target=\"_blank\" aria-label=\"Compartir en LinkedIn\" href='https:\/\/linkedin.com\/shareArticle?mini=true&#038;title=Trabajadores%20t%C3%A9cnicos%20se%20certifican%20como%20Operadores%20de%20Electromec%C3%A1nica%20en%20Puerto%20Ays%C3%A9n&#038;url=https:\/\/radiorevelacionfm.cl\/?p=8098' aria-hidden='false' data-av_icon='\ue8fc' data-av_iconfont='entypo-fontello' title='' data-avia-related-tooltip='Compartir en LinkedIn' rel=\"noopener\"><span class='avia_hidden_link_text'>Compartir en LinkedIn<\/span><\/a><\/li><li class='av-share-link av-social-link-mail' ><a  aria-label=\"Compartir por correo\" href='mailto:?subject=Trabajadores%20t%C3%A9cnicos%20se%20certifican%20como%20Operadores%20de%20Electromec%C3%A1nica%20en%20Puerto%20Ays%C3%A9n&#038;body=https:\/\/radiorevelacionfm.cl\/?p=8098' aria-hidden='false' data-av_icon='\ue805' data-av_iconfont='entypo-fontello' title='' data-avia-related-tooltip='Compartir por correo'><span class='avia_hidden_link_text'>Compartir por correo<\/span><\/a><\/li><\/ul><\/div><\/div>\n<div  style='height:50px' class='hr hr-invisible   avia-builder-el-8  el_after_av_social_share  el_before_av_comments_list '><span class='hr-inner ' ><span class='hr-inner-style'><\/span><\/span><\/div>\n<div  class='av-buildercomment  av-blog-meta-html-info-disabled av-blog-meta-tag-disabled  '><\/div>\n","protected":false},"excerpt":{"rendered":"","protected":false},"author":1,"featured_media":8099,"comment_status":"open","ping_status":"open","sticky":false,"template":"","format":"standard","meta":{"footnotes":""},"categories":[38],"tags":[],"class_list":["post-8098","post","type-post","status-publish","format-standard","has-post-thumbnail","hentry","category-regional"],"jetpack_featured_media_url":"https:\/\/radiorevelacionfm.cl\/wp-content\/uploads\/2021\/08\/Certificacion_1-1-1.jpg","_links":{"self":[{"href":"https:\/\/radiorevelacionfm.cl\/index.php?rest_route=\/wp\/v2\/posts\/8098","targetHints":{"allow":["GET"]}}],"collection":[{"href":"https:\/\/radiorevelacionfm.cl\/index.php?rest_route=\/wp\/v2\/posts"}],"about":[{"href":"https:\/\/radiorevelacionfm.cl\/index.php?rest_route=\/wp\/v2\/types\/post"}],"author":[{"embeddable":true,"href":"https:\/\/radiorevelacionfm.cl\/index.php?rest_route=\/wp\/v2\/users\/1"}],"replies":[{"embeddable":true,"href":"https:\/\/radiorevelacionfm.cl\/index.php?rest_route=%2Fwp%2Fv2%2Fcomments&post=8098"}],"version-history":[{"count":1,"href":"https:\/\/radiorevelacionfm.cl\/index.php?rest_route=\/wp\/v2\/posts\/8098\/revisions"}],"predecessor-version":[{"id":8100,"href":"https:\/\/radiorevelacionfm.cl\/index.php?rest_route=\/wp\/v2\/posts\/8098\/revisions\/8100"}],"wp:featuredmedia":[{"embeddable":true,"href":"https:\/\/radiorevelacionfm.cl\/index.php?rest_route=\/wp\/v2\/media\/8099"}],"wp:attachment":[{"href":"https:\/\/radiorevelacionfm.cl\/index.php?rest_route=%2Fwp%2Fv2%2Fmedia&parent=8098"}],"wp:term":[{"taxonomy":"category","embeddable":true,"href":"https:\/\/radiorevelacionfm.cl\/index.php?rest_route=%2Fwp%2Fv2%2Fcategories&post=8098"},{"taxonomy":"post_tag","embeddable":true,"href":"https:\/\/radiorevelacionfm.cl\/index.php?rest_route=%2Fwp%2Fv2%2Ftags&post=8098"}],"curies":[{"name":"wp","href":"https:\/\/api.w.org\/{rel}","templated":true}]}}