{"id":8092,"date":"2021-08-31T18:18:46","date_gmt":"2021-08-31T21:18:46","guid":{"rendered":"https:\/\/radiorevelacionfm.cl\/?p=8092"},"modified":"2021-08-31T18:43:50","modified_gmt":"2021-08-31T21:43:50","slug":"general-director-de-carabineros-ricardo-yanez-ninguna-persona-me-ha-pedido-que-cierre-un-cuartel","status":"publish","type":"post","link":"https:\/\/radiorevelacionfm.cl\/?p=8092","title":{"rendered":"General Director de Carabineros Ricardo Y\u00e1\u00f1ez: \u00abNinguna persona me ha pedido que cierre un cuartel\u00bb"},"content":{"rendered":"<div class=\"flex_column av_one_full  flex_column_div av-zero-column-padding first  avia-builder-el-0  el_before_av_one_full  avia-builder-el-first  \" style='border-radius:0px; '><div  class='avia-image-container  av-styling-    avia-builder-el-1  avia-builder-el-no-sibling  avia-align-center '  itemprop=\"image\" itemscope=\"itemscope\" itemtype=\"https:\/\/schema.org\/ImageObject\"  ><div class='avia-image-container-inner'><div class='avia-image-overlay-wrap'><img decoding=\"async\" class='wp-image-8093 avia-img-lazy-loading-not-8093 avia_image' src=\"https:\/\/radiorevelacionfm.cl\/wp-content\/uploads\/2021\/08\/General-DirectorC-1-1.jpg\" alt='' title='General DirectorC (1) (1)' height=\"600\" width=\"614\"  itemprop=\"thumbnailUrl\" srcset=\"https:\/\/radiorevelacionfm.cl\/wp-content\/uploads\/2021\/08\/General-DirectorC-1-1.jpg 614w, https:\/\/radiorevelacionfm.cl\/wp-content\/uploads\/2021\/08\/General-DirectorC-1-1-300x293.jpg 300w, https:\/\/radiorevelacionfm.cl\/wp-content\/uploads\/2021\/08\/General-DirectorC-1-1-36x36.jpg 36w, https:\/\/radiorevelacionfm.cl\/wp-content\/uploads\/2021\/08\/General-DirectorC-1-1-600x586.jpg 600w\" sizes=\"(max-width: 614px) 100vw, 614px\" \/><\/div><\/div><\/div><\/div><div class=\"flex_column av_one_full  flex_column_div av-zero-column-padding first  avia-builder-el-2  el_after_av_one_full  el_before_av_one_full  column-top-margin\" style='border-radius:0px; '><section class=\"av_textblock_section \"  itemscope=\"itemscope\" itemtype=\"https:\/\/schema.org\/BlogPosting\" itemprop=\"blogPost\" ><div class='avia_textblock  '   itemprop=\"text\" ><p style=\"text-align: center;\"><strong><span style=\"font-size: 18pt;\">General Director de Carabineros Ricardo Y\u00e1\u00f1ez: \u00abNinguna persona me ha pedido que cierre un cuartel\u00bb<\/span><\/strong><\/p>\n<div id=\"gtx-trans\" style=\"position: absolute; left: -50px; top: 4.31534px;\">\n<div class=\"gtx-trans-icon\"><\/div>\n<\/div>\n<\/div><\/section><\/div><div class=\"flex_column av_one_full  flex_column_div av-zero-column-padding first  avia-builder-el-4  el_after_av_one_full  el_before_av_hr  column-top-margin\" style='border-radius:0px; '><section class=\"av_textblock_section \"  itemscope=\"itemscope\" itemtype=\"https:\/\/schema.org\/BlogPosting\" itemprop=\"blogPost\" ><div class='avia_textblock  '   itemprop=\"text\" ><p class=\"v1MsoNormal\" style=\"text-align: justify;\">La m\u00e1xima autoridad Institucional defendi\u00f3 que el rol que ha cumplido Carabineros en sus cerca de cien a\u00f1os de historia, a trav\u00e9s de un trabajo ininterrumpido brindando auxilio y protecci\u00f3n a las personas.<\/p>\n<p class=\"v1MsoNormal\" style=\"text-align: justify;\">Tras la iniciativa presentada por la Comisi\u00f3n de Derechos Humanos, Reparaci\u00f3n y Garant\u00edas de no Repetici\u00f3n, de la Convenci\u00f3n Constitucional de aprobar la propuesta de sustituir a Carabineros \u2013la cual deber\u00e1 ser revisada y discutida por la Convenci\u00f3n- el General Director de Carabineros Ricardo Y\u00e1\u00f1ez Reveco, en una actividad en la que particip\u00f3 junto al Ministro del Interior, Rodrigo Delgado, se refiri\u00f3 a esta indicaci\u00f3n provisoria y defendi\u00f3 el rol que ha cumplido la Instituci\u00f3n en sus cerca de cien a\u00f1os de historia.<\/p>\n<p class=\"v1MsoNormal\" style=\"text-align: justify;\"><b>Modernizaci\u00f3n<\/b><\/p>\n<p class=\"v1MsoNormal\" style=\"text-align: justify;\">\u00abCuando hablamos de una modernizaci\u00f3n, cuando hablamos de una reforma, hablamos de mejor preparaci\u00f3n, de carabineros m\u00e1s profesionales (&#8230;) Un carabinero solamente puede ser reemplazado por otro Carabinero mejor preparado y en eso no vamos a claudicar. Si ten\u00edamos carabineros buenos, ejemplares, m\u00e1s de 1.200 que han sido capaces de entregar su vida por nuestros compatriotas -y los formamos en un a\u00f1o- tengo la esperanza de que los carabineros que se est\u00e1n formando en dos a\u00f1os hoy d\u00eda en nuestros planteles, van a ser extraordinarios\u00bb, indic\u00f3.<\/p>\n<p class=\"v1MsoNormal\" style=\"text-align: justify;\">La Instituci\u00f3n trabaja d\u00eda y noche, de manera ininterrumpida, 24\/7 en cada rinc\u00f3n del pa\u00eds, en beneficio de nuestros compatriotas.<\/p>\n<p class=\"v1MsoNormal\" style=\"text-align: justify;\">El General Director agreg\u00f3 que \u00abContamos con carabineros mejor preparados, con m\u00e1s conocimiento, cuentan con las herramientas para proteger y dar auxilio a las personas que son agredidas, pero tambi\u00e9n pueden aconsejar y orientar. Somos la primera acogida, somos la primera puerta de entrada (&#8230;) tenemos que seguir avanzando, tenemos que seguir moderniz\u00e1ndonos, tenemos que seguir creciendo como instituci\u00f3n\u00bb.<\/p>\n<p class=\"v1MsoNormal\" style=\"text-align: justify;\"><b>Compromiso con la patria<\/b><\/p>\n<p class=\"v1MsoNormal\" style=\"text-align: justify;\">Carabineros se encuentra desplegado desde Visviri por el norte hasta Puerto Toro por el sur, en apartadas localidades, donde est\u00e1 el carabinero que tiende la mano, que acoge y que soluciona problemas.<\/p>\n<p class=\"v1MsoNormal\" style=\"text-align: justify;\">El General Director indic\u00f3 que durante su gesti\u00f3n ha visitado diversas localidades del pa\u00eds, sosteniendo reuniones con autoridades locales y recibiendo la vista de muchas de ellas. \u00abNinguno me ha pedido que cierre un cuartel, ninguno me ha pedido que elimine a los Carabineros donde est\u00e1n, todos me han pedido m\u00e1s carabineros\u00bb, indic\u00f3.<\/p>\n<p class=\"v1MsoNormal\" style=\"text-align: justify;\">Asimismo Y\u00e1\u00f1ez a\u00f1adi\u00f3 que \u00abvamos a seguir trabajando con el compromiso que hemos hecho durante estos casi cien a\u00f1os de entrega, vocaci\u00f3n y compromiso con nuestros compatriotas\u00bb.<\/p>\n<p class=\"v1MsoNormal\" style=\"text-align: justify;\">La Instituci\u00f3n tiene un compromiso con la patria, donde tambi\u00e9n se ha aprendido de los errores.<\/p>\n<p class=\"v1MsoNormal\" style=\"text-align: justify;\">\u00abSomos una Instituci\u00f3n con resiliencia, con capacidad de aprender y escuchar. (&#8230;) Estamos trabajando en hacer mejores a nuestros carabineros, en hacer m\u00e1s grande a nuestra Instituci\u00f3n en beneficio de todos nuestros compatriotas\u00bb, indic\u00f3.<\/p>\n<\/div><\/section><\/div><div  style='height:50px' class='hr hr-invisible   avia-builder-el-6  el_after_av_one_full  el_before_av_social_share '><span class='hr-inner ' ><span class='hr-inner-style'><\/span><\/span><\/div><\/p>\n<div  class='av-social-sharing-box  avia-builder-el-7  el_after_av_hr  el_before_av_hr  '><div class='av-share-box'><h5 class='av-share-link-description av-no-toc '>Compartir esta noticia<\/h5><ul class='av-share-box-list noLightbox'><li class='av-share-link av-social-link-facebook' ><a target=\"_blank\" aria-label=\"Compartir en Facebook\" href='https:\/\/www.facebook.com\/sharer.php?u=https:\/\/radiorevelacionfm.cl\/?p=8092&#038;t=General%20Director%20de%20Carabineros%20Ricardo%20Y%C3%A1%C3%B1ez%3A%20%C2%ABNinguna%20persona%20me%20ha%20pedido%20que%20cierre%20un%20cuartel%C2%BB' aria-hidden='false' data-av_icon='\ue8f3' data-av_iconfont='entypo-fontello' title='' data-avia-related-tooltip='Compartir en Facebook' rel=\"noopener\"><span class='avia_hidden_link_text'>Compartir en Facebook<\/span><\/a><\/li><li class='av-share-link av-social-link-twitter' ><a target=\"_blank\" aria-label=\"Compartir en Twitter\" href='https:\/\/twitter.com\/share?text=General%20Director%20de%20Carabineros%20Ricardo%20Y%C3%A1%C3%B1ez%3A%20%C2%ABNinguna%20persona%20me%20ha%20pedido%20que%20cierre%20un%20cuartel%C2%BB&#038;url=https:\/\/radiorevelacionfm.cl\/?p=8092' aria-hidden='false' data-av_icon='\ue8f1' data-av_iconfont='entypo-fontello' title='' data-avia-related-tooltip='Compartir en Twitter' rel=\"noopener\"><span class='avia_hidden_link_text'>Compartir en Twitter<\/span><\/a><\/li><li class='av-share-link av-social-link-whatsapp' ><a target=\"_blank\" aria-label=\"Compartir en Whatsapp\" href='https:\/\/api.whatsapp.com\/send?text=https:\/\/radiorevelacionfm.cl\/?p=8092' aria-hidden='false' data-av_icon='\uf232' data-av_iconfont='entypo-fontello' title='' data-avia-related-tooltip='Compartir en Whatsapp' rel=\"noopener\"><span class='avia_hidden_link_text'>Compartir en Whatsapp<\/span><\/a><\/li><li class='av-share-link av-social-link-linkedin' ><a target=\"_blank\" aria-label=\"Compartir en LinkedIn\" href='https:\/\/linkedin.com\/shareArticle?mini=true&#038;title=General%20Director%20de%20Carabineros%20Ricardo%20Y%C3%A1%C3%B1ez%3A%20%C2%ABNinguna%20persona%20me%20ha%20pedido%20que%20cierre%20un%20cuartel%C2%BB&#038;url=https:\/\/radiorevelacionfm.cl\/?p=8092' aria-hidden='false' data-av_icon='\ue8fc' data-av_iconfont='entypo-fontello' title='' data-avia-related-tooltip='Compartir en LinkedIn' rel=\"noopener\"><span class='avia_hidden_link_text'>Compartir en LinkedIn<\/span><\/a><\/li><li class='av-share-link av-social-link-mail' ><a  aria-label=\"Compartir por correo\" href='mailto:?subject=General%20Director%20de%20Carabineros%20Ricardo%20Y%C3%A1%C3%B1ez%3A%20%C2%ABNinguna%20persona%20me%20ha%20pedido%20que%20cierre%20un%20cuartel%C2%BB&#038;body=https:\/\/radiorevelacionfm.cl\/?p=8092' aria-hidden='false' data-av_icon='\ue805' data-av_iconfont='entypo-fontello' title='' data-avia-related-tooltip='Compartir por correo'><span class='avia_hidden_link_text'>Compartir por correo<\/span><\/a><\/li><\/ul><\/div><\/div>\n<div  style='height:50px' class='hr hr-invisible   avia-builder-el-8  el_after_av_social_share  el_before_av_comments_list '><span class='hr-inner ' ><span class='hr-inner-style'><\/span><\/span><\/div>\n<div  class='av-buildercomment  av-blog-meta-html-info-disabled av-blog-meta-tag-disabled  '><\/div>\n","protected":false},"excerpt":{"rendered":"","protected":false},"author":1,"featured_media":8136,"comment_status":"open","ping_status":"open","sticky":false,"template":"","format":"standard","meta":{"footnotes":""},"categories":[36],"tags":[],"class_list":["post-8092","post","type-post","status-publish","format-standard","has-post-thumbnail","hentry","category-policial"],"jetpack_featured_media_url":"https:\/\/radiorevelacionfm.cl\/wp-content\/uploads\/2021\/08\/General-DirectorC1-1-2.jpg","_links":{"self":[{"href":"https:\/\/radiorevelacionfm.cl\/index.php?rest_route=\/wp\/v2\/posts\/8092","targetHints":{"allow":["GET"]}}],"collection":[{"href":"https:\/\/radiorevelacionfm.cl\/index.php?rest_route=\/wp\/v2\/posts"}],"about":[{"href":"https:\/\/radiorevelacionfm.cl\/index.php?rest_route=\/wp\/v2\/types\/post"}],"author":[{"embeddable":true,"href":"https:\/\/radiorevelacionfm.cl\/index.php?rest_route=\/wp\/v2\/users\/1"}],"replies":[{"embeddable":true,"href":"https:\/\/radiorevelacionfm.cl\/index.php?rest_route=%2Fwp%2Fv2%2Fcomments&post=8092"}],"version-history":[{"count":1,"href":"https:\/\/radiorevelacionfm.cl\/index.php?rest_route=\/wp\/v2\/posts\/8092\/revisions"}],"predecessor-version":[{"id":8094,"href":"https:\/\/radiorevelacionfm.cl\/index.php?rest_route=\/wp\/v2\/posts\/8092\/revisions\/8094"}],"wp:featuredmedia":[{"embeddable":true,"href":"https:\/\/radiorevelacionfm.cl\/index.php?rest_route=\/wp\/v2\/media\/8136"}],"wp:attachment":[{"href":"https:\/\/radiorevelacionfm.cl\/index.php?rest_route=%2Fwp%2Fv2%2Fmedia&parent=8092"}],"wp:term":[{"taxonomy":"category","embeddable":true,"href":"https:\/\/radiorevelacionfm.cl\/index.php?rest_route=%2Fwp%2Fv2%2Fcategories&post=8092"},{"taxonomy":"post_tag","embeddable":true,"href":"https:\/\/radiorevelacionfm.cl\/index.php?rest_route=%2Fwp%2Fv2%2Ftags&post=8092"}],"curies":[{"name":"wp","href":"https:\/\/api.w.org\/{rel}","templated":true}]}}