{"id":8089,"date":"2021-08-31T10:33:42","date_gmt":"2021-08-31T13:33:42","guid":{"rendered":"https:\/\/radiorevelacionfm.cl\/?p=8089"},"modified":"2021-08-31T10:33:42","modified_gmt":"2021-08-31T13:33:42","slug":"mop-licita-diseno-de-nuevo-puente-en-el-sector-rio-los-palos","status":"publish","type":"post","link":"https:\/\/radiorevelacionfm.cl\/?p=8089","title":{"rendered":"MOP licita dise\u00f1o de nuevo puente en el sector R\u00edo Los Palos"},"content":{"rendered":"<div class=\"flex_column av_one_full  flex_column_div av-zero-column-padding first  avia-builder-el-0  el_before_av_one_full  avia-builder-el-first  \" style='border-radius:0px; '><div  class='avia-image-container  av-styling-    avia-builder-el-1  avia-builder-el-no-sibling  avia-align-center '  itemprop=\"image\" itemscope=\"itemscope\" itemtype=\"https:\/\/schema.org\/ImageObject\"  ><div class='avia-image-container-inner'><div class='avia-image-overlay-wrap'><img decoding=\"async\" class='wp-image-8090 avia-img-lazy-loading-not-8090 avia_image' src=\"https:\/\/radiorevelacionfm.cl\/wp-content\/uploads\/2021\/08\/uno-puente-1_optimized.jpg\" alt='' title='uno-puente-(1)_optimized' height=\"600\" width=\"1209\"  itemprop=\"thumbnailUrl\" srcset=\"https:\/\/radiorevelacionfm.cl\/wp-content\/uploads\/2021\/08\/uno-puente-1_optimized.jpg 1209w, https:\/\/radiorevelacionfm.cl\/wp-content\/uploads\/2021\/08\/uno-puente-1_optimized-300x149.jpg 300w, https:\/\/radiorevelacionfm.cl\/wp-content\/uploads\/2021\/08\/uno-puente-1_optimized-1030x511.jpg 1030w, https:\/\/radiorevelacionfm.cl\/wp-content\/uploads\/2021\/08\/uno-puente-1_optimized-768x381.jpg 768w, https:\/\/radiorevelacionfm.cl\/wp-content\/uploads\/2021\/08\/uno-puente-1_optimized-705x350.jpg 705w, https:\/\/radiorevelacionfm.cl\/wp-content\/uploads\/2021\/08\/uno-puente-1_optimized-600x298.jpg 600w\" sizes=\"(max-width: 1209px) 100vw, 1209px\" \/><\/div><\/div><\/div><\/div><div class=\"flex_column av_one_full  flex_column_div av-zero-column-padding first  avia-builder-el-2  el_after_av_one_full  el_before_av_one_full  column-top-margin\" style='border-radius:0px; '><section class=\"av_textblock_section \"  itemscope=\"itemscope\" itemtype=\"https:\/\/schema.org\/BlogPosting\" itemprop=\"blogPost\" ><div class='avia_textblock  '   itemprop=\"text\" ><p style=\"text-align: center;\"><strong><span style=\"font-size: 18pt;\">MOP licita dise\u00f1o de nuevo puente en el sector R\u00edo Los Palos <\/span><\/strong><\/p>\n<div id=\"gtx-trans\" style=\"position: absolute; left: -50px; top: 4.31534px;\">\n<div class=\"gtx-trans-icon\"><\/div>\n<\/div>\n<\/div><\/section><\/div><div class=\"flex_column av_one_full  flex_column_div av-zero-column-padding first  avia-builder-el-4  el_after_av_one_full  el_before_av_hr  column-top-margin\" style='border-radius:0px; '><section class=\"av_textblock_section \"  itemscope=\"itemscope\" itemtype=\"https:\/\/schema.org\/BlogPosting\" itemprop=\"blogPost\" ><div class='avia_textblock  '   itemprop=\"text\" ><p style=\"text-align: justify;\">El Secretario Regional Ministerial de Obras P\u00fablicas, N\u00e9stor Mera Mu\u00f1oz junto a la Senadora Ximena \u00d3rdenes Neira, el Director Regional de Vialidad, Jaime Alarc\u00f3n y el Jefe Provincial de Vialidad del MOP en Puerto Ays\u00e9n, Jorge Barr\u00eda Paredes se reunieron esta semana con el Comit\u00e9 R\u00edo Los Palos en la ciudad de Puerto Ays\u00e9n con el fin de escuchar sus planteamientos y planificar trabajo conjunto para proteger la infraestructura vial y paralelamente potenciar el desarrollo productivo, econ\u00f3mico y tur\u00edstico del sector con la materializaci\u00f3n de la licitaci\u00f3n del Dise\u00f1o para construir un nuevo puente en el sector R\u00edo Los Palos.<\/p>\n<p style=\"text-align: justify;\">En la oportunidad, las autoridades articularon un di\u00e1logo franco con los vecinos, en donde acordaron la planificaci\u00f3n de un trabajo mancomunado como l\u00ednea a seguir para junto con proteger la actual infraestructura que entrega conectividad al sector, tambi\u00e9n en forma paralela continuar desarrollando el proyecto de Dise\u00f1o y construcci\u00f3n de la nueva estructura para este sector. As\u00ed lo destac\u00f3 el SEREMI del MOP: \u201cAcabamos de terminar una reuni\u00f3n muy grata con el Comit\u00e9 R\u00edo Los Palos de Puerto Ays\u00e9n, en la que nos acompa\u00f1\u00f3 la Senadora Ximena \u00d3rdenes Neira, representantes del Club Deportivo, de los Adultos mayores y del Servicio Sanitario Rural o ex -Sistema de Agua Potable Rural de la zona, y la verdad es que estamos realizando varias labores en ese mismo lugar, lo que fue muy bien recibido. Como ministerio acabamos de terminar tres kil\u00f3metros de pavimento desde el puente r\u00edo Los Palos los que vienen a mejorar enormemente la calidad de vida de los vecinos y as\u00ed lo reconocen ellos. As\u00ed tambi\u00e9n, atendimos la inquietud\u00a0 que tienen hoy con relaci\u00f3n a la condici\u00f3n de la pasarela R\u00edo Los Palos la que tiene capacidad para 18 toneladas y en donde lamentablemente personas muy poco criteriosas han pasado por esta pasarela con mayor peso del indicado para esta estructura, por lo tanto\u00a0 vamos a realizar un trabajo conjunto en el que sumaremos a la Delegaci\u00f3n Provincial de Ays\u00e9n, a la municipalidad de Ays\u00e9n y a Carabineros de Chile para poder revisar esta situaci\u00f3n y evitar que ocurran este tipo de acciones que junto con poner en riesgo la pasarela, tambi\u00e9n pueden perjudicar la mantenci\u00f3n de la conectividad vial de los vecinos, as\u00ed que el llamado es claro, para quienes transitan por ese lugar, recordarles que esta pasarela funciona y funciona bien siempre y cuando se respete el tonelaje m\u00e1ximo que es de 18 mil kilos. En la oportunidad, tambi\u00e9n les informamos que este 25 de agosto se public\u00f3 la licitaci\u00f3n del Dise\u00f1o de un nuevo puente para el sector R\u00edo Los Palos, con lo que ya estamos efectuando las gestiones necesarias para construir una nueva infraestructura en este lugar, y tambi\u00e9n estamos trabajando con proyectos de Dise\u00f1o de Servicios Sanitarios Rurales. Entonces, abordamos el sector en forma integral y con infraestructura necesaria para la comunidad, as\u00ed que estamos muy contentos porque sentamos las bases para un trabajo y desarrollo que va a permitir una muy buena condici\u00f3n de vida para todos los vecinos de esta zona\u201d.<\/p>\n<p style=\"text-align: justify;\">En la oportunidad, la Senadora Ximena \u00d3rdenes Neira manifest\u00f3 como importante avanzar en canalizar inquietudes tan importantes como es la conectividad del Comit\u00e9 r\u00edo y laguna Los Palos. \u201cEste Comit\u00e9 ya ha planteado este tema hace mucho tiempo y hoy d\u00eda hemos tenido una reuni\u00f3n con el Ministerio de Obras P\u00fablicas. Ac\u00e1 tenemos dos aristas que me parecen\u00a0 importantes. La primera es que ya existe una licitaci\u00f3n que se public\u00f3 el 25 de agosto para el Dise\u00f1o del puente definitivo sobre el r\u00edo Los Palos, y se espera que a fines de septiembre se abran las ofertas y se encargue este proceso. Ahora, este proceso va a durar dos a\u00f1os, por lo tanto son medidas a largo plazo y despu\u00e9s de esos dos a\u00f1os tenemos que trabajar intensamente en la ejecuci\u00f3n del puente, por lo tanto hay que trabajar \u2013y a eso me refiero con una segunda arista- en un plan de contingencia donde no s\u00f3lo concurra el Ministerio de Obras P\u00fablicas, sino tambi\u00e9n la Delegaci\u00f3n Provincial, Carabineros de Chile, el Ministerio de Transportes, la Municipalidad para tener un plan que permita garantizar que el puente va a poder soportar la carga y el tr\u00e1nsito que tiene actualmente, y para eso el Comit\u00e9 que presidente Lorena Pladellorens hace un llamado a aquellos usuarios especialmente de empresas constructoras, empresas sanitarias, empresas el\u00e9ctricas que los camiones cumplan con los requisitos que establece la infraestructura de la cual estamos hablando, su m\u00e1ximo son 18 toneladas (\u2026), entonces no le podemos pedir a un puente que resista m\u00e1s de para lo cual est\u00e1 dise\u00f1ado y para eso tenemos que respetar el tonelaje que son 18 toneladas. Quiero valorar que el Ministerio de Obras P\u00fablicas m\u00e1s all\u00e1 de esta l\u00f3gica del puente definitivo, se ha comprometido para el a\u00f1o 2022 hacer una mantenci\u00f3n de la estructura para dar garant\u00edas de que habr\u00e1 conectividad durante los a\u00f1os que restan para la soluci\u00f3n definitiva\u201d.<\/p>\n<p style=\"text-align: justify;\">Por su parte, Lorena Pladellorens presidenta del Comit\u00e9 sector R\u00edo Los Palos hizo un balance de la reuni\u00f3n con las autoridades, indicando que \u201cfue una buena reuni\u00f3n, la noticia importante es que ya el Dise\u00f1o sale a licitaci\u00f3n este mes de agosto y la primera semana de septiembre ya va a estar publicado, y eso ya nos da una fecha estimada de un Dise\u00f1o para dos a\u00f1os y nos da tambi\u00e9n una fecha de que puente nuevo antes de 4 a 5 a\u00f1os no vamos a tener, lo que significa que quedamos en que vamos a hacer una planificaci\u00f3n, una mantenci\u00f3n y cuidado de este puente que tenemos, que cada d\u00eda se est\u00e1 deteriorando m\u00e1s. Tenemos una preocupaci\u00f3n constante\u00a0 los vecinos de quedar sin puente, de perder la conectividad por el mal uso que generalmente se le est\u00e1 dando por el exceso de peso de camiones o maquinaria que est\u00e1n haciendo un uso discriminado que no es el apropiado. Queremos hacer un llamado (\u2026) Vamos a hacer una planificaci\u00f3n en post de eso con la municipalidad, con el gobernador, con el MOP en este caso con Vialidad y con la comunidad de R\u00edo Los Palos y eso sin duda para m\u00ed es lo m\u00e1s importante en este momento, porque es a corto plazo y tenemos que hacerlo ya. Esperamos sirva y podamos despu\u00e9s todos juntos celebrar no tan solo el nuevo puente, sino que la conservaci\u00f3n del \u00edcono tur\u00edstico local y patrimonial que tenemos en el sector del r\u00edo Los Palos como es el puente colgante\u201d.<\/p>\n<\/div><\/section><\/div><div  style='height:50px' class='hr hr-invisible   avia-builder-el-6  el_after_av_one_full  el_before_av_social_share '><span class='hr-inner ' ><span class='hr-inner-style'><\/span><\/span><\/div><\/p>\n<div  class='av-social-sharing-box  avia-builder-el-7  el_after_av_hr  el_before_av_hr  '><div class='av-share-box'><h5 class='av-share-link-description av-no-toc '>Compartir esta noticia<\/h5><ul class='av-share-box-list noLightbox'><li class='av-share-link av-social-link-facebook' ><a target=\"_blank\" aria-label=\"Compartir en Facebook\" href='https:\/\/www.facebook.com\/sharer.php?u=https:\/\/radiorevelacionfm.cl\/?p=8089&#038;t=MOP%20licita%20dise%C3%B1o%20de%20nuevo%20puente%20en%20el%20sector%20R%C3%ADo%20Los%20Palos' aria-hidden='false' data-av_icon='\ue8f3' data-av_iconfont='entypo-fontello' title='' data-avia-related-tooltip='Compartir en Facebook' rel=\"noopener\"><span class='avia_hidden_link_text'>Compartir en Facebook<\/span><\/a><\/li><li class='av-share-link av-social-link-twitter' ><a target=\"_blank\" aria-label=\"Compartir en Twitter\" href='https:\/\/twitter.com\/share?text=MOP%20licita%20dise%C3%B1o%20de%20nuevo%20puente%20en%20el%20sector%20R%C3%ADo%20Los%20Palos&#038;url=https:\/\/radiorevelacionfm.cl\/?p=8089' aria-hidden='false' data-av_icon='\ue8f1' data-av_iconfont='entypo-fontello' title='' data-avia-related-tooltip='Compartir en Twitter' rel=\"noopener\"><span class='avia_hidden_link_text'>Compartir en Twitter<\/span><\/a><\/li><li class='av-share-link av-social-link-whatsapp' ><a target=\"_blank\" aria-label=\"Compartir en Whatsapp\" href='https:\/\/api.whatsapp.com\/send?text=https:\/\/radiorevelacionfm.cl\/?p=8089' aria-hidden='false' data-av_icon='\uf232' data-av_iconfont='entypo-fontello' title='' data-avia-related-tooltip='Compartir en Whatsapp' rel=\"noopener\"><span class='avia_hidden_link_text'>Compartir en Whatsapp<\/span><\/a><\/li><li class='av-share-link av-social-link-linkedin' ><a target=\"_blank\" aria-label=\"Compartir en LinkedIn\" href='https:\/\/linkedin.com\/shareArticle?mini=true&#038;title=MOP%20licita%20dise%C3%B1o%20de%20nuevo%20puente%20en%20el%20sector%20R%C3%ADo%20Los%20Palos&#038;url=https:\/\/radiorevelacionfm.cl\/?p=8089' aria-hidden='false' data-av_icon='\ue8fc' data-av_iconfont='entypo-fontello' title='' data-avia-related-tooltip='Compartir en LinkedIn' rel=\"noopener\"><span class='avia_hidden_link_text'>Compartir en LinkedIn<\/span><\/a><\/li><li class='av-share-link av-social-link-mail' ><a  aria-label=\"Compartir por correo\" href='mailto:?subject=MOP%20licita%20dise%C3%B1o%20de%20nuevo%20puente%20en%20el%20sector%20R%C3%ADo%20Los%20Palos&#038;body=https:\/\/radiorevelacionfm.cl\/?p=8089' aria-hidden='false' data-av_icon='\ue805' data-av_iconfont='entypo-fontello' title='' data-avia-related-tooltip='Compartir por correo'><span class='avia_hidden_link_text'>Compartir por correo<\/span><\/a><\/li><\/ul><\/div><\/div>\n<div  style='height:50px' class='hr hr-invisible   avia-builder-el-8  el_after_av_social_share  el_before_av_comments_list '><span class='hr-inner ' ><span class='hr-inner-style'><\/span><\/span><\/div>\n<div  class='av-buildercomment  av-blog-meta-html-info-disabled av-blog-meta-tag-disabled  '><\/div>\n","protected":false},"excerpt":{"rendered":"","protected":false},"author":1,"featured_media":8090,"comment_status":"open","ping_status":"open","sticky":false,"template":"","format":"standard","meta":{"footnotes":""},"categories":[38],"tags":[],"class_list":["post-8089","post","type-post","status-publish","format-standard","has-post-thumbnail","hentry","category-regional"],"jetpack_featured_media_url":"https:\/\/radiorevelacionfm.cl\/wp-content\/uploads\/2021\/08\/uno-puente-1_optimized.jpg","_links":{"self":[{"href":"https:\/\/radiorevelacionfm.cl\/index.php?rest_route=\/wp\/v2\/posts\/8089","targetHints":{"allow":["GET"]}}],"collection":[{"href":"https:\/\/radiorevelacionfm.cl\/index.php?rest_route=\/wp\/v2\/posts"}],"about":[{"href":"https:\/\/radiorevelacionfm.cl\/index.php?rest_route=\/wp\/v2\/types\/post"}],"author":[{"embeddable":true,"href":"https:\/\/radiorevelacionfm.cl\/index.php?rest_route=\/wp\/v2\/users\/1"}],"replies":[{"embeddable":true,"href":"https:\/\/radiorevelacionfm.cl\/index.php?rest_route=%2Fwp%2Fv2%2Fcomments&post=8089"}],"version-history":[{"count":1,"href":"https:\/\/radiorevelacionfm.cl\/index.php?rest_route=\/wp\/v2\/posts\/8089\/revisions"}],"predecessor-version":[{"id":8091,"href":"https:\/\/radiorevelacionfm.cl\/index.php?rest_route=\/wp\/v2\/posts\/8089\/revisions\/8091"}],"wp:featuredmedia":[{"embeddable":true,"href":"https:\/\/radiorevelacionfm.cl\/index.php?rest_route=\/wp\/v2\/media\/8090"}],"wp:attachment":[{"href":"https:\/\/radiorevelacionfm.cl\/index.php?rest_route=%2Fwp%2Fv2%2Fmedia&parent=8089"}],"wp:term":[{"taxonomy":"category","embeddable":true,"href":"https:\/\/radiorevelacionfm.cl\/index.php?rest_route=%2Fwp%2Fv2%2Fcategories&post=8089"},{"taxonomy":"post_tag","embeddable":true,"href":"https:\/\/radiorevelacionfm.cl\/index.php?rest_route=%2Fwp%2Fv2%2Ftags&post=8089"}],"curies":[{"name":"wp","href":"https:\/\/api.w.org\/{rel}","templated":true}]}}