{"id":8086,"date":"2021-08-31T10:42:05","date_gmt":"2021-08-31T13:42:05","guid":{"rendered":"https:\/\/radiorevelacionfm.cl\/?p=8086"},"modified":"2021-08-31T10:42:05","modified_gmt":"2021-08-31T13:42:05","slug":"equipo-territorial-de-educacion-se-despliega-en-terreno-informando-sobre-la-instalacion-del-servicio-local-de-educacion-publica-slep-aysen","status":"publish","type":"post","link":"https:\/\/radiorevelacionfm.cl\/?p=8086","title":{"rendered":"Equipo territorial de educaci\u00f3n se despliega en terreno informando sobre la instalaci\u00f3n del Servicio Local de Educaci\u00f3n P\u00fablica (SLEP) Ays\u00e9n"},"content":{"rendered":"<div class=\"flex_column av_one_full  flex_column_div av-zero-column-padding first  avia-builder-el-0  el_before_av_one_full  avia-builder-el-first  \" style='border-radius:0px; '><div  class='avia-image-container  av-styling-    avia-builder-el-1  avia-builder-el-no-sibling  avia-align-center '  itemprop=\"image\" itemscope=\"itemscope\" itemtype=\"https:\/\/schema.org\/ImageObject\"  ><div class='avia-image-container-inner'><div class='avia-image-overlay-wrap'><img decoding=\"async\" class='wp-image-8087 avia-img-lazy-loading-not-8087 avia_image' src=\"https:\/\/radiorevelacionfm.cl\/wp-content\/uploads\/2021\/08\/Jeannette-Allende-1-1.jpeg\" alt='' title='Jeannette Allende (1) (1)' height=\"600\" width=\"800\"  itemprop=\"thumbnailUrl\" srcset=\"https:\/\/radiorevelacionfm.cl\/wp-content\/uploads\/2021\/08\/Jeannette-Allende-1-1.jpeg 800w, https:\/\/radiorevelacionfm.cl\/wp-content\/uploads\/2021\/08\/Jeannette-Allende-1-1-300x225.jpeg 300w, https:\/\/radiorevelacionfm.cl\/wp-content\/uploads\/2021\/08\/Jeannette-Allende-1-1-768x576.jpeg 768w, https:\/\/radiorevelacionfm.cl\/wp-content\/uploads\/2021\/08\/Jeannette-Allende-1-1-705x529.jpeg 705w, https:\/\/radiorevelacionfm.cl\/wp-content\/uploads\/2021\/08\/Jeannette-Allende-1-1-600x450.jpeg 600w\" sizes=\"(max-width: 800px) 100vw, 800px\" \/><\/div><\/div><\/div><\/div><div class=\"flex_column av_one_full  flex_column_div av-zero-column-padding first  avia-builder-el-2  el_after_av_one_full  el_before_av_one_full  column-top-margin\" style='border-radius:0px; '><section class=\"av_textblock_section \"  itemscope=\"itemscope\" itemtype=\"https:\/\/schema.org\/BlogPosting\" itemprop=\"blogPost\" ><div class='avia_textblock  '   itemprop=\"text\" ><p style=\"text-align: center;\"><span style=\"font-size: 18pt;\"><b>Equipo territorial de educaci\u00f3n se despliega en terreno informando sobre la instalaci\u00f3n del Servicio Local de Educaci\u00f3n P\u00fablica (SLEP) Ays\u00e9n<\/b><\/span><\/p>\n<div id=\"gtx-trans\" style=\"position: absolute; left: -50px; top: 4.31534px;\">\n<div class=\"gtx-trans-icon\"><\/div>\n<\/div>\n<\/div><\/section><\/div><div class=\"flex_column av_one_full  flex_column_div av-zero-column-padding first  avia-builder-el-4  el_after_av_one_full  el_before_av_hr  column-top-margin\" style='border-radius:0px; '><section class=\"av_textblock_section \"  itemscope=\"itemscope\" itemtype=\"https:\/\/schema.org\/BlogPosting\" itemprop=\"blogPost\" ><div class='avia_textblock  '   itemprop=\"text\" ><p class=\"v1MsoNormal\" style=\"text-align: justify;\">En noviembre del 2017,\u00a0la Ley 21.040\u00a0crea una nueva institucionalidad para la\u00a0Educaci\u00f3n P\u00fablica en Chile, donde se traspasan los establecimientos educacionales, jardines infantiles VTF, escuelas y liceos de 345 municipios a\u00a070 Servicios Locales\u00a0de Educaci\u00f3n P\u00fablica.<\/p>\n<p class=\"v1MsoNormal\" style=\"text-align: justify;\">Los Servicios Locales de Educaci\u00f3n P\u00fablica ser\u00e1n los sostenedores educacionales que velar\u00e1n por entregar una\u00a0educaci\u00f3n integral, de calidad y con pertinencia local, centrado en los aprendizajes para el siglo XXI, que entregue oportunidades a todos los ni\u00f1os, ni\u00f1as y j\u00f3venes en el pa\u00eds para desarrollarse.<\/p>\n<p class=\"v1MsoNormal\" style=\"text-align: justify;\">A la fecha han sido traspasados cerca de\u00a0650 establecimientos educacionales\u00a0de\u00a041\u00a0comunas\u00a0con una matr\u00edcula aproximada de\u00a0184.000 estudiantes.<\/p>\n<p class=\"v1MsoNormal\" style=\"text-align: justify;\">El Servicio Local de Educaci\u00f3n P\u00fablica Ays\u00e9n est\u00e1 en etapa de implementaci\u00f3n, espec\u00edficamente de anticipaci\u00f3n. Su funcionamiento se concretar\u00e1 en marzo de 2022 y el traspaso de la educaci\u00f3n municipal al nuevo servicio local tendr\u00e1 lugar el 1 de Enero de 2023.<\/p>\n<p class=\"v1MsoNormal\" style=\"text-align: justify;\">En este contexto, durante la semana del 16 al 20 de agosto y la semana del 23 al 27 de agosto, el equipo territorial de la Direcci\u00f3n de Educaci\u00f3n P\u00fablica y de implementaci\u00f3n de los Servicios Locales de Educaci\u00f3n P\u00fablica SLEP realizaron visitas a las localidades que integran el Servicio Local de educaci\u00f3n P\u00fablica (SLEP) Ays\u00e9n: Coyhaique, Ays\u00e9n, Cisnes, R\u00edo Ib\u00e1\u00f1ez, Tortel y Cochrane para sostener reuniones informativas y cumplir con el mandato de la ley para una adecuada implementaci\u00f3n del SLEP Ays\u00e9n.<\/p>\n<p class=\"v1MsoNormal\" style=\"text-align: justify;\">Jeannette Allende, gestora territorial de la DEP detall\u00f3 que \u201cEn estas visitas se realizaron reuniones con los alcaldes, con los equipos de las Direcciones de Educaci\u00f3n Municipal para constatar el avance de la entrega de la informaci\u00f3n que se solicita para la elaboraci\u00f3n de los decretos alcaldicios respectivos. Tambi\u00e9n se realizaron reuniones con los funcionarios a quienes se les entreg\u00f3 informaci\u00f3n y orientaci\u00f3n para que puedan postular a los concursos cerrados o abiertos para formar parte del servicio local de educaci\u00f3n. Tambi\u00e9n se realizaron reuniones ampliadas con integrantes de las comunidades educativas: directivos, docentes, asistentes de la educaci\u00f3n para informar sobre la implementaci\u00f3n de la ley y los hitos que se deben ir cumpliendo durante este a\u00f1o 2021 que es el a\u00f1o anticipaci\u00f3n en que corresponde la entrega de toda la informaci\u00f3n para un correcto traspaso\u201d.<\/p>\n<p class=\"v1MsoNormal\" style=\"text-align: justify;\">El equipo DEP destac\u00f3 la buena recepci\u00f3n de parte de los Alcaldes, quienes manifestaron inter\u00e9s en seguir\u00a0 colaborando con las comunidades educativas en sus territorio durante este proceso de traspaso.<\/p>\n<\/div><\/section><\/div><div  style='height:50px' class='hr hr-invisible   avia-builder-el-6  el_after_av_one_full  el_before_av_social_share '><span class='hr-inner ' ><span class='hr-inner-style'><\/span><\/span><\/div><\/p>\n<div  class='av-social-sharing-box  avia-builder-el-7  el_after_av_hr  el_before_av_hr  '><div class='av-share-box'><h5 class='av-share-link-description av-no-toc '>Compartir esta noticia<\/h5><ul class='av-share-box-list noLightbox'><li class='av-share-link av-social-link-facebook' ><a target=\"_blank\" aria-label=\"Compartir en Facebook\" href='https:\/\/www.facebook.com\/sharer.php?u=https:\/\/radiorevelacionfm.cl\/?p=8086&#038;t=Equipo%20territorial%20de%20educaci%C3%B3n%20se%20despliega%20en%20terreno%20informando%20sobre%20la%20instalaci%C3%B3n%20del%20Servicio%20Local%20de%20Educaci%C3%B3n%20P%C3%BAblica%20%28SLEP%29%20Ays%C3%A9n' aria-hidden='false' data-av_icon='\ue8f3' data-av_iconfont='entypo-fontello' title='' data-avia-related-tooltip='Compartir en Facebook' rel=\"noopener\"><span class='avia_hidden_link_text'>Compartir en Facebook<\/span><\/a><\/li><li class='av-share-link av-social-link-twitter' ><a target=\"_blank\" aria-label=\"Compartir en Twitter\" href='https:\/\/twitter.com\/share?text=Equipo%20territorial%20de%20educaci%C3%B3n%20se%20despliega%20en%20terreno%20informando%20sobre%20la%20instalaci%C3%B3n%20del%20Servicio%20Local%20de%20Educaci%C3%B3n%20P%C3%BAblica%20%28SLEP%29%20Ays%C3%A9n&#038;url=https:\/\/radiorevelacionfm.cl\/?p=8086' aria-hidden='false' data-av_icon='\ue8f1' data-av_iconfont='entypo-fontello' title='' data-avia-related-tooltip='Compartir en Twitter' rel=\"noopener\"><span class='avia_hidden_link_text'>Compartir en Twitter<\/span><\/a><\/li><li class='av-share-link av-social-link-whatsapp' ><a target=\"_blank\" aria-label=\"Compartir en Whatsapp\" href='https:\/\/api.whatsapp.com\/send?text=https:\/\/radiorevelacionfm.cl\/?p=8086' aria-hidden='false' data-av_icon='\uf232' data-av_iconfont='entypo-fontello' title='' data-avia-related-tooltip='Compartir en Whatsapp' rel=\"noopener\"><span class='avia_hidden_link_text'>Compartir en Whatsapp<\/span><\/a><\/li><li class='av-share-link av-social-link-linkedin' ><a target=\"_blank\" aria-label=\"Compartir en LinkedIn\" href='https:\/\/linkedin.com\/shareArticle?mini=true&#038;title=Equipo%20territorial%20de%20educaci%C3%B3n%20se%20despliega%20en%20terreno%20informando%20sobre%20la%20instalaci%C3%B3n%20del%20Servicio%20Local%20de%20Educaci%C3%B3n%20P%C3%BAblica%20%28SLEP%29%20Ays%C3%A9n&#038;url=https:\/\/radiorevelacionfm.cl\/?p=8086' aria-hidden='false' data-av_icon='\ue8fc' data-av_iconfont='entypo-fontello' title='' data-avia-related-tooltip='Compartir en LinkedIn' rel=\"noopener\"><span class='avia_hidden_link_text'>Compartir en LinkedIn<\/span><\/a><\/li><li class='av-share-link av-social-link-mail' ><a  aria-label=\"Compartir por correo\" href='mailto:?subject=Equipo%20territorial%20de%20educaci%C3%B3n%20se%20despliega%20en%20terreno%20informando%20sobre%20la%20instalaci%C3%B3n%20del%20Servicio%20Local%20de%20Educaci%C3%B3n%20P%C3%BAblica%20%28SLEP%29%20Ays%C3%A9n&#038;body=https:\/\/radiorevelacionfm.cl\/?p=8086' aria-hidden='false' data-av_icon='\ue805' data-av_iconfont='entypo-fontello' title='' data-avia-related-tooltip='Compartir por correo'><span class='avia_hidden_link_text'>Compartir por correo<\/span><\/a><\/li><\/ul><\/div><\/div>\n<div  style='height:50px' class='hr hr-invisible   avia-builder-el-8  el_after_av_social_share  el_before_av_comments_list '><span class='hr-inner ' ><span class='hr-inner-style'><\/span><\/span><\/div>\n<div  class='av-buildercomment  av-blog-meta-html-info-disabled av-blog-meta-tag-disabled  '><\/div>\n","protected":false},"excerpt":{"rendered":"","protected":false},"author":1,"featured_media":8087,"comment_status":"open","ping_status":"open","sticky":false,"template":"","format":"standard","meta":{"footnotes":""},"categories":[49],"tags":[],"class_list":["post-8086","post","type-post","status-publish","format-standard","has-post-thumbnail","hentry","category-educacion"],"jetpack_featured_media_url":"https:\/\/radiorevelacionfm.cl\/wp-content\/uploads\/2021\/08\/Jeannette-Allende-1-1.jpeg","_links":{"self":[{"href":"https:\/\/radiorevelacionfm.cl\/index.php?rest_route=\/wp\/v2\/posts\/8086","targetHints":{"allow":["GET"]}}],"collection":[{"href":"https:\/\/radiorevelacionfm.cl\/index.php?rest_route=\/wp\/v2\/posts"}],"about":[{"href":"https:\/\/radiorevelacionfm.cl\/index.php?rest_route=\/wp\/v2\/types\/post"}],"author":[{"embeddable":true,"href":"https:\/\/radiorevelacionfm.cl\/index.php?rest_route=\/wp\/v2\/users\/1"}],"replies":[{"embeddable":true,"href":"https:\/\/radiorevelacionfm.cl\/index.php?rest_route=%2Fwp%2Fv2%2Fcomments&post=8086"}],"version-history":[{"count":1,"href":"https:\/\/radiorevelacionfm.cl\/index.php?rest_route=\/wp\/v2\/posts\/8086\/revisions"}],"predecessor-version":[{"id":8088,"href":"https:\/\/radiorevelacionfm.cl\/index.php?rest_route=\/wp\/v2\/posts\/8086\/revisions\/8088"}],"wp:featuredmedia":[{"embeddable":true,"href":"https:\/\/radiorevelacionfm.cl\/index.php?rest_route=\/wp\/v2\/media\/8087"}],"wp:attachment":[{"href":"https:\/\/radiorevelacionfm.cl\/index.php?rest_route=%2Fwp%2Fv2%2Fmedia&parent=8086"}],"wp:term":[{"taxonomy":"category","embeddable":true,"href":"https:\/\/radiorevelacionfm.cl\/index.php?rest_route=%2Fwp%2Fv2%2Fcategories&post=8086"},{"taxonomy":"post_tag","embeddable":true,"href":"https:\/\/radiorevelacionfm.cl\/index.php?rest_route=%2Fwp%2Fv2%2Ftags&post=8086"}],"curies":[{"name":"wp","href":"https:\/\/api.w.org\/{rel}","templated":true}]}}