{"id":8083,"date":"2021-08-30T22:01:38","date_gmt":"2021-08-31T01:01:38","guid":{"rendered":"https:\/\/radiorevelacionfm.cl\/?p=8083"},"modified":"2021-08-30T22:01:38","modified_gmt":"2021-08-31T01:01:38","slug":"corte-de-apelaciones-de-coyhaique-ordena-iniciar-un-segundo-sumario-contra-jueza-cecilia-urbina","status":"publish","type":"post","link":"https:\/\/radiorevelacionfm.cl\/?p=8083","title":{"rendered":"Corte de Apelaciones de Coyhaique ordena iniciar un segundo sumario contra Jueza Cecilia Urbina"},"content":{"rendered":"<div class=\"flex_column av_one_full  flex_column_div av-zero-column-padding first  avia-builder-el-0  el_before_av_one_full  avia-builder-el-first  \" style='border-radius:0px; '><div  class='avia-image-container  av-styling-    avia-builder-el-1  avia-builder-el-no-sibling  avia-align-center '  itemprop=\"image\" itemscope=\"itemscope\" itemtype=\"https:\/\/schema.org\/ImageObject\"  ><div class='avia-image-container-inner'><div class='avia-image-overlay-wrap'><img decoding=\"async\" class='wp-image-8084 avia-img-lazy-loading-not-8084 avia_image' src=\"https:\/\/radiorevelacionfm.cl\/wp-content\/uploads\/2021\/08\/Magistrada-Cecilia-Urbina-1-1.jpg\" alt='' title='Magistrada Cecilia Urbina (1) (1)' height=\"600\" width=\"1051\"  itemprop=\"thumbnailUrl\" srcset=\"https:\/\/radiorevelacionfm.cl\/wp-content\/uploads\/2021\/08\/Magistrada-Cecilia-Urbina-1-1.jpg 1051w, https:\/\/radiorevelacionfm.cl\/wp-content\/uploads\/2021\/08\/Magistrada-Cecilia-Urbina-1-1-300x171.jpg 300w, https:\/\/radiorevelacionfm.cl\/wp-content\/uploads\/2021\/08\/Magistrada-Cecilia-Urbina-1-1-1030x588.jpg 1030w, https:\/\/radiorevelacionfm.cl\/wp-content\/uploads\/2021\/08\/Magistrada-Cecilia-Urbina-1-1-768x438.jpg 768w, https:\/\/radiorevelacionfm.cl\/wp-content\/uploads\/2021\/08\/Magistrada-Cecilia-Urbina-1-1-705x402.jpg 705w, https:\/\/radiorevelacionfm.cl\/wp-content\/uploads\/2021\/08\/Magistrada-Cecilia-Urbina-1-1-600x343.jpg 600w\" sizes=\"(max-width: 1051px) 100vw, 1051px\" \/><\/div><\/div><\/div><\/div><div class=\"flex_column av_one_full  flex_column_div av-zero-column-padding first  avia-builder-el-2  el_after_av_one_full  el_before_av_one_full  column-top-margin\" style='border-radius:0px; '><section class=\"av_textblock_section \"  itemscope=\"itemscope\" itemtype=\"https:\/\/schema.org\/BlogPosting\" itemprop=\"blogPost\" ><div class='avia_textblock  '   itemprop=\"text\" ><p style=\"text-align: center;\"><strong><span style=\"font-size: 18pt;\">Corte de Apelaciones de Coyhaique ordena iniciar un segundo sumario contra Jueza Cecilia Urbina<\/span><\/strong><\/p>\n<div id=\"gtx-trans\" style=\"position: absolute; left: -50px; top: 4.31534px;\">\n<div class=\"gtx-trans-icon\"><\/div>\n<\/div>\n<\/div><\/section><\/div><div class=\"flex_column av_one_full  flex_column_div av-zero-column-padding first  avia-builder-el-4  el_after_av_one_full  el_before_av_hr  column-top-margin\" style='border-radius:0px; '><section class=\"av_textblock_section \"  itemscope=\"itemscope\" itemtype=\"https:\/\/schema.org\/BlogPosting\" itemprop=\"blogPost\" ><div class='avia_textblock  '   itemprop=\"text\" ><p style=\"text-align: justify;\">Esta tarde a trav\u00e9s de un comunicado de prensa se confirm\u00f3 el inicio de una nueva investigaci\u00f3n.<\/p>\n<p style=\"text-align: justify;\">Atendido el principio de transparencia que informa la actuaci\u00f3n del Poder Judicial,\u00a0 la Corte de Apelaciones de Coyhaique comunica que el pleno de este tribunal de alzada orden\u00f3 iniciar un segundo sumario de investigaci\u00f3n de responsabilidad disciplinaria en contra de la magistrada Cecilia Urbina Pinto, jueza titular del Juzgado de Garant\u00eda de Coyhaique.<\/p>\n<p style=\"text-align: justify;\">Lo anterior por la eventual responsabilidad de violaci\u00f3n de secreto absoluto que dispone la Ley 20.000, en su art\u00edculo 38, y con motivo de la querella de cap\u00edtulos presentada el d\u00eda s\u00e1bado 21 de agosto del a\u00f1o 2021, por el Ministerio P\u00fablico de la Regi\u00f3n de Ays\u00e9n, en contra de la citada jueza.<\/p>\n<p style=\"text-align: justify;\">Al tomar conocimiento de dicha materia el pleno de la Corte de Apelaciones de Coyhaique y de acuerdo al Acta 108-2020, de la Corte Suprema de Justicia, resolvi\u00f3, con\u00a0 fecha 23 de agosto del presente a\u00f1o, designar una nueva investigaci\u00f3n de responsabilidad disciplinaria, design\u00e1ndose como instructor de la misma al Fiscal Judicial de este\u00a0 tribunal, Gerardo Basilio Rojas Donat.<\/p>\n<p style=\"text-align: justify;\">La investigaci\u00f3n se dirigir\u00e1 en lo que diga estricta relaci\u00f3n a una eventual infracci\u00f3n administrativa que pueda acarrear responsabilidad disciplinaria derivada de la imputaci\u00f3n del Ministerio P\u00fablico, como tambi\u00e9n, la eventual participaci\u00f3n de otros funcionarios o de otras irregularidades que eventualmente pudieran constatarse.<\/p>\n<p style=\"text-align: justify;\">Paralelo a ello, el ministro instructor Pedro Alejandro Castro Espinoza, continuar\u00e1 con su\u00a0 labor de investigaci\u00f3n en la causa disciplinaria 461-2021, contra la magistrada \u00a0Urbina Pinto, y en la que se ha ordenado la suspensi\u00f3n temporal de sus funciones a la investigada.<\/p>\n<\/div><\/section><\/div><div  style='height:50px' class='hr hr-invisible   avia-builder-el-6  el_after_av_one_full  el_before_av_social_share '><span class='hr-inner ' ><span class='hr-inner-style'><\/span><\/span><\/div><\/p>\n<div  class='av-social-sharing-box  avia-builder-el-7  el_after_av_hr  el_before_av_hr  '><div class='av-share-box'><h5 class='av-share-link-description av-no-toc '>Compartir esta noticia<\/h5><ul class='av-share-box-list noLightbox'><li class='av-share-link av-social-link-facebook' ><a target=\"_blank\" aria-label=\"Compartir en Facebook\" href='https:\/\/www.facebook.com\/sharer.php?u=https:\/\/radiorevelacionfm.cl\/?p=8083&#038;t=Corte%20de%20Apelaciones%20de%20Coyhaique%20ordena%20iniciar%20un%20segundo%20sumario%20contra%20Jueza%20Cecilia%20Urbina' aria-hidden='false' data-av_icon='\ue8f3' data-av_iconfont='entypo-fontello' title='' data-avia-related-tooltip='Compartir en Facebook' rel=\"noopener\"><span class='avia_hidden_link_text'>Compartir en Facebook<\/span><\/a><\/li><li class='av-share-link av-social-link-twitter' ><a target=\"_blank\" aria-label=\"Compartir en Twitter\" href='https:\/\/twitter.com\/share?text=Corte%20de%20Apelaciones%20de%20Coyhaique%20ordena%20iniciar%20un%20segundo%20sumario%20contra%20Jueza%20Cecilia%20Urbina&#038;url=https:\/\/radiorevelacionfm.cl\/?p=8083' aria-hidden='false' data-av_icon='\ue8f1' data-av_iconfont='entypo-fontello' title='' data-avia-related-tooltip='Compartir en Twitter' rel=\"noopener\"><span class='avia_hidden_link_text'>Compartir en Twitter<\/span><\/a><\/li><li class='av-share-link av-social-link-whatsapp' ><a target=\"_blank\" aria-label=\"Compartir en Whatsapp\" href='https:\/\/api.whatsapp.com\/send?text=https:\/\/radiorevelacionfm.cl\/?p=8083' aria-hidden='false' data-av_icon='\uf232' data-av_iconfont='entypo-fontello' title='' data-avia-related-tooltip='Compartir en Whatsapp' rel=\"noopener\"><span class='avia_hidden_link_text'>Compartir en Whatsapp<\/span><\/a><\/li><li class='av-share-link av-social-link-linkedin' ><a target=\"_blank\" aria-label=\"Compartir en LinkedIn\" href='https:\/\/linkedin.com\/shareArticle?mini=true&#038;title=Corte%20de%20Apelaciones%20de%20Coyhaique%20ordena%20iniciar%20un%20segundo%20sumario%20contra%20Jueza%20Cecilia%20Urbina&#038;url=https:\/\/radiorevelacionfm.cl\/?p=8083' aria-hidden='false' data-av_icon='\ue8fc' data-av_iconfont='entypo-fontello' title='' data-avia-related-tooltip='Compartir en LinkedIn' rel=\"noopener\"><span class='avia_hidden_link_text'>Compartir en LinkedIn<\/span><\/a><\/li><li class='av-share-link av-social-link-mail' ><a  aria-label=\"Compartir por correo\" href='mailto:?subject=Corte%20de%20Apelaciones%20de%20Coyhaique%20ordena%20iniciar%20un%20segundo%20sumario%20contra%20Jueza%20Cecilia%20Urbina&#038;body=https:\/\/radiorevelacionfm.cl\/?p=8083' aria-hidden='false' data-av_icon='\ue805' data-av_iconfont='entypo-fontello' title='' data-avia-related-tooltip='Compartir por correo'><span class='avia_hidden_link_text'>Compartir por correo<\/span><\/a><\/li><\/ul><\/div><\/div>\n<div  style='height:50px' class='hr hr-invisible   avia-builder-el-8  el_after_av_social_share  el_before_av_comments_list '><span class='hr-inner ' ><span class='hr-inner-style'><\/span><\/span><\/div>\n<div  class='av-buildercomment  av-blog-meta-html-info-disabled av-blog-meta-tag-disabled  '><\/div>\n","protected":false},"excerpt":{"rendered":"","protected":false},"author":1,"featured_media":8084,"comment_status":"open","ping_status":"open","sticky":false,"template":"","format":"standard","meta":{"footnotes":""},"categories":[55],"tags":[],"class_list":["post-8083","post","type-post","status-publish","format-standard","has-post-thumbnail","hentry","category-justicia"],"jetpack_featured_media_url":"https:\/\/radiorevelacionfm.cl\/wp-content\/uploads\/2021\/08\/Magistrada-Cecilia-Urbina-1-1.jpg","_links":{"self":[{"href":"https:\/\/radiorevelacionfm.cl\/index.php?rest_route=\/wp\/v2\/posts\/8083","targetHints":{"allow":["GET"]}}],"collection":[{"href":"https:\/\/radiorevelacionfm.cl\/index.php?rest_route=\/wp\/v2\/posts"}],"about":[{"href":"https:\/\/radiorevelacionfm.cl\/index.php?rest_route=\/wp\/v2\/types\/post"}],"author":[{"embeddable":true,"href":"https:\/\/radiorevelacionfm.cl\/index.php?rest_route=\/wp\/v2\/users\/1"}],"replies":[{"embeddable":true,"href":"https:\/\/radiorevelacionfm.cl\/index.php?rest_route=%2Fwp%2Fv2%2Fcomments&post=8083"}],"version-history":[{"count":1,"href":"https:\/\/radiorevelacionfm.cl\/index.php?rest_route=\/wp\/v2\/posts\/8083\/revisions"}],"predecessor-version":[{"id":8085,"href":"https:\/\/radiorevelacionfm.cl\/index.php?rest_route=\/wp\/v2\/posts\/8083\/revisions\/8085"}],"wp:featuredmedia":[{"embeddable":true,"href":"https:\/\/radiorevelacionfm.cl\/index.php?rest_route=\/wp\/v2\/media\/8084"}],"wp:attachment":[{"href":"https:\/\/radiorevelacionfm.cl\/index.php?rest_route=%2Fwp%2Fv2%2Fmedia&parent=8083"}],"wp:term":[{"taxonomy":"category","embeddable":true,"href":"https:\/\/radiorevelacionfm.cl\/index.php?rest_route=%2Fwp%2Fv2%2Fcategories&post=8083"},{"taxonomy":"post_tag","embeddable":true,"href":"https:\/\/radiorevelacionfm.cl\/index.php?rest_route=%2Fwp%2Fv2%2Ftags&post=8083"}],"curies":[{"name":"wp","href":"https:\/\/api.w.org\/{rel}","templated":true}]}}