{"id":8080,"date":"2021-08-30T21:40:33","date_gmt":"2021-08-31T00:40:33","guid":{"rendered":"https:\/\/radiorevelacionfm.cl\/?p=8080"},"modified":"2021-08-30T21:40:33","modified_gmt":"2021-08-31T00:40:33","slug":"club-alas-portuarias-se-reunio-con-dpp-aysen-para-solicitar-ayuda-tras-incendio-en-sede-social","status":"publish","type":"post","link":"https:\/\/radiorevelacionfm.cl\/?p=8080","title":{"rendered":"Club Alas Portuarias se reuni\u00f3 con DPP Ays\u00e9n para solicitar ayuda tras incendio en Sede Social"},"content":{"rendered":"<div class=\"flex_column av_one_full  flex_column_div av-zero-column-padding first  avia-builder-el-0  el_before_av_one_full  avia-builder-el-first  \" style='border-radius:0px; '><div  class='avia-image-container  av-styling-    avia-builder-el-1  avia-builder-el-no-sibling  avia-align-center '  itemprop=\"image\" itemscope=\"itemscope\" itemtype=\"https:\/\/schema.org\/ImageObject\"  ><div class='avia-image-container-inner'><div class='avia-image-overlay-wrap'><img decoding=\"async\" class='wp-image-8081 avia-img-lazy-loading-not-8081 avia_image' src=\"https:\/\/radiorevelacionfm.cl\/wp-content\/uploads\/2021\/08\/club_1-1_optimized.jpg\" alt='' title='club_1-(1)_optimized' height=\"600\" width=\"1333\"  itemprop=\"thumbnailUrl\" srcset=\"https:\/\/radiorevelacionfm.cl\/wp-content\/uploads\/2021\/08\/club_1-1_optimized.jpg 1333w, https:\/\/radiorevelacionfm.cl\/wp-content\/uploads\/2021\/08\/club_1-1_optimized-300x135.jpg 300w, https:\/\/radiorevelacionfm.cl\/wp-content\/uploads\/2021\/08\/club_1-1_optimized-1030x464.jpg 1030w, https:\/\/radiorevelacionfm.cl\/wp-content\/uploads\/2021\/08\/club_1-1_optimized-768x346.jpg 768w, https:\/\/radiorevelacionfm.cl\/wp-content\/uploads\/2021\/08\/club_1-1_optimized-705x317.jpg 705w, https:\/\/radiorevelacionfm.cl\/wp-content\/uploads\/2021\/08\/club_1-1_optimized-600x270.jpg 600w\" sizes=\"(max-width: 1333px) 100vw, 1333px\" \/><\/div><\/div><\/div><\/div><div class=\"flex_column av_one_full  flex_column_div av-zero-column-padding first  avia-builder-el-2  el_after_av_one_full  el_before_av_one_full  column-top-margin\" style='border-radius:0px; '><section class=\"av_textblock_section \"  itemscope=\"itemscope\" itemtype=\"https:\/\/schema.org\/BlogPosting\" itemprop=\"blogPost\" ><div class='avia_textblock  '   itemprop=\"text\" ><p style=\"text-align: center;\"><span style=\"font-size: 18pt;\"><strong>Club Alas Portuarias se reuni\u00f3 con DPP Ays\u00e9n para solicitar ayuda tras incendio en Sede Social<\/strong><\/span><\/p>\n<div id=\"gtx-trans\" style=\"position: absolute; left: -50px; top: 4.31534px;\">\n<div class=\"gtx-trans-icon\"><\/div>\n<\/div>\n<\/div><\/section><\/div><div class=\"flex_column av_one_full  flex_column_div av-zero-column-padding first  avia-builder-el-4  el_after_av_one_full  el_before_av_hr  column-top-margin\" style='border-radius:0px; '><section class=\"av_textblock_section \"  itemscope=\"itemscope\" itemtype=\"https:\/\/schema.org\/BlogPosting\" itemprop=\"blogPost\" ><div class='avia_textblock  '   itemprop=\"text\" ><p style=\"text-align: justify;\">Incendio de hace algunas semanas consumi\u00f3 gran parte de la infraestructura y elementos deportivos de la instituci\u00f3n.<\/p>\n<p style=\"text-align: justify;\">Hasta la Delegaci\u00f3n Presidencial Provincial lleg\u00f3 Alfredo \u00c1lvarez y Cristian Vargas del Club Alas Portuarias de Puerto Ays\u00e9n para solicitar apoyo debido al incendio que sufrieran las instalaciones de la sede deportiva y que trajera consigo p\u00e9rdidas materiales entre ellas indumentaria deportiva que estaba destinada a la formaci\u00f3n de los m\u00e1s peque\u00f1os del club.<\/p>\n<p style=\"text-align: justify;\">El Delegado Presidencial Manuel Ortiz tras esta grata visita se refer\u00eda a la conversaci\u00f3n y apoyo comprometido para esta organizaci\u00f3n deportiva \u201cnosotros como Delegaci\u00f3n Presidencial tambi\u00e9n quisimos acercarnos a ellos y tambi\u00e9n poder ofrecer lo que significa puedan recibir un Fondo Presidente de la Rep\u00fablica para poder b\u00e1sicamente ayudar en la implementaci\u00f3n deportiva que estaba en el interior de la sede y que se quem\u00f3, por lo tanto tenemos el compromiso de otorgarle un FONDES para el 2022 y otros compromisos que hemos asumido particularmente con ellos para ayudar a levantarse de este complicado momento\u201d.<\/p>\n<\/div><\/section><\/div><div  style='height:50px' class='hr hr-invisible   avia-builder-el-6  el_after_av_one_full  el_before_av_social_share '><span class='hr-inner ' ><span class='hr-inner-style'><\/span><\/span><\/div><\/p>\n<div  class='av-social-sharing-box  avia-builder-el-7  el_after_av_hr  el_before_av_hr  '><div class='av-share-box'><h5 class='av-share-link-description av-no-toc '>Compartir esta noticia<\/h5><ul class='av-share-box-list noLightbox'><li class='av-share-link av-social-link-facebook' ><a target=\"_blank\" aria-label=\"Compartir en Facebook\" href='https:\/\/www.facebook.com\/sharer.php?u=https:\/\/radiorevelacionfm.cl\/?p=8080&#038;t=Club%20Alas%20Portuarias%20se%20reuni%C3%B3%20con%20DPP%20Ays%C3%A9n%20para%20solicitar%20ayuda%20tras%20incendio%20en%20Sede%20Social' aria-hidden='false' data-av_icon='\ue8f3' data-av_iconfont='entypo-fontello' title='' data-avia-related-tooltip='Compartir en Facebook' rel=\"noopener\"><span class='avia_hidden_link_text'>Compartir en Facebook<\/span><\/a><\/li><li class='av-share-link av-social-link-twitter' ><a target=\"_blank\" aria-label=\"Compartir en Twitter\" href='https:\/\/twitter.com\/share?text=Club%20Alas%20Portuarias%20se%20reuni%C3%B3%20con%20DPP%20Ays%C3%A9n%20para%20solicitar%20ayuda%20tras%20incendio%20en%20Sede%20Social&#038;url=https:\/\/radiorevelacionfm.cl\/?p=8080' aria-hidden='false' data-av_icon='\ue8f1' data-av_iconfont='entypo-fontello' title='' data-avia-related-tooltip='Compartir en Twitter' rel=\"noopener\"><span class='avia_hidden_link_text'>Compartir en Twitter<\/span><\/a><\/li><li class='av-share-link av-social-link-whatsapp' ><a target=\"_blank\" aria-label=\"Compartir en Whatsapp\" href='https:\/\/api.whatsapp.com\/send?text=https:\/\/radiorevelacionfm.cl\/?p=8080' aria-hidden='false' data-av_icon='\uf232' data-av_iconfont='entypo-fontello' title='' data-avia-related-tooltip='Compartir en Whatsapp' rel=\"noopener\"><span class='avia_hidden_link_text'>Compartir en Whatsapp<\/span><\/a><\/li><li class='av-share-link av-social-link-linkedin' ><a target=\"_blank\" aria-label=\"Compartir en LinkedIn\" href='https:\/\/linkedin.com\/shareArticle?mini=true&#038;title=Club%20Alas%20Portuarias%20se%20reuni%C3%B3%20con%20DPP%20Ays%C3%A9n%20para%20solicitar%20ayuda%20tras%20incendio%20en%20Sede%20Social&#038;url=https:\/\/radiorevelacionfm.cl\/?p=8080' aria-hidden='false' data-av_icon='\ue8fc' data-av_iconfont='entypo-fontello' title='' data-avia-related-tooltip='Compartir en LinkedIn' rel=\"noopener\"><span class='avia_hidden_link_text'>Compartir en LinkedIn<\/span><\/a><\/li><li class='av-share-link av-social-link-mail' ><a  aria-label=\"Compartir por correo\" href='mailto:?subject=Club%20Alas%20Portuarias%20se%20reuni%C3%B3%20con%20DPP%20Ays%C3%A9n%20para%20solicitar%20ayuda%20tras%20incendio%20en%20Sede%20Social&#038;body=https:\/\/radiorevelacionfm.cl\/?p=8080' aria-hidden='false' data-av_icon='\ue805' data-av_iconfont='entypo-fontello' title='' data-avia-related-tooltip='Compartir por correo'><span class='avia_hidden_link_text'>Compartir por correo<\/span><\/a><\/li><\/ul><\/div><\/div>\n<div  style='height:50px' class='hr hr-invisible   avia-builder-el-8  el_after_av_social_share  el_before_av_comments_list '><span class='hr-inner ' ><span class='hr-inner-style'><\/span><\/span><\/div>\n<div  class='av-buildercomment  av-blog-meta-html-info-disabled av-blog-meta-tag-disabled  '><\/div>\n","protected":false},"excerpt":{"rendered":"","protected":false},"author":1,"featured_media":8081,"comment_status":"open","ping_status":"open","sticky":false,"template":"","format":"standard","meta":{"footnotes":""},"categories":[38],"tags":[],"class_list":["post-8080","post","type-post","status-publish","format-standard","has-post-thumbnail","hentry","category-regional"],"jetpack_featured_media_url":"https:\/\/radiorevelacionfm.cl\/wp-content\/uploads\/2021\/08\/club_1-1_optimized.jpg","_links":{"self":[{"href":"https:\/\/radiorevelacionfm.cl\/index.php?rest_route=\/wp\/v2\/posts\/8080","targetHints":{"allow":["GET"]}}],"collection":[{"href":"https:\/\/radiorevelacionfm.cl\/index.php?rest_route=\/wp\/v2\/posts"}],"about":[{"href":"https:\/\/radiorevelacionfm.cl\/index.php?rest_route=\/wp\/v2\/types\/post"}],"author":[{"embeddable":true,"href":"https:\/\/radiorevelacionfm.cl\/index.php?rest_route=\/wp\/v2\/users\/1"}],"replies":[{"embeddable":true,"href":"https:\/\/radiorevelacionfm.cl\/index.php?rest_route=%2Fwp%2Fv2%2Fcomments&post=8080"}],"version-history":[{"count":1,"href":"https:\/\/radiorevelacionfm.cl\/index.php?rest_route=\/wp\/v2\/posts\/8080\/revisions"}],"predecessor-version":[{"id":8082,"href":"https:\/\/radiorevelacionfm.cl\/index.php?rest_route=\/wp\/v2\/posts\/8080\/revisions\/8082"}],"wp:featuredmedia":[{"embeddable":true,"href":"https:\/\/radiorevelacionfm.cl\/index.php?rest_route=\/wp\/v2\/media\/8081"}],"wp:attachment":[{"href":"https:\/\/radiorevelacionfm.cl\/index.php?rest_route=%2Fwp%2Fv2%2Fmedia&parent=8080"}],"wp:term":[{"taxonomy":"category","embeddable":true,"href":"https:\/\/radiorevelacionfm.cl\/index.php?rest_route=%2Fwp%2Fv2%2Fcategories&post=8080"},{"taxonomy":"post_tag","embeddable":true,"href":"https:\/\/radiorevelacionfm.cl\/index.php?rest_route=%2Fwp%2Fv2%2Ftags&post=8080"}],"curies":[{"name":"wp","href":"https:\/\/api.w.org\/{rel}","templated":true}]}}