{"id":8077,"date":"2021-08-30T19:30:16","date_gmt":"2021-08-30T22:30:16","guid":{"rendered":"https:\/\/radiorevelacionfm.cl\/?p=8077"},"modified":"2021-08-30T20:03:19","modified_gmt":"2021-08-30T23:03:19","slug":"gobierno-entrega-computadores-a-estudiantes-de-septimo-basico-en-la-region","status":"publish","type":"post","link":"https:\/\/radiorevelacionfm.cl\/?p=8077","title":{"rendered":"Gobierno entrega computadores a estudiantes de s\u00e9ptimo b\u00e1sico en la regi\u00f3n"},"content":{"rendered":"<div class=\"flex_column av_one_full  flex_column_div av-zero-column-padding first  avia-builder-el-0  el_before_av_one_full  avia-builder-el-first  \" style='border-radius:0px; '><div  class='avia-image-container  av-styling-    avia-builder-el-1  avia-builder-el-no-sibling  avia-align-center '  itemprop=\"image\" itemscope=\"itemscope\" itemtype=\"https:\/\/schema.org\/ImageObject\"  ><div class='avia-image-container-inner'><div class='avia-image-overlay-wrap'><img decoding=\"async\" class='wp-image-8078 avia-img-lazy-loading-not-8078 avia_image' src=\"https:\/\/radiorevelacionfm.cl\/wp-content\/uploads\/2021\/08\/foto-entrega-computadores-3-1_optimized.jpeg\" alt='' title='foto-entrega-computadores-3-(1)_optimized' height=\"600\" width=\"1373\"  itemprop=\"thumbnailUrl\" srcset=\"https:\/\/radiorevelacionfm.cl\/wp-content\/uploads\/2021\/08\/foto-entrega-computadores-3-1_optimized.jpeg 1373w, https:\/\/radiorevelacionfm.cl\/wp-content\/uploads\/2021\/08\/foto-entrega-computadores-3-1_optimized-300x131.jpeg 300w, https:\/\/radiorevelacionfm.cl\/wp-content\/uploads\/2021\/08\/foto-entrega-computadores-3-1_optimized-1030x450.jpeg 1030w, https:\/\/radiorevelacionfm.cl\/wp-content\/uploads\/2021\/08\/foto-entrega-computadores-3-1_optimized-768x336.jpeg 768w, https:\/\/radiorevelacionfm.cl\/wp-content\/uploads\/2021\/08\/foto-entrega-computadores-3-1_optimized-705x308.jpeg 705w, https:\/\/radiorevelacionfm.cl\/wp-content\/uploads\/2021\/08\/foto-entrega-computadores-3-1_optimized-600x262.jpeg 600w\" sizes=\"(max-width: 1373px) 100vw, 1373px\" \/><\/div><\/div><\/div><\/div><div class=\"flex_column av_one_full  flex_column_div av-zero-column-padding first  avia-builder-el-2  el_after_av_one_full  el_before_av_one_full  column-top-margin\" style='border-radius:0px; '><section class=\"av_textblock_section \"  itemscope=\"itemscope\" itemtype=\"https:\/\/schema.org\/BlogPosting\" itemprop=\"blogPost\" ><div class='avia_textblock  '   itemprop=\"text\" ><p style=\"text-align: center;\"><span style=\"font-size: 18pt;\"><b>Gobierno entrega computadores a estudiantes de s\u00e9ptimo b\u00e1sico en la regi\u00f3n<\/b><\/span><\/p>\n<div id=\"gtx-trans\" style=\"position: absolute; left: -50px; top: 4.31534px;\">\n<div class=\"gtx-trans-icon\"><\/div>\n<\/div>\n<\/div><\/section><\/div><div class=\"flex_column av_one_full  flex_column_div av-zero-column-padding first  avia-builder-el-4  el_after_av_one_full  el_before_av_hr  column-top-margin\" style='border-radius:0px; '><section class=\"av_textblock_section \"  itemscope=\"itemscope\" itemtype=\"https:\/\/schema.org\/BlogPosting\" itemprop=\"blogPost\" ><div class='avia_textblock  '   itemprop=\"text\" ><p style=\"font-weight: 400; text-align: justify;\">Disminuir las brechas digitales es parte del objetivo del Programa Becas de Acceso de las Tecnolog\u00edas de la Informaci\u00f3n y Comunicaci\u00f3n (TIC) de la Junta Nacional de Auxilio Escolar y Becas (Junaeb) \u2013perteneciente al Ministerio de Educaci\u00f3n\u2013, y que hace dos semanas comenz\u00f3 la entrega de computadores a estudiantes de s\u00e9ptimo b\u00e1sico de la Regi\u00f3n de Ays\u00e9n, contabilizando un avance de 50% en la distribuci\u00f3n de los equipos desde el 16 de agosto.<\/p>\n<p style=\"font-weight: 400; text-align: justify;\">Este lunes la Delegada Presidencial, Margarita Ossa, junto al Seremi de Educaci\u00f3n, Sergio Becerra, y el director regional de Junaeb, Patrice Van de Maele, estuvieron en el Liceo Josefina Aguirre Montenegro de Coyhaique para supervisar este proceso, el cual busca beneficiar a m\u00e1s de mil 100 alumnos.<\/p>\n<p style=\"font-weight: 400; text-align: justify;\">\u201cHoy d\u00eda nuestra regi\u00f3n ha sido priorizada para la entrega de computadores porque como nos dec\u00eda Benjam\u00edn (uno de los beneficiarios) \u201clo necesitaba y es necesario\u201d. A veces, lo que hemos estado hablando con los apoderados, en la mayor\u00eda de los casos el uso era a trav\u00e9s de celulares, del pap\u00e1 o la mam\u00e1, y eso aparte de complejizar el aprendizaje, tambi\u00e9n tensiona a la familia porque uno a su hijo lo que m\u00e1s quiere es darle una educaci\u00f3n como corresponde y con todas las herramientas necesarias; ese es nuestro objetivo como Gobierno\u201d,\u00a0remarc\u00f3 la Delegada Presidencial.<\/p>\n<p style=\"font-weight: 400; text-align: justify;\">Para la\u00a0docente de la Escuela Baquedano, Ingrid Villouta, los notebook ser\u00e1n una herramienta necesaria para reforzar las clases h\u00edbridas que est\u00e1n teniendo los estudiantes.\u00a0\u201cNuestros alumnos ahora van a poder estar conectados y, en el fondo, no existir\u00e1 esa brecha digital; ahora podr\u00e1n conectarse con sus clases virtuales, aunque ahora est\u00e1n yendo a clases presenciales, pero igual es una tremenda ayuda para que ellos puedan realizar sus trabajos, tareas. Y s\u00f3lo agradecer, estoy bastante emocionada porque este momento lo est\u00e1bamos esperando junto con ellos\u201d, dijo.<\/p>\n<p style=\"font-weight: 400; text-align: justify;\">La cobertura para este a\u00f1o a nivel nacional aument\u00f3 de 130 mil a 150 mil computadores, cuyo equipo viene con un plan de internet m\u00f3vil (BAM) \u2013con una vigencia por los siguientes 12 meses desde que \u00e9l o la estudiante reciben el notebook\u2013; adem\u00e1s, incorpora recursos educativos instalados (como ingl\u00e9s, ciencias naturales, arte y m\u00fasica, entre otros), e ingreso al portal Aprendo en L\u00ednea, seg\u00fan lo detallado por el\u00a0Seremi de Educaci\u00f3n, Sergio Becerra.<\/p>\n<p style=\"font-weight: 400; text-align: justify;\">\u201cHoy estamos cumpliendo un sue\u00f1o, una realidad de que le est\u00e9 llegando el computador a todos nuestros estudiantes que estaban becados, lo que nos tiene muy contentos. Y de aqu\u00ed al 8 de septiembre tendr\u00eda que estar el 100%. Lo que significa realmente un apoyo extra a lo que ya se est\u00e1 haciendo. Adem\u00e1s, aumentando en m\u00e1s de 200 PC\u00b4s este a\u00f1o, lo que es muy importante dado las circunstancias; tambi\u00e9n estos equipos vienen programas que permiten a los ni\u00f1os acceder a distintos programas educativos o asignaturas como, por ejemplo, ingl\u00e9s, ciencias e historia; lo que es un tremendo aporte\u201d<strong>,<\/strong>\u00a0destac\u00f3 el Seremi de Educaci\u00f3n.<\/p>\n<p style=\"font-weight: 400; text-align: justify;\"><strong>Proceso de entrega<\/strong><\/p>\n<p style=\"font-weight: 400; text-align: justify;\">Los efectos de la pandemia provocaron un impacto en el mercado tecnol\u00f3gico, afectando la disponibilidad de los equipos a principios de este a\u00f1o, cuya consecuencia hizo que se retrasara el proceso de entrega de los computadores, los cuales hoy est\u00e1n siendo entregados a los estudiantes de la regi\u00f3n.<\/p>\n<p style=\"font-weight: 400; text-align: justify;\">Bajo ese contexto, el\u00a0director regional de Junaeb, Patrice Van de Maele, manifest\u00f3 que\u00a0\u201choy se cierra un ciclo largu\u00edsimo que llev\u00e1bamos esperando, tal como lo dec\u00eda nuestra Delegada Presidencial, para poder al fin tener los computadores ac\u00e1. Nosotros partimos el 16 de agosto y con el mismo criterio que defini\u00f3 la direcci\u00f3n nacional al asignarnos a nosotros como regi\u00f3n prioridad, por ser la regi\u00f3n m\u00e1s aislada y con menos conectividad. Ac\u00e1 replicamos ese criterio y partimos por las zonas m\u00e1s aisladas, por ejemplo, Cerro Castillo, Puerto Tranquilo, Puerto Guadal, Cochrane, Villa O\u00b4Higgins y Tortel; la semana pasada fue toda la regi\u00f3n hacia el norte\u201d.<\/p>\n<p style=\"font-weight: 400; text-align: justify;\">Los padres de los alumnos que hayan sido seleccionados para recibir un equipo ser\u00e1n contactados por sus establecimientos, y ser\u00e1n citados en un horario espec\u00edfico para asegurar el total cumplimiento de las medidas de higiene relacionadas con la pandemia, respetando el aforo y el distanciamiento f\u00edsico.<\/p>\n<p style=\"font-weight: 400; text-align: justify;\">Y, finalmente, podr\u00e1 concurrir s\u00f3lo un apoderado (padres, hermano mayor o tutor legal) con la documentaci\u00f3n necesaria para poder recibir el computador. Los establecimientos contar\u00e1n con alcohol gel y m\u00f3dulos distanciados entre ellos, y ser\u00e1 obligaci\u00f3n acudir con mascarilla, tal como lo exige la autoridad sanitaria.<\/p>\n<\/div><\/section><\/div><div  style='height:50px' class='hr hr-invisible   avia-builder-el-6  el_after_av_one_full  el_before_av_social_share '><span class='hr-inner ' ><span class='hr-inner-style'><\/span><\/span><\/div><\/p>\n<div  class='av-social-sharing-box  avia-builder-el-7  el_after_av_hr  el_before_av_hr  '><div class='av-share-box'><h5 class='av-share-link-description av-no-toc '>Compartir esta noticia<\/h5><ul class='av-share-box-list noLightbox'><li class='av-share-link av-social-link-facebook' ><a target=\"_blank\" aria-label=\"Compartir en Facebook\" href='https:\/\/www.facebook.com\/sharer.php?u=https:\/\/radiorevelacionfm.cl\/?p=8077&#038;t=Gobierno%20entrega%20computadores%20a%20estudiantes%20de%20s%C3%A9ptimo%20b%C3%A1sico%20en%20la%20regi%C3%B3n' aria-hidden='false' data-av_icon='\ue8f3' data-av_iconfont='entypo-fontello' title='' data-avia-related-tooltip='Compartir en Facebook' rel=\"noopener\"><span class='avia_hidden_link_text'>Compartir en Facebook<\/span><\/a><\/li><li class='av-share-link av-social-link-twitter' ><a target=\"_blank\" aria-label=\"Compartir en Twitter\" href='https:\/\/twitter.com\/share?text=Gobierno%20entrega%20computadores%20a%20estudiantes%20de%20s%C3%A9ptimo%20b%C3%A1sico%20en%20la%20regi%C3%B3n&#038;url=https:\/\/radiorevelacionfm.cl\/?p=8077' aria-hidden='false' data-av_icon='\ue8f1' data-av_iconfont='entypo-fontello' title='' data-avia-related-tooltip='Compartir en Twitter' rel=\"noopener\"><span class='avia_hidden_link_text'>Compartir en Twitter<\/span><\/a><\/li><li class='av-share-link av-social-link-whatsapp' ><a target=\"_blank\" aria-label=\"Compartir en Whatsapp\" href='https:\/\/api.whatsapp.com\/send?text=https:\/\/radiorevelacionfm.cl\/?p=8077' aria-hidden='false' data-av_icon='\uf232' data-av_iconfont='entypo-fontello' title='' data-avia-related-tooltip='Compartir en Whatsapp' rel=\"noopener\"><span class='avia_hidden_link_text'>Compartir en Whatsapp<\/span><\/a><\/li><li class='av-share-link av-social-link-linkedin' ><a target=\"_blank\" aria-label=\"Compartir en LinkedIn\" href='https:\/\/linkedin.com\/shareArticle?mini=true&#038;title=Gobierno%20entrega%20computadores%20a%20estudiantes%20de%20s%C3%A9ptimo%20b%C3%A1sico%20en%20la%20regi%C3%B3n&#038;url=https:\/\/radiorevelacionfm.cl\/?p=8077' aria-hidden='false' data-av_icon='\ue8fc' data-av_iconfont='entypo-fontello' title='' data-avia-related-tooltip='Compartir en LinkedIn' rel=\"noopener\"><span class='avia_hidden_link_text'>Compartir en LinkedIn<\/span><\/a><\/li><li class='av-share-link av-social-link-mail' ><a  aria-label=\"Compartir por correo\" href='mailto:?subject=Gobierno%20entrega%20computadores%20a%20estudiantes%20de%20s%C3%A9ptimo%20b%C3%A1sico%20en%20la%20regi%C3%B3n&#038;body=https:\/\/radiorevelacionfm.cl\/?p=8077' aria-hidden='false' data-av_icon='\ue805' data-av_iconfont='entypo-fontello' title='' data-avia-related-tooltip='Compartir por correo'><span class='avia_hidden_link_text'>Compartir por correo<\/span><\/a><\/li><\/ul><\/div><\/div>\n<div  style='height:50px' class='hr hr-invisible   avia-builder-el-8  el_after_av_social_share  el_before_av_comments_list '><span class='hr-inner ' ><span class='hr-inner-style'><\/span><\/span><\/div>\n<div  class='av-buildercomment  av-blog-meta-html-info-disabled av-blog-meta-tag-disabled  '><\/div>\n","protected":false},"excerpt":{"rendered":"","protected":false},"author":1,"featured_media":8078,"comment_status":"open","ping_status":"open","sticky":false,"template":"","format":"standard","meta":{"footnotes":""},"categories":[38],"tags":[],"class_list":["post-8077","post","type-post","status-publish","format-standard","has-post-thumbnail","hentry","category-regional"],"jetpack_featured_media_url":"https:\/\/radiorevelacionfm.cl\/wp-content\/uploads\/2021\/08\/foto-entrega-computadores-3-1_optimized.jpeg","_links":{"self":[{"href":"https:\/\/radiorevelacionfm.cl\/index.php?rest_route=\/wp\/v2\/posts\/8077","targetHints":{"allow":["GET"]}}],"collection":[{"href":"https:\/\/radiorevelacionfm.cl\/index.php?rest_route=\/wp\/v2\/posts"}],"about":[{"href":"https:\/\/radiorevelacionfm.cl\/index.php?rest_route=\/wp\/v2\/types\/post"}],"author":[{"embeddable":true,"href":"https:\/\/radiorevelacionfm.cl\/index.php?rest_route=\/wp\/v2\/users\/1"}],"replies":[{"embeddable":true,"href":"https:\/\/radiorevelacionfm.cl\/index.php?rest_route=%2Fwp%2Fv2%2Fcomments&post=8077"}],"version-history":[{"count":1,"href":"https:\/\/radiorevelacionfm.cl\/index.php?rest_route=\/wp\/v2\/posts\/8077\/revisions"}],"predecessor-version":[{"id":8079,"href":"https:\/\/radiorevelacionfm.cl\/index.php?rest_route=\/wp\/v2\/posts\/8077\/revisions\/8079"}],"wp:featuredmedia":[{"embeddable":true,"href":"https:\/\/radiorevelacionfm.cl\/index.php?rest_route=\/wp\/v2\/media\/8078"}],"wp:attachment":[{"href":"https:\/\/radiorevelacionfm.cl\/index.php?rest_route=%2Fwp%2Fv2%2Fmedia&parent=8077"}],"wp:term":[{"taxonomy":"category","embeddable":true,"href":"https:\/\/radiorevelacionfm.cl\/index.php?rest_route=%2Fwp%2Fv2%2Fcategories&post=8077"},{"taxonomy":"post_tag","embeddable":true,"href":"https:\/\/radiorevelacionfm.cl\/index.php?rest_route=%2Fwp%2Fv2%2Ftags&post=8077"}],"curies":[{"name":"wp","href":"https:\/\/api.w.org\/{rel}","templated":true}]}}