{"id":8074,"date":"2021-08-30T19:25:34","date_gmt":"2021-08-30T22:25:34","guid":{"rendered":"https:\/\/radiorevelacionfm.cl\/?p=8074"},"modified":"2021-08-30T23:11:01","modified_gmt":"2021-08-31T02:11:01","slug":"capacitan-a-productores-locales-de-la-comuna-de-aysen-en-poda-de-arandanos","status":"publish","type":"post","link":"https:\/\/radiorevelacionfm.cl\/?p=8074","title":{"rendered":"Capacitan a productores locales de la comuna de Ays\u00e9n en poda de ar\u00e1ndanos"},"content":{"rendered":"<div class=\"flex_column av_one_full  flex_column_div av-zero-column-padding first  avia-builder-el-0  el_before_av_one_full  avia-builder-el-first  \" style='border-radius:0px; '><div  class='avia-image-container  av-styling-    avia-builder-el-1  avia-builder-el-no-sibling  avia-align-center '  itemprop=\"image\" itemscope=\"itemscope\" itemtype=\"https:\/\/schema.org\/ImageObject\"  ><div class='avia-image-container-inner'><div class='avia-image-overlay-wrap'><img decoding=\"async\" class='wp-image-8095 avia-img-lazy-loading-not-8095 avia_image' src=\"https:\/\/radiorevelacionfm.cl\/wp-content\/uploads\/2021\/08\/img-indapaysen1-2_optimized.jpeg\" alt='' title='img-indapaysen1-(2)_optimized' height=\"600\" width=\"1092\"  itemprop=\"thumbnailUrl\" srcset=\"https:\/\/radiorevelacionfm.cl\/wp-content\/uploads\/2021\/08\/img-indapaysen1-2_optimized.jpeg 1092w, https:\/\/radiorevelacionfm.cl\/wp-content\/uploads\/2021\/08\/img-indapaysen1-2_optimized-300x165.jpeg 300w, https:\/\/radiorevelacionfm.cl\/wp-content\/uploads\/2021\/08\/img-indapaysen1-2_optimized-1030x566.jpeg 1030w, https:\/\/radiorevelacionfm.cl\/wp-content\/uploads\/2021\/08\/img-indapaysen1-2_optimized-768x422.jpeg 768w, https:\/\/radiorevelacionfm.cl\/wp-content\/uploads\/2021\/08\/img-indapaysen1-2_optimized-705x387.jpeg 705w, https:\/\/radiorevelacionfm.cl\/wp-content\/uploads\/2021\/08\/img-indapaysen1-2_optimized-600x330.jpeg 600w\" sizes=\"(max-width: 1092px) 100vw, 1092px\" \/><\/div><\/div><\/div><\/div><div class=\"flex_column av_one_full  flex_column_div av-zero-column-padding first  avia-builder-el-2  el_after_av_one_full  el_before_av_one_full  column-top-margin\" style='border-radius:0px; '><section class=\"av_textblock_section \"  itemscope=\"itemscope\" itemtype=\"https:\/\/schema.org\/BlogPosting\" itemprop=\"blogPost\" ><div class='avia_textblock  '   itemprop=\"text\" ><p style=\"text-align: center;\"><strong><span style=\"font-size: 18pt;\">Capacitan a productores locales de la comuna de Ays\u00e9n en poda de ar\u00e1ndanos <\/span><\/strong><\/p>\n<div id=\"gtx-trans\" style=\"position: absolute; left: -50px; top: 4.31534px;\">\n<div class=\"gtx-trans-icon\"><\/div>\n<\/div>\n<\/div><\/section><\/div><\/p>\n<div class=\"flex_column av_one_full  flex_column_div av-zero-column-padding first  avia-builder-el-4  el_after_av_one_full  el_before_av_hr  column-top-margin\" style='border-radius:0px; '><section class=\"av_textblock_section \"  itemscope=\"itemscope\" itemtype=\"https:\/\/schema.org\/BlogPosting\" itemprop=\"blogPost\" ><div class='avia_textblock  '   itemprop=\"text\" ><p style=\"text-align: justify;\">El Programa de Desarrollo Local, Prodesal, que ejecuta la Ilustre Municipalidad de Ays\u00e9n en convenio con el Instituto de Desarrollo Agropecuario (INDAP) efectu\u00f3 una capacitaci\u00f3n a diferentes productores locales en la poda de ar\u00e1ndanos, esto en compa\u00f1\u00eda de un profesional del Instituto de Investigaciones Agropecuarias (INIA) Carillanca. Cabe destacar que, nuestro pa\u00eds es el segundo productor de este fruto fresco en el mundo y en la regi\u00f3n de Ays\u00e9n, un incipiente trabajo espera formular las bases para el desarrollo de un nuevo polo comercial.<\/p>\n<p style=\"text-align: justify;\">Al respecto, Nadia Bravo Burgos, encargada (s) del programa Prodesal unidad operativa Ays\u00e9n 2 de la comuna de Ays\u00e9n, abord\u00f3 que esto forma parte del proceso de ejecuci\u00f3n que realiza el municipio aysenino del convenio suscrito con Indap. En este sentido, bajo la supervisi\u00f3n de un experto en la materia, los vecinos y vecinas que participaron de este hito pudieron obtener las herramientas te\u00f3ricas y pr\u00e1cticas para llevar adelante una poda correcta.<\/p>\n<p style=\"text-align: justify;\">Por su parte, Abel Gonz\u00e1lez Gelves, Ingeniero Agr\u00f3nomo e investigador del INIA destac\u00f3 que \u201cestuvimos visitando algunas localidades como Villa Ma\u00f1ihuales, El Balseo y Puerto Cisnes donde est\u00e1n ubicadas unidades de validaci\u00f3n (pilotos) para el desarrollo de huertos frutales en particular <em>Berries<\/em>. En esta oportunidad, nos toc\u00f3 ir a ver el desarrollo de las unidades de ar\u00e1ndanos y me encontr\u00e9 con la grata sorpresa de que los ejemplares se encuentran bien manejados, las plantas de observan con un interesante vigor, conversamos con los agricultores respecto a la necesidad que tienen de usar medidas de adaptaci\u00f3n\u201d.<\/p>\n<p style=\"text-align: justify;\">Finalmente, Sonia Otth Fonseca, horticultura local de Ays\u00e9n, explic\u00f3 el trabajo efectuado gracias al equipo de Prodesal sobre la poda de ar\u00e1ndanos, \u201cfue una instancia muy provechosa en el sector Viviana Sur, ya que por la pandemia muchos usuarios que tienen estos productos no pod\u00edan podarlos porque no sab\u00edan c\u00f3mo hacerlo, as\u00ed es que lleg\u00f3 gente especializada que est\u00e1 encargada de estos frutales desde Temuco quienes nos orientaron en la manera adecuada de efectuar el proceso\u201d, enfatiz\u00f3 la emprendedora, quien espera contar a la brevedad con este recurso en su huerto.<\/p>\n<\/div><\/section><\/div>\n<div  style='height:50px' class='hr hr-invisible   avia-builder-el-6  el_after_av_one_full  el_before_av_social_share '><span class='hr-inner ' ><span class='hr-inner-style'><\/span><\/span><\/div>\n<div  class='av-social-sharing-box  avia-builder-el-7  el_after_av_hr  el_before_av_hr  '><div class='av-share-box'><h5 class='av-share-link-description av-no-toc '>Compartir esta noticia<\/h5><ul class='av-share-box-list noLightbox'><li class='av-share-link av-social-link-facebook' ><a target=\"_blank\" aria-label=\"Compartir en Facebook\" href='https:\/\/www.facebook.com\/sharer.php?u=https:\/\/radiorevelacionfm.cl\/?p=8074&#038;t=Capacitan%20a%20productores%20locales%20de%20la%20comuna%20de%20Ays%C3%A9n%20en%20poda%20de%20ar%C3%A1ndanos' aria-hidden='false' data-av_icon='\ue8f3' data-av_iconfont='entypo-fontello' title='' data-avia-related-tooltip='Compartir en Facebook' rel=\"noopener\"><span class='avia_hidden_link_text'>Compartir en Facebook<\/span><\/a><\/li><li class='av-share-link av-social-link-twitter' ><a target=\"_blank\" aria-label=\"Compartir en Twitter\" href='https:\/\/twitter.com\/share?text=Capacitan%20a%20productores%20locales%20de%20la%20comuna%20de%20Ays%C3%A9n%20en%20poda%20de%20ar%C3%A1ndanos&#038;url=https:\/\/radiorevelacionfm.cl\/?p=8074' aria-hidden='false' data-av_icon='\ue8f1' data-av_iconfont='entypo-fontello' title='' data-avia-related-tooltip='Compartir en Twitter' rel=\"noopener\"><span class='avia_hidden_link_text'>Compartir en Twitter<\/span><\/a><\/li><li class='av-share-link av-social-link-whatsapp' ><a target=\"_blank\" aria-label=\"Compartir en Whatsapp\" href='https:\/\/api.whatsapp.com\/send?text=https:\/\/radiorevelacionfm.cl\/?p=8074' aria-hidden='false' data-av_icon='\uf232' data-av_iconfont='entypo-fontello' title='' data-avia-related-tooltip='Compartir en Whatsapp' rel=\"noopener\"><span class='avia_hidden_link_text'>Compartir en Whatsapp<\/span><\/a><\/li><li class='av-share-link av-social-link-linkedin' ><a target=\"_blank\" aria-label=\"Compartir en LinkedIn\" href='https:\/\/linkedin.com\/shareArticle?mini=true&#038;title=Capacitan%20a%20productores%20locales%20de%20la%20comuna%20de%20Ays%C3%A9n%20en%20poda%20de%20ar%C3%A1ndanos&#038;url=https:\/\/radiorevelacionfm.cl\/?p=8074' aria-hidden='false' data-av_icon='\ue8fc' data-av_iconfont='entypo-fontello' title='' data-avia-related-tooltip='Compartir en LinkedIn' rel=\"noopener\"><span class='avia_hidden_link_text'>Compartir en LinkedIn<\/span><\/a><\/li><li class='av-share-link av-social-link-mail' ><a  aria-label=\"Compartir por correo\" href='mailto:?subject=Capacitan%20a%20productores%20locales%20de%20la%20comuna%20de%20Ays%C3%A9n%20en%20poda%20de%20ar%C3%A1ndanos&#038;body=https:\/\/radiorevelacionfm.cl\/?p=8074' aria-hidden='false' data-av_icon='\ue805' data-av_iconfont='entypo-fontello' title='' data-avia-related-tooltip='Compartir por correo'><span class='avia_hidden_link_text'>Compartir por correo<\/span><\/a><\/li><\/ul><\/div><\/div>\n<div  style='height:50px' class='hr hr-invisible   avia-builder-el-8  el_after_av_social_share  el_before_av_comments_list '><span class='hr-inner ' ><span class='hr-inner-style'><\/span><\/span><\/div>\n<div  class='av-buildercomment  av-blog-meta-html-info-disabled av-blog-meta-tag-disabled  '><\/div>\n","protected":false},"excerpt":{"rendered":"","protected":false},"author":1,"featured_media":8095,"comment_status":"open","ping_status":"open","sticky":false,"template":"","format":"standard","meta":{"footnotes":""},"categories":[58],"tags":[],"class_list":["post-8074","post","type-post","status-publish","format-standard","has-post-thumbnail","hentry","category-agricultura"],"jetpack_featured_media_url":"https:\/\/radiorevelacionfm.cl\/wp-content\/uploads\/2021\/08\/img-indapaysen1-2_optimized.jpeg","_links":{"self":[{"href":"https:\/\/radiorevelacionfm.cl\/index.php?rest_route=\/wp\/v2\/posts\/8074","targetHints":{"allow":["GET"]}}],"collection":[{"href":"https:\/\/radiorevelacionfm.cl\/index.php?rest_route=\/wp\/v2\/posts"}],"about":[{"href":"https:\/\/radiorevelacionfm.cl\/index.php?rest_route=\/wp\/v2\/types\/post"}],"author":[{"embeddable":true,"href":"https:\/\/radiorevelacionfm.cl\/index.php?rest_route=\/wp\/v2\/users\/1"}],"replies":[{"embeddable":true,"href":"https:\/\/radiorevelacionfm.cl\/index.php?rest_route=%2Fwp%2Fv2%2Fcomments&post=8074"}],"version-history":[{"count":2,"href":"https:\/\/radiorevelacionfm.cl\/index.php?rest_route=\/wp\/v2\/posts\/8074\/revisions"}],"predecessor-version":[{"id":8096,"href":"https:\/\/radiorevelacionfm.cl\/index.php?rest_route=\/wp\/v2\/posts\/8074\/revisions\/8096"}],"wp:featuredmedia":[{"embeddable":true,"href":"https:\/\/radiorevelacionfm.cl\/index.php?rest_route=\/wp\/v2\/media\/8095"}],"wp:attachment":[{"href":"https:\/\/radiorevelacionfm.cl\/index.php?rest_route=%2Fwp%2Fv2%2Fmedia&parent=8074"}],"wp:term":[{"taxonomy":"category","embeddable":true,"href":"https:\/\/radiorevelacionfm.cl\/index.php?rest_route=%2Fwp%2Fv2%2Fcategories&post=8074"},{"taxonomy":"post_tag","embeddable":true,"href":"https:\/\/radiorevelacionfm.cl\/index.php?rest_route=%2Fwp%2Fv2%2Ftags&post=8074"}],"curies":[{"name":"wp","href":"https:\/\/api.w.org\/{rel}","templated":true}]}}