{"id":8071,"date":"2021-08-31T10:23:20","date_gmt":"2021-08-31T13:23:20","guid":{"rendered":"https:\/\/radiorevelacionfm.cl\/?p=8071"},"modified":"2021-08-31T10:23:20","modified_gmt":"2021-08-31T13:23:20","slug":"con-gran-participacion-de-vecinos-se-firmo-compromiso-para-ejecutar-programa-quiero-mi-barrio-en-sector-quebrada-la-cruz-de-coyhaique","status":"publish","type":"post","link":"https:\/\/radiorevelacionfm.cl\/?p=8071","title":{"rendered":"Con gran participaci\u00f3n de vecinos se firm\u00f3 compromiso para ejecutar Programa Quiero Mi Barrio en sector Quebrada la Cruz de Coyhaique"},"content":{"rendered":"<div class=\"flex_column av_one_full  flex_column_div av-zero-column-padding first  avia-builder-el-0  el_before_av_one_full  avia-builder-el-first  \" style='border-radius:0px; '><div  class='avia-image-container  av-styling-    avia-builder-el-1  avia-builder-el-no-sibling  avia-align-center '  itemprop=\"image\" itemscope=\"itemscope\" itemtype=\"https:\/\/schema.org\/ImageObject\"  ><div class='avia-image-container-inner'><div class='avia-image-overlay-wrap'><img decoding=\"async\" class='wp-image-8072 avia-img-lazy-loading-not-8072 avia_image' src=\"https:\/\/radiorevelacionfm.cl\/wp-content\/uploads\/2021\/08\/QMB-en-barrio-Quebrada-la-Cruz-de-Coyhaique-1-1.jpg\" alt='' title='QMB en barrio Quebrada la Cruz de Coyhaique (1) (1)' height=\"600\" width=\"901\"  itemprop=\"thumbnailUrl\" srcset=\"https:\/\/radiorevelacionfm.cl\/wp-content\/uploads\/2021\/08\/QMB-en-barrio-Quebrada-la-Cruz-de-Coyhaique-1-1.jpg 901w, https:\/\/radiorevelacionfm.cl\/wp-content\/uploads\/2021\/08\/QMB-en-barrio-Quebrada-la-Cruz-de-Coyhaique-1-1-300x200.jpg 300w, https:\/\/radiorevelacionfm.cl\/wp-content\/uploads\/2021\/08\/QMB-en-barrio-Quebrada-la-Cruz-de-Coyhaique-1-1-768x511.jpg 768w, https:\/\/radiorevelacionfm.cl\/wp-content\/uploads\/2021\/08\/QMB-en-barrio-Quebrada-la-Cruz-de-Coyhaique-1-1-705x469.jpg 705w, https:\/\/radiorevelacionfm.cl\/wp-content\/uploads\/2021\/08\/QMB-en-barrio-Quebrada-la-Cruz-de-Coyhaique-1-1-600x400.jpg 600w\" sizes=\"(max-width: 901px) 100vw, 901px\" \/><\/div><\/div><\/div><\/div><div class=\"flex_column av_one_full  flex_column_div av-zero-column-padding first  avia-builder-el-2  el_after_av_one_full  el_before_av_one_full  column-top-margin\" style='border-radius:0px; '><section class=\"av_textblock_section \"  itemscope=\"itemscope\" itemtype=\"https:\/\/schema.org\/BlogPosting\" itemprop=\"blogPost\" ><div class='avia_textblock  '   itemprop=\"text\" ><p style=\"text-align: center;\"><span style=\"font-size: 18pt;\"><strong>Con gran participaci\u00f3n de vecinos se firm\u00f3 compromiso para ejecutar Programa Quiero Mi Barrio en sector Quebrada la Cruz de Coyhaique<\/strong><\/span><\/p>\n<div id=\"gtx-trans\" style=\"position: absolute; left: -50px; top: 4.31534px;\">\n<div class=\"gtx-trans-icon\"><\/div>\n<\/div>\n<\/div><\/section><\/div><div class=\"flex_column av_one_full  flex_column_div av-zero-column-padding first  avia-builder-el-4  el_after_av_one_full  el_before_av_hr  column-top-margin\" style='border-radius:0px; '><section class=\"av_textblock_section \"  itemscope=\"itemscope\" itemtype=\"https:\/\/schema.org\/BlogPosting\" itemprop=\"blogPost\" ><div class='avia_textblock  '   itemprop=\"text\" ><p style=\"text-align: justify;\">Con una verdadera fiesta ciudadana, marcada por la gran participaci\u00f3n de los vecinos, se concret\u00f3 el pasado fin de semana la firma del acta de compromiso que dio la partida oficial a la intervenci\u00f3n del programa Quiero Mi Barrio en el sector Quebrada La Cruz, pol\u00edgono que alberga m\u00e1s de 400 familias de las poblaciones Santiago Vera Cartes, Clotario Chica y una fracci\u00f3n de las poblaciones Clotario Blest II y III, en el sector alto de Coyhaique.<\/p>\n<p style=\"text-align: justify;\">El Programa Quiero Mi Barrio es impulsado por el Ministerio de Vivienda y Urbanismo y es ejecutado por la municipalidad local, constituyendo una de las iniciativas de Gobierno m\u00e1s valoradas por la comunidad, ya que basa su desarrollo en la participaci\u00f3n ciudadana, donde las intervenciones y los proyectos a ejecutar son decididos por la misma comunidad organizada, con apoyo de los equipos profesionales del Municipio y el Minvu.<\/p>\n<p style=\"text-align: justify;\">El Seremi de Vivienda, Diego Silva, expres\u00f3 su satisfacci\u00f3n de ver que este sue\u00f1o de tantas familias ya se est\u00e1 haciendo realidad, todo gracias al trabajo y compromiso de autoridades y dirigentes que permitieron postular y seleccionar este barrio, destacando por ejemplo la figura de Jorge D\u00edaz, Sandra Vargas y Ang\u00e9lica Campos, que fueron claves para sacar adelante este objetivo. \u201cEs muy satisfactorio ver que despu\u00e9s de los esfuerzos realizados desde diferentes sectores hoy estamos concretando la aplicaci\u00f3n de este simb\u00f3lico programa Minvu que traer\u00e1 numerosos beneficios para las familias y para el entorno urbano del sector. Como ha dicho nuestro Ministro Felipe Ward este es un desaf\u00edo y una gran oportunidad que asumimos en conjunto para dar una mejor calidad de vida a estas cientos de familias. Por eso les invito a participar, a opinar, a proponer ideas, en definitiva a ser protagonistas de la construcci\u00f3n de su barrio, a ser forjadores de lo que quieren para el presente y sobre todo para el futuro de su comunidad\u201d, se\u00f1al\u00f3.<\/p>\n<p style=\"text-align: justify;\">La presidenta del Consejo Vecinal de Desarrollo del Barrio Quebraza La Cruz, Nancy Vargas, hizo tambi\u00e9n un llamado a sus vecinos a participar activamente de este proceso y este desaf\u00edo, que es una gran oportunidad para mejorar la calidad de vida en el barrio: \u201cAgradecer a todas las autoridades, a los vecinos e invitarlos a trabajar por el Quiero Mi Barrio, porque eso es lo que queremos para los j\u00f3venes y a los que est\u00e1n presentes invitarlos e incentivarlos a que nos ayuden, ya que lo que estamos haciendo es para ellos. As\u00ed que agradecerles a todos los que est\u00e1n aqu\u00ed y empezar a trabajar, lo que queremos es trabajar con ustedes, que se sumen, porque esto es para todos nosotros. Nuestra poblaci\u00f3n tiene que verse bonita, as\u00ed que el llamado es a apoyarnos y a cuidar lo que vayamos logrando, porque es para todos\u201d, manifest\u00f3.<\/p>\n<p style=\"text-align: justify;\">En representaci\u00f3n del Municipio de Coyhaique, la Concejala Johana Hern\u00e1ndez destac\u00f3 los beneficios del programa y la gran oportunidad que se abre para los cientos de familias que dan vida a este antiguo sector de la ciudad. \u201cEste es un programa que rescata el entorno, la naturaleza, la belleza que tiene el sector en el cual vamos a trabajar en conjunto, ya que este es un programa Minvu pero ejecutado por nosotros como Municipalidad. Tenemos a un gran equipo trabajando en este programa, con profesionales que van a estar de la mano de ustedes, los dirigentes del sector, los vecinos, para tener un lugar m\u00e1s amigable, en especial para nuestros ni\u00f1os\u201d, asegur\u00f3.<\/p>\n<p style=\"text-align: justify;\">Cabe consignar que la implementaci\u00f3n del programa se extender\u00e1 por tres a\u00f1os, contemplando una inversi\u00f3n Minvu que supera los 800 millones de pesos. En el acto se anunci\u00f3 tambi\u00e9n que durante el \u00faltimo trimestre de este a\u00f1o comenzar\u00e1 la ejecuci\u00f3n de la denominada \u201cObra de Confianza\u201d, que consiste el Mejoramiento de la Plazoleta Sector Juego Modular, ubicada en Calle Bilbao con Campos de Hielo, con una inversi\u00f3n de 40 millones de pesos, la cual se encuentra en etapa de dise\u00f1o final por parte del municipio, para su pronta licitaci\u00f3n y posterior ejecuci\u00f3n.<\/p>\n<\/div><\/section><\/div><div  style='height:50px' class='hr hr-invisible   avia-builder-el-6  el_after_av_one_full  el_before_av_social_share '><span class='hr-inner ' ><span class='hr-inner-style'><\/span><\/span><\/div><\/p>\n<div  class='av-social-sharing-box  avia-builder-el-7  el_after_av_hr  el_before_av_hr  '><div class='av-share-box'><h5 class='av-share-link-description av-no-toc '>Compartir esta noticia<\/h5><ul class='av-share-box-list noLightbox'><li class='av-share-link av-social-link-facebook' ><a target=\"_blank\" aria-label=\"Compartir en Facebook\" href='https:\/\/www.facebook.com\/sharer.php?u=https:\/\/radiorevelacionfm.cl\/?p=8071&#038;t=Con%20gran%20participaci%C3%B3n%20de%20vecinos%20se%20firm%C3%B3%20compromiso%20para%20ejecutar%20Programa%20Quiero%20Mi%20Barrio%20en%20sector%20Quebrada%20la%20Cruz%20de%20Coyhaique' aria-hidden='false' data-av_icon='\ue8f3' data-av_iconfont='entypo-fontello' title='' data-avia-related-tooltip='Compartir en Facebook' rel=\"noopener\"><span class='avia_hidden_link_text'>Compartir en Facebook<\/span><\/a><\/li><li class='av-share-link av-social-link-twitter' ><a target=\"_blank\" aria-label=\"Compartir en Twitter\" href='https:\/\/twitter.com\/share?text=Con%20gran%20participaci%C3%B3n%20de%20vecinos%20se%20firm%C3%B3%20compromiso%20para%20ejecutar%20Programa%20Quiero%20Mi%20Barrio%20en%20sector%20Quebrada%20la%20Cruz%20de%20Coyhaique&#038;url=https:\/\/radiorevelacionfm.cl\/?p=8071' aria-hidden='false' data-av_icon='\ue8f1' data-av_iconfont='entypo-fontello' title='' data-avia-related-tooltip='Compartir en Twitter' rel=\"noopener\"><span class='avia_hidden_link_text'>Compartir en Twitter<\/span><\/a><\/li><li class='av-share-link av-social-link-whatsapp' ><a target=\"_blank\" aria-label=\"Compartir en Whatsapp\" href='https:\/\/api.whatsapp.com\/send?text=https:\/\/radiorevelacionfm.cl\/?p=8071' aria-hidden='false' data-av_icon='\uf232' data-av_iconfont='entypo-fontello' title='' data-avia-related-tooltip='Compartir en Whatsapp' rel=\"noopener\"><span class='avia_hidden_link_text'>Compartir en Whatsapp<\/span><\/a><\/li><li class='av-share-link av-social-link-linkedin' ><a target=\"_blank\" aria-label=\"Compartir en LinkedIn\" href='https:\/\/linkedin.com\/shareArticle?mini=true&#038;title=Con%20gran%20participaci%C3%B3n%20de%20vecinos%20se%20firm%C3%B3%20compromiso%20para%20ejecutar%20Programa%20Quiero%20Mi%20Barrio%20en%20sector%20Quebrada%20la%20Cruz%20de%20Coyhaique&#038;url=https:\/\/radiorevelacionfm.cl\/?p=8071' aria-hidden='false' data-av_icon='\ue8fc' data-av_iconfont='entypo-fontello' title='' data-avia-related-tooltip='Compartir en LinkedIn' rel=\"noopener\"><span class='avia_hidden_link_text'>Compartir en LinkedIn<\/span><\/a><\/li><li class='av-share-link av-social-link-mail' ><a  aria-label=\"Compartir por correo\" href='mailto:?subject=Con%20gran%20participaci%C3%B3n%20de%20vecinos%20se%20firm%C3%B3%20compromiso%20para%20ejecutar%20Programa%20Quiero%20Mi%20Barrio%20en%20sector%20Quebrada%20la%20Cruz%20de%20Coyhaique&#038;body=https:\/\/radiorevelacionfm.cl\/?p=8071' aria-hidden='false' data-av_icon='\ue805' data-av_iconfont='entypo-fontello' title='' data-avia-related-tooltip='Compartir por correo'><span class='avia_hidden_link_text'>Compartir por correo<\/span><\/a><\/li><\/ul><\/div><\/div>\n<div  style='height:50px' class='hr hr-invisible   avia-builder-el-8  el_after_av_social_share  el_before_av_comments_list '><span class='hr-inner ' ><span class='hr-inner-style'><\/span><\/span><\/div>\n<div  class='av-buildercomment  av-blog-meta-html-info-disabled av-blog-meta-tag-disabled  '><\/div>\n","protected":false},"excerpt":{"rendered":"","protected":false},"author":1,"featured_media":8072,"comment_status":"open","ping_status":"open","sticky":false,"template":"","format":"standard","meta":{"footnotes":""},"categories":[57],"tags":[],"class_list":["post-8071","post","type-post","status-publish","format-standard","has-post-thumbnail","hentry","category-vivienda"],"jetpack_featured_media_url":"https:\/\/radiorevelacionfm.cl\/wp-content\/uploads\/2021\/08\/QMB-en-barrio-Quebrada-la-Cruz-de-Coyhaique-1-1.jpg","_links":{"self":[{"href":"https:\/\/radiorevelacionfm.cl\/index.php?rest_route=\/wp\/v2\/posts\/8071","targetHints":{"allow":["GET"]}}],"collection":[{"href":"https:\/\/radiorevelacionfm.cl\/index.php?rest_route=\/wp\/v2\/posts"}],"about":[{"href":"https:\/\/radiorevelacionfm.cl\/index.php?rest_route=\/wp\/v2\/types\/post"}],"author":[{"embeddable":true,"href":"https:\/\/radiorevelacionfm.cl\/index.php?rest_route=\/wp\/v2\/users\/1"}],"replies":[{"embeddable":true,"href":"https:\/\/radiorevelacionfm.cl\/index.php?rest_route=%2Fwp%2Fv2%2Fcomments&post=8071"}],"version-history":[{"count":2,"href":"https:\/\/radiorevelacionfm.cl\/index.php?rest_route=\/wp\/v2\/posts\/8071\/revisions"}],"predecessor-version":[{"id":8097,"href":"https:\/\/radiorevelacionfm.cl\/index.php?rest_route=\/wp\/v2\/posts\/8071\/revisions\/8097"}],"wp:featuredmedia":[{"embeddable":true,"href":"https:\/\/radiorevelacionfm.cl\/index.php?rest_route=\/wp\/v2\/media\/8072"}],"wp:attachment":[{"href":"https:\/\/radiorevelacionfm.cl\/index.php?rest_route=%2Fwp%2Fv2%2Fmedia&parent=8071"}],"wp:term":[{"taxonomy":"category","embeddable":true,"href":"https:\/\/radiorevelacionfm.cl\/index.php?rest_route=%2Fwp%2Fv2%2Fcategories&post=8071"},{"taxonomy":"post_tag","embeddable":true,"href":"https:\/\/radiorevelacionfm.cl\/index.php?rest_route=%2Fwp%2Fv2%2Ftags&post=8071"}],"curies":[{"name":"wp","href":"https:\/\/api.w.org\/{rel}","templated":true}]}}