{"id":8067,"date":"2021-08-30T18:58:21","date_gmt":"2021-08-30T21:58:21","guid":{"rendered":"https:\/\/radiorevelacionfm.cl\/?p=8067"},"modified":"2021-08-30T18:58:21","modified_gmt":"2021-08-30T21:58:21","slug":"calisto-valoro-confirmacion-de-licitacion-de-proyecto-de-pavimentacion-del-camino-a-lago-atravesado","status":"publish","type":"post","link":"https:\/\/radiorevelacionfm.cl\/?p=8067","title":{"rendered":"Calisto valor\u00f3 confirmaci\u00f3n de licitaci\u00f3n de proyecto de pavimentaci\u00f3n del camino a Lago Atravesado"},"content":{"rendered":"<div class=\"flex_column av_one_full  flex_column_div av-zero-column-padding first  avia-builder-el-0  el_before_av_one_full  avia-builder-el-first  \" style='border-radius:0px; '><div  class='avia-image-container  av-styling-    avia-builder-el-1  avia-builder-el-no-sibling  avia-align-center '  itemprop=\"image\" itemscope=\"itemscope\" itemtype=\"https:\/\/schema.org\/ImageObject\"  ><div class='avia-image-container-inner'><div class='avia-image-overlay-wrap'><img decoding=\"async\" class='wp-image-8069 avia-img-lazy-loading-not-8069 avia_image' src=\"https:\/\/radiorevelacionfm.cl\/wp-content\/uploads\/2021\/08\/LAGO-ATRAVESADO-1-1-1.jpg\" alt='' title='LAGO ATRAVESADO (1) (1) (1)' height=\"600\" width=\"1066\"  itemprop=\"thumbnailUrl\" srcset=\"https:\/\/radiorevelacionfm.cl\/wp-content\/uploads\/2021\/08\/LAGO-ATRAVESADO-1-1-1.jpg 1066w, https:\/\/radiorevelacionfm.cl\/wp-content\/uploads\/2021\/08\/LAGO-ATRAVESADO-1-1-1-300x169.jpg 300w, https:\/\/radiorevelacionfm.cl\/wp-content\/uploads\/2021\/08\/LAGO-ATRAVESADO-1-1-1-1030x580.jpg 1030w, https:\/\/radiorevelacionfm.cl\/wp-content\/uploads\/2021\/08\/LAGO-ATRAVESADO-1-1-1-768x432.jpg 768w, https:\/\/radiorevelacionfm.cl\/wp-content\/uploads\/2021\/08\/LAGO-ATRAVESADO-1-1-1-705x397.jpg 705w, https:\/\/radiorevelacionfm.cl\/wp-content\/uploads\/2021\/08\/LAGO-ATRAVESADO-1-1-1-600x338.jpg 600w\" sizes=\"(max-width: 1066px) 100vw, 1066px\" \/><\/div><\/div><\/div><\/div><div class=\"flex_column av_one_full  flex_column_div av-zero-column-padding first  avia-builder-el-2  el_after_av_one_full  el_before_av_one_full  column-top-margin\" style='border-radius:0px; '><section class=\"av_textblock_section \"  itemscope=\"itemscope\" itemtype=\"https:\/\/schema.org\/BlogPosting\" itemprop=\"blogPost\" ><div class='avia_textblock  '   itemprop=\"text\" ><p style=\"text-align: center;\"><span style=\"font-size: 18pt;\"><b><span lang=\"ES\">Calisto valor\u00f3 confirmaci\u00f3n de licitaci\u00f3n de proyecto de pavimentaci\u00f3n del camino a Lago Atravesado<\/span><\/b><\/span><\/p>\n<div id=\"gtx-trans\" style=\"position: absolute; left: -50px; top: 4.31534px;\">\n<div class=\"gtx-trans-icon\"><\/div>\n<\/div>\n<\/div><\/section><\/div><div class=\"flex_column av_one_full  flex_column_div av-zero-column-padding first  avia-builder-el-4  el_after_av_one_full  el_before_av_hr  column-top-margin\" style='border-radius:0px; '><section class=\"av_textblock_section \"  itemscope=\"itemscope\" itemtype=\"https:\/\/schema.org\/BlogPosting\" itemprop=\"blogPost\" ><div class='avia_textblock  '   itemprop=\"text\" ><p style=\"font-weight: 400; text-align: justify;\">Como un gran avance calific\u00f3 el diputado Miguel \u00c1ngel Calisto la confirmaci\u00f3n por parte del MOP del inminente llamado a licitaci\u00f3n en diciembre de este a\u00f1o para el proyecto de pavimentaci\u00f3n del camino a lago atravesado, iniciativa que en su primer tramo abordar\u00e1 10 de los 23 kil\u00f3metros de esta ruta.<\/p>\n<p style=\"font-weight: 400; text-align: justify;\">El legislador viene trabajando en este tema junto a los vecinos de la localidad y el comit\u00e9 pro Camino hace bastantes a\u00f1os, cuando era presidente del Consejo Regional, por lo que resalt\u00f3 la importancia de ejecutar este proyecto lo antes posible.<\/p>\n<p style=\"font-weight: 400; text-align: justify;\">Seg\u00fan el parlamentario, quien visit\u00f3 Lago Atravesado y se reuni\u00f3 con algunos vecinos, \u201cdurante mucho tiempo hemos trabajado en este proyecto de pavimento. Son 23 kil\u00f3metros que iniciamos hace 6 o 7 a\u00f1os atr\u00e1s cuando comenzamos a trabajar en el dise\u00f1o de la pavimentaci\u00f3n de este camino, cuando yo era Presidente del Consejo Regional. Luego comenzamos con las reuniones con los vecinos y se comenz\u00f3 a trabajar desde el MOP con las expropiaciones\u201d.<\/p>\n<p style=\"font-weight: 400; text-align: justify;\">\u201cSe ha informado que se va a iniciar la licitaci\u00f3n de los 10 primeros kil\u00f3metros de pavimento desde Coyhaique a Lago Atravesado. Sin duda es una noticia positiva, porque va a ayudar a muchos vecinos que viven en esta comunidad, la que ha ido aumentado, porque es mucha la gente que se ha venido desde Coyhaique a vivir ac\u00e1\u201d, afirm\u00f3.<\/p>\n<p style=\"font-weight: 400; text-align: justify;\">Calisto agreg\u00f3 \u201cquiero destacar el trabajo del comit\u00e9 Pro Camino de Lago Atravesado y a todos los vecinos de esta localidad que han contribuido para que esto avance. Hoy vemos algo concreto, que esta licitaci\u00f3n de la pavimentaci\u00f3n de los primeros 10 kil\u00f3metros a Lago Atravesado. Estamos contentos con los avances y esperamos reunirnos pronto con la autoridad del ministerio para conocer como viene la segunda etapa, los plazos de la pavimentaci\u00f3n de los otros 13 kil\u00f3metros\u201d.<\/p>\n<p style=\"font-weight: 400; text-align: justify;\">Por su parte, Oscar Cadag\u00e1n, Presidente del Comit\u00e9 pro Camino de Lago Atravesado, indic\u00f3 que \u201cnos reunimos hace una semana con el Seremi de Obras P\u00fablicos. \u00c9l nos dijo que en diciembre ya se tira la propuesta para la licitaci\u00f3n. Esto nos tiene bastante contentos, y esperamos que los primeros d\u00edas de diciembre salga esta licitaci\u00f3n y cumpla con su palabra, tal como nos dijo\u201d.<\/p>\n<\/div><\/section><\/div><div  style='height:50px' class='hr hr-invisible   avia-builder-el-6  el_after_av_one_full  el_before_av_social_share '><span class='hr-inner ' ><span class='hr-inner-style'><\/span><\/span><\/div><\/p>\n<div  class='av-social-sharing-box  avia-builder-el-7  el_after_av_hr  el_before_av_hr  '><div class='av-share-box'><h5 class='av-share-link-description av-no-toc '>Compartir esta noticia<\/h5><ul class='av-share-box-list noLightbox'><li class='av-share-link av-social-link-facebook' ><a target=\"_blank\" aria-label=\"Compartir en Facebook\" href='https:\/\/www.facebook.com\/sharer.php?u=https:\/\/radiorevelacionfm.cl\/?p=8067&#038;t=Calisto%20valor%C3%B3%20confirmaci%C3%B3n%20de%20licitaci%C3%B3n%20de%20proyecto%20de%20pavimentaci%C3%B3n%20del%20camino%20a%20Lago%20Atravesado' aria-hidden='false' data-av_icon='\ue8f3' data-av_iconfont='entypo-fontello' title='' data-avia-related-tooltip='Compartir en Facebook' rel=\"noopener\"><span class='avia_hidden_link_text'>Compartir en Facebook<\/span><\/a><\/li><li class='av-share-link av-social-link-twitter' ><a target=\"_blank\" aria-label=\"Compartir en Twitter\" href='https:\/\/twitter.com\/share?text=Calisto%20valor%C3%B3%20confirmaci%C3%B3n%20de%20licitaci%C3%B3n%20de%20proyecto%20de%20pavimentaci%C3%B3n%20del%20camino%20a%20Lago%20Atravesado&#038;url=https:\/\/radiorevelacionfm.cl\/?p=8067' aria-hidden='false' data-av_icon='\ue8f1' data-av_iconfont='entypo-fontello' title='' data-avia-related-tooltip='Compartir en Twitter' rel=\"noopener\"><span class='avia_hidden_link_text'>Compartir en Twitter<\/span><\/a><\/li><li class='av-share-link av-social-link-whatsapp' ><a target=\"_blank\" aria-label=\"Compartir en Whatsapp\" href='https:\/\/api.whatsapp.com\/send?text=https:\/\/radiorevelacionfm.cl\/?p=8067' aria-hidden='false' data-av_icon='\uf232' data-av_iconfont='entypo-fontello' title='' data-avia-related-tooltip='Compartir en Whatsapp' rel=\"noopener\"><span class='avia_hidden_link_text'>Compartir en Whatsapp<\/span><\/a><\/li><li class='av-share-link av-social-link-linkedin' ><a target=\"_blank\" aria-label=\"Compartir en LinkedIn\" href='https:\/\/linkedin.com\/shareArticle?mini=true&#038;title=Calisto%20valor%C3%B3%20confirmaci%C3%B3n%20de%20licitaci%C3%B3n%20de%20proyecto%20de%20pavimentaci%C3%B3n%20del%20camino%20a%20Lago%20Atravesado&#038;url=https:\/\/radiorevelacionfm.cl\/?p=8067' aria-hidden='false' data-av_icon='\ue8fc' data-av_iconfont='entypo-fontello' title='' data-avia-related-tooltip='Compartir en LinkedIn' rel=\"noopener\"><span class='avia_hidden_link_text'>Compartir en LinkedIn<\/span><\/a><\/li><li class='av-share-link av-social-link-mail' ><a  aria-label=\"Compartir por correo\" href='mailto:?subject=Calisto%20valor%C3%B3%20confirmaci%C3%B3n%20de%20licitaci%C3%B3n%20de%20proyecto%20de%20pavimentaci%C3%B3n%20del%20camino%20a%20Lago%20Atravesado&#038;body=https:\/\/radiorevelacionfm.cl\/?p=8067' aria-hidden='false' data-av_icon='\ue805' data-av_iconfont='entypo-fontello' title='' data-avia-related-tooltip='Compartir por correo'><span class='avia_hidden_link_text'>Compartir por correo<\/span><\/a><\/li><\/ul><\/div><\/div>\n<div  style='height:50px' class='hr hr-invisible   avia-builder-el-8  el_after_av_social_share  el_before_av_comments_list '><span class='hr-inner ' ><span class='hr-inner-style'><\/span><\/span><\/div>\n<div  class='av-buildercomment  av-blog-meta-html-info-disabled av-blog-meta-tag-disabled  '><\/div>\n","protected":false},"excerpt":{"rendered":"","protected":false},"author":1,"featured_media":8069,"comment_status":"open","ping_status":"open","sticky":false,"template":"","format":"standard","meta":{"footnotes":""},"categories":[35],"tags":[],"class_list":["post-8067","post","type-post","status-publish","format-standard","has-post-thumbnail","hentry","category-politica"],"jetpack_featured_media_url":"https:\/\/radiorevelacionfm.cl\/wp-content\/uploads\/2021\/08\/LAGO-ATRAVESADO-1-1-1.jpg","_links":{"self":[{"href":"https:\/\/radiorevelacionfm.cl\/index.php?rest_route=\/wp\/v2\/posts\/8067","targetHints":{"allow":["GET"]}}],"collection":[{"href":"https:\/\/radiorevelacionfm.cl\/index.php?rest_route=\/wp\/v2\/posts"}],"about":[{"href":"https:\/\/radiorevelacionfm.cl\/index.php?rest_route=\/wp\/v2\/types\/post"}],"author":[{"embeddable":true,"href":"https:\/\/radiorevelacionfm.cl\/index.php?rest_route=\/wp\/v2\/users\/1"}],"replies":[{"embeddable":true,"href":"https:\/\/radiorevelacionfm.cl\/index.php?rest_route=%2Fwp%2Fv2%2Fcomments&post=8067"}],"version-history":[{"count":1,"href":"https:\/\/radiorevelacionfm.cl\/index.php?rest_route=\/wp\/v2\/posts\/8067\/revisions"}],"predecessor-version":[{"id":8070,"href":"https:\/\/radiorevelacionfm.cl\/index.php?rest_route=\/wp\/v2\/posts\/8067\/revisions\/8070"}],"wp:featuredmedia":[{"embeddable":true,"href":"https:\/\/radiorevelacionfm.cl\/index.php?rest_route=\/wp\/v2\/media\/8069"}],"wp:attachment":[{"href":"https:\/\/radiorevelacionfm.cl\/index.php?rest_route=%2Fwp%2Fv2%2Fmedia&parent=8067"}],"wp:term":[{"taxonomy":"category","embeddable":true,"href":"https:\/\/radiorevelacionfm.cl\/index.php?rest_route=%2Fwp%2Fv2%2Fcategories&post=8067"},{"taxonomy":"post_tag","embeddable":true,"href":"https:\/\/radiorevelacionfm.cl\/index.php?rest_route=%2Fwp%2Fv2%2Ftags&post=8067"}],"curies":[{"name":"wp","href":"https:\/\/api.w.org\/{rel}","templated":true}]}}