{"id":8064,"date":"2021-08-30T18:10:41","date_gmt":"2021-08-30T21:10:41","guid":{"rendered":"https:\/\/radiorevelacionfm.cl\/?p=8064"},"modified":"2021-08-30T18:10:41","modified_gmt":"2021-08-30T21:10:41","slug":"corte-de-apelaciones-de-coyhaique-recibio-a-estudiantes-del-colegio-patagonia","status":"publish","type":"post","link":"https:\/\/radiorevelacionfm.cl\/?p=8064","title":{"rendered":"Corte de Apelaciones de Coyhaique recibi\u00f3 a estudiantes del Colegio Patagonia"},"content":{"rendered":"<div class=\"flex_column av_one_full  flex_column_div av-zero-column-padding first  avia-builder-el-0  el_before_av_one_full  avia-builder-el-first  \" style='border-radius:0px; '><div  class='avia-image-container  av-styling-    avia-builder-el-1  avia-builder-el-no-sibling  avia-align-center '  itemprop=\"image\" itemscope=\"itemscope\" itemtype=\"https:\/\/schema.org\/ImageObject\"  ><div class='avia-image-container-inner'><div class='avia-image-overlay-wrap'><img decoding=\"async\" class='wp-image-8065 avia-img-lazy-loading-not-8065 avia_image' src=\"https:\/\/radiorevelacionfm.cl\/wp-content\/uploads\/2021\/08\/Foto-10-visita-ok-1-1.jpg\" alt='' title='Foto 10 visita ok (1) (1)' height=\"600\" width=\"1071\"  itemprop=\"thumbnailUrl\" srcset=\"https:\/\/radiorevelacionfm.cl\/wp-content\/uploads\/2021\/08\/Foto-10-visita-ok-1-1.jpg 1071w, https:\/\/radiorevelacionfm.cl\/wp-content\/uploads\/2021\/08\/Foto-10-visita-ok-1-1-300x168.jpg 300w, https:\/\/radiorevelacionfm.cl\/wp-content\/uploads\/2021\/08\/Foto-10-visita-ok-1-1-1030x577.jpg 1030w, https:\/\/radiorevelacionfm.cl\/wp-content\/uploads\/2021\/08\/Foto-10-visita-ok-1-1-768x430.jpg 768w, https:\/\/radiorevelacionfm.cl\/wp-content\/uploads\/2021\/08\/Foto-10-visita-ok-1-1-705x395.jpg 705w, https:\/\/radiorevelacionfm.cl\/wp-content\/uploads\/2021\/08\/Foto-10-visita-ok-1-1-600x336.jpg 600w\" sizes=\"(max-width: 1071px) 100vw, 1071px\" \/><\/div><\/div><\/div><\/div><div class=\"flex_column av_one_full  flex_column_div av-zero-column-padding first  avia-builder-el-2  el_after_av_one_full  el_before_av_one_full  column-top-margin\" style='border-radius:0px; '><section class=\"av_textblock_section \"  itemscope=\"itemscope\" itemtype=\"https:\/\/schema.org\/BlogPosting\" itemprop=\"blogPost\" ><div class='avia_textblock  '   itemprop=\"text\" ><p style=\"text-align: center;\"><strong><span style=\"font-size: 18pt;\">Corte de Apelaciones de Coyhaique recibi\u00f3 a estudiantes del Colegio Patagonia <\/span><\/strong><\/p>\n<div id=\"gtx-trans\" style=\"position: absolute; left: -50px; top: 4.31534px;\">\n<div class=\"gtx-trans-icon\"><\/div>\n<\/div>\n<\/div><\/section><\/div><div class=\"flex_column av_one_full  flex_column_div av-zero-column-padding first  avia-builder-el-4  el_after_av_one_full  el_before_av_hr  column-top-margin\" style='border-radius:0px; '><section class=\"av_textblock_section \"  itemscope=\"itemscope\" itemtype=\"https:\/\/schema.org\/BlogPosting\" itemprop=\"blogPost\" ><div class='avia_textblock  '   itemprop=\"text\" ><p class=\"v1MsoNormal\" style=\"text-align: justify;\">Tras un a\u00f1o y medio la Corte de Apelaciones de Coyhaique volvi\u00f3 a abrir sus puertas al p\u00fablico para recibir la visita de once estudiantes del Colegio Patagonia de la ciudad. La instancia desarrollada bajo todos los protocolos sanitarios y de aforo permiti\u00f3 retomar las actividades de vinculaci\u00f3n y brindar una visita guiada por las instalaciones del tribunal de alzada.<\/p>\n<p class=\"v1MsoNormal\" style=\"text-align: justify;\">En la instancia los estudiantes de sexto a\u00f1o b\u00e1sico fueron recibidos por la presidenta de la Corte de Coyhaique, ministra Natalia Rencoret quien junto al administrador del tribunal, \u00c1lvaro Guti\u00e9rrez y la jefa de Unidad de Causas, Natalia Negr\u00f3n respondieron todas las dudas y consultas de los ni\u00f1os y ni\u00f1as.<\/p>\n<p class=\"v1MsoNormal\" style=\"text-align: justify;\">\u00abPoder tener esta interacci\u00f3n fue muy significativo porque es el primer evento en que podemos tener ese contacto directo con la comunidad y en especial con nuestros ni\u00f1os, dado que para ellos y para sus conocimientos es clave el poder entender la importancia de un poder del Estado en esta regi\u00f3n y poder mostrarles el funcionamiento de la Corte de Apelaciones. Adem\u00e1s los vimos muy motivados a la hora de hacer\u00a0consultas\u00bb, expres\u00f3 la ministra Rencoret.<\/p>\n<p class=\"v1MsoNormal\" style=\"text-align: justify;\">Por su parte, la estudiante Camila Pinilla, sostuvo que: \u00abMe parece muy interesante el poder entender esto, porque puede ser una carrera o alternativa para nuestro futuro. Me pareci\u00f3 importante conocer cu\u00e1l es el\u00a0 trabajo de la presidenta de la Corte de Apelaciones y m\u00e1s a\u00fan que ella pudiera conversar con nosotros y responder nuestras preguntas\u00bb.<\/p>\n<p class=\"v1MsoNormal\" style=\"text-align: justify;\">\u00abComo Colegio Patagonia y en nuestro proyecto educativo consideramos que los ni\u00f1os y ni\u00f1as tengan aprendizajes significativos dentro de la jornada escolar. Este tipo de visitas es algo que nosotros hac\u00edamos antes de la pandemia con el inter\u00e9s de traer a los ni\u00f1os mayores que tenemos (sexto a\u00f1o b\u00e1sico) y que tiene congruencia con asignaturas y contenidos que ellos est\u00e1n viendo como los derechos de los ni\u00f1os, la argumentaci\u00f3n y contra argumentaci\u00f3n, entre otros. Los ni\u00f1os prepararon preguntas que pudieron ser resueltas por los\u00a0 profesionales que trabajan ac\u00e1 de una forma bien cercana y eso nos gust\u00f3 mucho y nos encantar\u00eda seguir con este tipo\u00a0 de experiencias\u00bb, dijo Bernardita Crespo, directora del Colegio Patagonia.<\/p>\n<p class=\"v1MsoNormal\" style=\"text-align: justify;\">En el recorrido los estudiantes aprendieron sobre la estructura del Poder Judicial, qui\u00e9nes la componen y los tipos de tribunales que existen. As\u00ed como tambi\u00e9n se les entreg\u00f3 afiches relacionados con la tem\u00e1tica de derechos y deberes de los ni\u00f1os y ni\u00f1as.<\/p>\n<p class=\"v1MsoNormal\" style=\"text-align: justify;\">La comuna de Coyhaique se encuentra en fase cuatro del Plan Paso a Paso, lo que permiti\u00f3 desarrollar este encuentro\u00a0con la comunidad estudiantil de la jurisdicci\u00f3n.<\/p>\n<\/div><\/section><\/div><div  style='height:50px' class='hr hr-invisible   avia-builder-el-6  el_after_av_one_full  el_before_av_social_share '><span class='hr-inner ' ><span class='hr-inner-style'><\/span><\/span><\/div><\/p>\n<div  class='av-social-sharing-box  avia-builder-el-7  el_after_av_hr  el_before_av_hr  '><div class='av-share-box'><h5 class='av-share-link-description av-no-toc '>Compartir esta noticia<\/h5><ul class='av-share-box-list noLightbox'><li class='av-share-link av-social-link-facebook' ><a target=\"_blank\" aria-label=\"Compartir en Facebook\" href='https:\/\/www.facebook.com\/sharer.php?u=https:\/\/radiorevelacionfm.cl\/?p=8064&#038;t=Corte%20de%20Apelaciones%20de%20Coyhaique%20recibi%C3%B3%20a%20estudiantes%20del%20Colegio%20Patagonia' aria-hidden='false' data-av_icon='\ue8f3' data-av_iconfont='entypo-fontello' title='' data-avia-related-tooltip='Compartir en Facebook' rel=\"noopener\"><span class='avia_hidden_link_text'>Compartir en Facebook<\/span><\/a><\/li><li class='av-share-link av-social-link-twitter' ><a target=\"_blank\" aria-label=\"Compartir en Twitter\" href='https:\/\/twitter.com\/share?text=Corte%20de%20Apelaciones%20de%20Coyhaique%20recibi%C3%B3%20a%20estudiantes%20del%20Colegio%20Patagonia&#038;url=https:\/\/radiorevelacionfm.cl\/?p=8064' aria-hidden='false' data-av_icon='\ue8f1' data-av_iconfont='entypo-fontello' title='' data-avia-related-tooltip='Compartir en Twitter' rel=\"noopener\"><span class='avia_hidden_link_text'>Compartir en Twitter<\/span><\/a><\/li><li class='av-share-link av-social-link-whatsapp' ><a target=\"_blank\" aria-label=\"Compartir en Whatsapp\" href='https:\/\/api.whatsapp.com\/send?text=https:\/\/radiorevelacionfm.cl\/?p=8064' aria-hidden='false' data-av_icon='\uf232' data-av_iconfont='entypo-fontello' title='' data-avia-related-tooltip='Compartir en Whatsapp' rel=\"noopener\"><span class='avia_hidden_link_text'>Compartir en Whatsapp<\/span><\/a><\/li><li class='av-share-link av-social-link-linkedin' ><a target=\"_blank\" aria-label=\"Compartir en LinkedIn\" href='https:\/\/linkedin.com\/shareArticle?mini=true&#038;title=Corte%20de%20Apelaciones%20de%20Coyhaique%20recibi%C3%B3%20a%20estudiantes%20del%20Colegio%20Patagonia&#038;url=https:\/\/radiorevelacionfm.cl\/?p=8064' aria-hidden='false' data-av_icon='\ue8fc' data-av_iconfont='entypo-fontello' title='' data-avia-related-tooltip='Compartir en LinkedIn' rel=\"noopener\"><span class='avia_hidden_link_text'>Compartir en LinkedIn<\/span><\/a><\/li><li class='av-share-link av-social-link-mail' ><a  aria-label=\"Compartir por correo\" href='mailto:?subject=Corte%20de%20Apelaciones%20de%20Coyhaique%20recibi%C3%B3%20a%20estudiantes%20del%20Colegio%20Patagonia&#038;body=https:\/\/radiorevelacionfm.cl\/?p=8064' aria-hidden='false' data-av_icon='\ue805' data-av_iconfont='entypo-fontello' title='' data-avia-related-tooltip='Compartir por correo'><span class='avia_hidden_link_text'>Compartir por correo<\/span><\/a><\/li><\/ul><\/div><\/div>\n<div  style='height:50px' class='hr hr-invisible   avia-builder-el-8  el_after_av_social_share  el_before_av_comments_list '><span class='hr-inner ' ><span class='hr-inner-style'><\/span><\/span><\/div>\n<div  class='av-buildercomment  av-blog-meta-html-info-disabled av-blog-meta-tag-disabled  '><\/div>\n","protected":false},"excerpt":{"rendered":"","protected":false},"author":1,"featured_media":8065,"comment_status":"open","ping_status":"open","sticky":false,"template":"","format":"standard","meta":{"footnotes":""},"categories":[38],"tags":[],"class_list":["post-8064","post","type-post","status-publish","format-standard","has-post-thumbnail","hentry","category-regional"],"jetpack_featured_media_url":"https:\/\/radiorevelacionfm.cl\/wp-content\/uploads\/2021\/08\/Foto-10-visita-ok-1-1.jpg","_links":{"self":[{"href":"https:\/\/radiorevelacionfm.cl\/index.php?rest_route=\/wp\/v2\/posts\/8064","targetHints":{"allow":["GET"]}}],"collection":[{"href":"https:\/\/radiorevelacionfm.cl\/index.php?rest_route=\/wp\/v2\/posts"}],"about":[{"href":"https:\/\/radiorevelacionfm.cl\/index.php?rest_route=\/wp\/v2\/types\/post"}],"author":[{"embeddable":true,"href":"https:\/\/radiorevelacionfm.cl\/index.php?rest_route=\/wp\/v2\/users\/1"}],"replies":[{"embeddable":true,"href":"https:\/\/radiorevelacionfm.cl\/index.php?rest_route=%2Fwp%2Fv2%2Fcomments&post=8064"}],"version-history":[{"count":1,"href":"https:\/\/radiorevelacionfm.cl\/index.php?rest_route=\/wp\/v2\/posts\/8064\/revisions"}],"predecessor-version":[{"id":8066,"href":"https:\/\/radiorevelacionfm.cl\/index.php?rest_route=\/wp\/v2\/posts\/8064\/revisions\/8066"}],"wp:featuredmedia":[{"embeddable":true,"href":"https:\/\/radiorevelacionfm.cl\/index.php?rest_route=\/wp\/v2\/media\/8065"}],"wp:attachment":[{"href":"https:\/\/radiorevelacionfm.cl\/index.php?rest_route=%2Fwp%2Fv2%2Fmedia&parent=8064"}],"wp:term":[{"taxonomy":"category","embeddable":true,"href":"https:\/\/radiorevelacionfm.cl\/index.php?rest_route=%2Fwp%2Fv2%2Fcategories&post=8064"},{"taxonomy":"post_tag","embeddable":true,"href":"https:\/\/radiorevelacionfm.cl\/index.php?rest_route=%2Fwp%2Fv2%2Ftags&post=8064"}],"curies":[{"name":"wp","href":"https:\/\/api.w.org\/{rel}","templated":true}]}}