{"id":8062,"date":"2021-08-30T17:12:55","date_gmt":"2021-08-30T20:12:55","guid":{"rendered":"https:\/\/radiorevelacionfm.cl\/?p=8062"},"modified":"2021-08-30T17:12:55","modified_gmt":"2021-08-30T20:12:55","slug":"pdi-detuvo-a-dos-sujetos-con-requisitorias-pendientes-de-tribunales-en-isla-de-melinka","status":"publish","type":"post","link":"https:\/\/radiorevelacionfm.cl\/?p=8062","title":{"rendered":"PDI detuvo a dos sujetos con requisitorias pendientes de Tribunales en Isla de Melinka"},"content":{"rendered":"<div class=\"flex_column av_one_full  flex_column_div av-zero-column-padding first  avia-builder-el-0  el_before_av_one_full  avia-builder-el-first  \" style='border-radius:0px; '><div  class='avia-image-container  av-styling-    avia-builder-el-1  avia-builder-el-no-sibling  avia-align-center '  itemprop=\"image\" itemscope=\"itemscope\" itemtype=\"https:\/\/schema.org\/ImageObject\"  ><div class='avia-image-container-inner'><div class='avia-image-overlay-wrap'><img decoding=\"async\" class='wp-image-6838 avia-img-lazy-loading-not-6838 avia_image' src=\"https:\/\/radiorevelacionfm.cl\/wp-content\/uploads\/2021\/07\/pdi-imagen-2_optimized.jpg\" alt='' title='pdi-imagen-(2)_optimized' height=\"600\" width=\"903\"  itemprop=\"thumbnailUrl\" srcset=\"https:\/\/radiorevelacionfm.cl\/wp-content\/uploads\/2021\/07\/pdi-imagen-2_optimized.jpg 903w, https:\/\/radiorevelacionfm.cl\/wp-content\/uploads\/2021\/07\/pdi-imagen-2_optimized-300x199.jpg 300w, https:\/\/radiorevelacionfm.cl\/wp-content\/uploads\/2021\/07\/pdi-imagen-2_optimized-768x510.jpg 768w, https:\/\/radiorevelacionfm.cl\/wp-content\/uploads\/2021\/07\/pdi-imagen-2_optimized-705x468.jpg 705w, https:\/\/radiorevelacionfm.cl\/wp-content\/uploads\/2021\/07\/pdi-imagen-2_optimized-600x399.jpg 600w\" sizes=\"(max-width: 903px) 100vw, 903px\" \/><\/div><\/div><\/div><\/div><div class=\"flex_column av_one_full  flex_column_div av-zero-column-padding first  avia-builder-el-2  el_after_av_one_full  el_before_av_one_full  column-top-margin\" style='border-radius:0px; '><section class=\"av_textblock_section \"  itemscope=\"itemscope\" itemtype=\"https:\/\/schema.org\/BlogPosting\" itemprop=\"blogPost\" ><div class='avia_textblock  '   itemprop=\"text\" ><p style=\"text-align: center;\"><span style=\"font-size: 18pt;\"><strong>PDI detuvo a dos sujetos con requisitorias pendientes de Tribunales en Isla de Melinka<\/strong><\/span><\/p>\n<div id=\"gtx-trans\" style=\"position: absolute; left: -50px; top: 4.31534px;\">\n<div class=\"gtx-trans-icon\"><\/div>\n<\/div>\n<\/div><\/section><\/div><div class=\"flex_column av_one_full  flex_column_div av-zero-column-padding first  avia-builder-el-4  el_after_av_one_full  el_before_av_hr  column-top-margin\" style='border-radius:0px; '><section class=\"av_textblock_section \"  itemscope=\"itemscope\" itemtype=\"https:\/\/schema.org\/BlogPosting\" itemprop=\"blogPost\" ><div class='avia_textblock  '   itemprop=\"text\" ><p style=\"text-align: justify;\">Durante la semana pasada, desde el domingo 22 al jueves 26 de agosto, detectives de la Brigada de Investigaci\u00f3n Criminal (BICRIM) Ays\u00e9n, en un servicio especial desarrollado en la Isla de Melinka, desarrollaron diversas diligencias investigativas y dieron cumplimiento a dos \u00f3rdenes de detenci\u00f3n por los delitos de amenazas simples contra personas y propiedades y porte de arma cortante y otros emanadas por los Juzgados de Letras y Garant\u00eda de Cisnes y Puerto Ays\u00e9n, respectivamente.<\/p>\n<p style=\"text-align: justify;\">Al respecto, el subprefecto Eduardo Charpentier, jefe de la BICRIM Ays\u00e9n, se\u00f1al\u00f3 que \u201cnuestros detectives se encontraban realizando diversas diligencias investigativas con la finalidad de ubicar a personas requeridas por los Tribunales de Justicia para continuar con sus respectivos procesos judiciales\u201d.<\/p>\n<p style=\"text-align: justify;\">Es as\u00ed que, \u201cgracias a las indagatorias se logr\u00f3 obtener informaci\u00f3n sobre dos requeridos por amenazas y porte de arma cortante, quienes podr\u00edan encontrarse en la comuna de Guaitecas, en la Isla de Melinka. Fue as\u00ed que, tras diversas diligencias para conocer sus paraderos, detectives lograron ubicarlos y detenerlos para ponerlos a disposici\u00f3n de los Tribunales correspondientes para continuar con su proceso judicial\u201d, agrego el jefe de la unidad.<\/p>\n<p style=\"text-align: justify;\">Sobre el caso del delito de porte de arma cortante, desde la PDI enfatizaron que \u201ceste hecho fue trabajado por nuestros detectives durante los controles de toque de queda realizados en el 2020. El sujeto fue sorprendido en esa oportunidad en la v\u00eda p\u00fablica transitando sin el respectivo salvoconducto, encontr\u00e1ndose oculta entre sus vestimentas un arma cortante, la que fue incautada durante el procedimiento\u201d.<\/p>\n<p style=\"text-align: justify;\">Finalmente, el subprefecto Charpentier destac\u00f3 el trabajo operativo que permiti\u00f3 dar cumplimiento a estas \u00f3rdenes, recalcando que \u201ccomo PDI mantenemos jurisdicci\u00f3n en todo el territorio regional, si bien contamos con complejos policiales solo en Coyhaique y Puerto Ays\u00e9n, constantemente estamos traslad\u00e1ndonos hasta las zonas m\u00e1s rec\u00f3nditas de la regi\u00f3n para dar cumplimiento a lo emanado por los Tribunales de Justicia y el Ministerio P\u00fablico, as\u00ed como tambi\u00e9n acercando nuestra labor a la comunidad\u201d.<\/p>\n<\/div><\/section><\/div><div  style='height:50px' class='hr hr-invisible   avia-builder-el-6  el_after_av_one_full  el_before_av_social_share '><span class='hr-inner ' ><span class='hr-inner-style'><\/span><\/span><\/div><\/p>\n<div  class='av-social-sharing-box  avia-builder-el-7  el_after_av_hr  el_before_av_hr  '><div class='av-share-box'><h5 class='av-share-link-description av-no-toc '>Compartir esta noticia<\/h5><ul class='av-share-box-list noLightbox'><li class='av-share-link av-social-link-facebook' ><a target=\"_blank\" aria-label=\"Compartir en Facebook\" href='https:\/\/www.facebook.com\/sharer.php?u=https:\/\/radiorevelacionfm.cl\/?p=8062&#038;t=PDI%20detuvo%20a%20dos%20sujetos%20con%20requisitorias%20pendientes%20de%20Tribunales%20en%20Isla%20de%20Melinka' aria-hidden='false' data-av_icon='\ue8f3' data-av_iconfont='entypo-fontello' title='' data-avia-related-tooltip='Compartir en Facebook' rel=\"noopener\"><span class='avia_hidden_link_text'>Compartir en Facebook<\/span><\/a><\/li><li class='av-share-link av-social-link-twitter' ><a target=\"_blank\" aria-label=\"Compartir en Twitter\" href='https:\/\/twitter.com\/share?text=PDI%20detuvo%20a%20dos%20sujetos%20con%20requisitorias%20pendientes%20de%20Tribunales%20en%20Isla%20de%20Melinka&#038;url=https:\/\/radiorevelacionfm.cl\/?p=8062' aria-hidden='false' data-av_icon='\ue8f1' data-av_iconfont='entypo-fontello' title='' data-avia-related-tooltip='Compartir en Twitter' rel=\"noopener\"><span class='avia_hidden_link_text'>Compartir en Twitter<\/span><\/a><\/li><li class='av-share-link av-social-link-whatsapp' ><a target=\"_blank\" aria-label=\"Compartir en Whatsapp\" href='https:\/\/api.whatsapp.com\/send?text=https:\/\/radiorevelacionfm.cl\/?p=8062' aria-hidden='false' data-av_icon='\uf232' data-av_iconfont='entypo-fontello' title='' data-avia-related-tooltip='Compartir en Whatsapp' rel=\"noopener\"><span class='avia_hidden_link_text'>Compartir en Whatsapp<\/span><\/a><\/li><li class='av-share-link av-social-link-linkedin' ><a target=\"_blank\" aria-label=\"Compartir en LinkedIn\" href='https:\/\/linkedin.com\/shareArticle?mini=true&#038;title=PDI%20detuvo%20a%20dos%20sujetos%20con%20requisitorias%20pendientes%20de%20Tribunales%20en%20Isla%20de%20Melinka&#038;url=https:\/\/radiorevelacionfm.cl\/?p=8062' aria-hidden='false' data-av_icon='\ue8fc' data-av_iconfont='entypo-fontello' title='' data-avia-related-tooltip='Compartir en LinkedIn' rel=\"noopener\"><span class='avia_hidden_link_text'>Compartir en LinkedIn<\/span><\/a><\/li><li class='av-share-link av-social-link-mail' ><a  aria-label=\"Compartir por correo\" href='mailto:?subject=PDI%20detuvo%20a%20dos%20sujetos%20con%20requisitorias%20pendientes%20de%20Tribunales%20en%20Isla%20de%20Melinka&#038;body=https:\/\/radiorevelacionfm.cl\/?p=8062' aria-hidden='false' data-av_icon='\ue805' data-av_iconfont='entypo-fontello' title='' data-avia-related-tooltip='Compartir por correo'><span class='avia_hidden_link_text'>Compartir por correo<\/span><\/a><\/li><\/ul><\/div><\/div>\n<div  style='height:50px' class='hr hr-invisible   avia-builder-el-8  el_after_av_social_share  el_before_av_comments_list '><span class='hr-inner ' ><span class='hr-inner-style'><\/span><\/span><\/div>\n<div  class='av-buildercomment  av-blog-meta-html-info-disabled av-blog-meta-tag-disabled  '><\/div>\n","protected":false},"excerpt":{"rendered":"","protected":false},"author":1,"featured_media":6838,"comment_status":"open","ping_status":"open","sticky":false,"template":"","format":"standard","meta":{"footnotes":""},"categories":[36],"tags":[],"class_list":["post-8062","post","type-post","status-publish","format-standard","has-post-thumbnail","hentry","category-policial"],"jetpack_featured_media_url":"https:\/\/radiorevelacionfm.cl\/wp-content\/uploads\/2021\/07\/pdi-imagen-2_optimized.jpg","_links":{"self":[{"href":"https:\/\/radiorevelacionfm.cl\/index.php?rest_route=\/wp\/v2\/posts\/8062","targetHints":{"allow":["GET"]}}],"collection":[{"href":"https:\/\/radiorevelacionfm.cl\/index.php?rest_route=\/wp\/v2\/posts"}],"about":[{"href":"https:\/\/radiorevelacionfm.cl\/index.php?rest_route=\/wp\/v2\/types\/post"}],"author":[{"embeddable":true,"href":"https:\/\/radiorevelacionfm.cl\/index.php?rest_route=\/wp\/v2\/users\/1"}],"replies":[{"embeddable":true,"href":"https:\/\/radiorevelacionfm.cl\/index.php?rest_route=%2Fwp%2Fv2%2Fcomments&post=8062"}],"version-history":[{"count":1,"href":"https:\/\/radiorevelacionfm.cl\/index.php?rest_route=\/wp\/v2\/posts\/8062\/revisions"}],"predecessor-version":[{"id":8063,"href":"https:\/\/radiorevelacionfm.cl\/index.php?rest_route=\/wp\/v2\/posts\/8062\/revisions\/8063"}],"wp:featuredmedia":[{"embeddable":true,"href":"https:\/\/radiorevelacionfm.cl\/index.php?rest_route=\/wp\/v2\/media\/6838"}],"wp:attachment":[{"href":"https:\/\/radiorevelacionfm.cl\/index.php?rest_route=%2Fwp%2Fv2%2Fmedia&parent=8062"}],"wp:term":[{"taxonomy":"category","embeddable":true,"href":"https:\/\/radiorevelacionfm.cl\/index.php?rest_route=%2Fwp%2Fv2%2Fcategories&post=8062"},{"taxonomy":"post_tag","embeddable":true,"href":"https:\/\/radiorevelacionfm.cl\/index.php?rest_route=%2Fwp%2Fv2%2Ftags&post=8062"}],"curies":[{"name":"wp","href":"https:\/\/api.w.org\/{rel}","templated":true}]}}