{"id":8059,"date":"2021-08-30T17:44:01","date_gmt":"2021-08-30T20:44:01","guid":{"rendered":"https:\/\/radiorevelacionfm.cl\/?p=8059"},"modified":"2021-08-30T17:44:01","modified_gmt":"2021-08-30T20:44:01","slug":"jovenes-de-puerto-aysen-participan-en-talleres-gratuitos-de-basquetbol","status":"publish","type":"post","link":"https:\/\/radiorevelacionfm.cl\/?p=8059","title":{"rendered":"J\u00f3venes de Puerto Ays\u00e9n participan en talleres gratuitos de b\u00e1squetbol"},"content":{"rendered":"<div class=\"flex_column av_one_full  flex_column_div av-zero-column-padding first  avia-builder-el-0  el_before_av_one_full  avia-builder-el-first  \" style='border-radius:0px; '><div  class='avia-image-container  av-styling-    avia-builder-el-1  avia-builder-el-no-sibling  avia-align-center '  itemprop=\"image\" itemscope=\"itemscope\" itemtype=\"https:\/\/schema.org\/ImageObject\"  ><div class='avia-image-container-inner'><div class='avia-image-overlay-wrap'><img decoding=\"async\" class='wp-image-8060 avia-img-lazy-loading-not-8060 avia_image' src=\"https:\/\/radiorevelacionfm.cl\/wp-content\/uploads\/2021\/08\/FOTO-3-1-1-1.jpg\" alt='' title='FOTO 3 (1) (1) (1)' height=\"600\" width=\"1063\"  itemprop=\"thumbnailUrl\" srcset=\"https:\/\/radiorevelacionfm.cl\/wp-content\/uploads\/2021\/08\/FOTO-3-1-1-1.jpg 1063w, https:\/\/radiorevelacionfm.cl\/wp-content\/uploads\/2021\/08\/FOTO-3-1-1-1-300x169.jpg 300w, https:\/\/radiorevelacionfm.cl\/wp-content\/uploads\/2021\/08\/FOTO-3-1-1-1-1030x581.jpg 1030w, https:\/\/radiorevelacionfm.cl\/wp-content\/uploads\/2021\/08\/FOTO-3-1-1-1-768x433.jpg 768w, https:\/\/radiorevelacionfm.cl\/wp-content\/uploads\/2021\/08\/FOTO-3-1-1-1-705x398.jpg 705w, https:\/\/radiorevelacionfm.cl\/wp-content\/uploads\/2021\/08\/FOTO-3-1-1-1-600x339.jpg 600w\" sizes=\"(max-width: 1063px) 100vw, 1063px\" \/><\/div><\/div><\/div><\/div><div class=\"flex_column av_one_full  flex_column_div av-zero-column-padding first  avia-builder-el-2  el_after_av_one_full  el_before_av_one_full  column-top-margin\" style='border-radius:0px; '><section class=\"av_textblock_section \"  itemscope=\"itemscope\" itemtype=\"https:\/\/schema.org\/BlogPosting\" itemprop=\"blogPost\" ><div class='avia_textblock  '   itemprop=\"text\" ><p style=\"text-align: center;\"><strong><span style=\"font-size: 18pt;\">J\u00f3venes de Puerto Ays\u00e9n participan en talleres gratuitos de b\u00e1squetbol <\/span><\/strong><\/p>\n<div id=\"gtx-trans\" style=\"position: absolute; left: -50px; top: 4.31534px;\">\n<div class=\"gtx-trans-icon\"><\/div>\n<\/div>\n<\/div><\/section><\/div><div class=\"flex_column av_one_full  flex_column_div av-zero-column-padding first  avia-builder-el-4  el_after_av_one_full  el_before_av_hr  column-top-margin\" style='border-radius:0px; '><section class=\"av_textblock_section \"  itemscope=\"itemscope\" itemtype=\"https:\/\/schema.org\/BlogPosting\" itemprop=\"blogPost\" ><div class='avia_textblock  '   itemprop=\"text\" ><p style=\"text-align: justify;\">La asociaci\u00f3n de b\u00e1squetbol de Puerto Ays\u00e9n, con el apoyo del Instituto Nacional de la Juventud (INJUV), se encuentra ejecutando su proyecto \u201cTalleres de vuelta al b\u00e1squetbol para j\u00f3venes\u201d, la iniciativa es\u00a0financiada por el fondo concursable Participa 2021 de INJUV.<\/p>\n<p style=\"text-align: justify;\">Los talleres est\u00e1n enfocados a j\u00f3venes de la comuna de Puerto Ays\u00e9n y tienen como objetivo promover y contribuir a mejorar la calidad de vida a trav\u00e9s del deporte y vida sana. Es importante destacar que durante los encuentros se cumple con el aforo y las medidas exigidas para este tipo de actividades por la autoridad sanitaria.<\/p>\n<p style=\"text-align: justify;\">\u201cFortalecer la participaci\u00f3n de los j\u00f3venes es uno de los principales objetivos de INJUV a trav\u00e9s del apoyo de los fondos concursables. Estas iniciativas deportivas sin duda que son de gran ayuda para promover la vida sana y el deporte entre nuestros j\u00f3venes. Felicitamos a todas las organizaciones adjudicatarias de nuestros fondos concursables, sin duda que sus proyectos ayudan a muchos j\u00f3venes de la regi\u00f3n a aprovechar de mejor manera su tiempo libre y a promover una vida sana\u201d, sostuvo la directora regional de INJUV, Silvia Leiva Henr\u00edquez.<\/p>\n<p style=\"text-align: justify;\">En tanto el\u00a0presidente de la agrupaci\u00f3n deportiva organizadora, Jorge Far\u00edas destac\u00f3 la participaci\u00f3n de los j\u00f3venes participantes y afirm\u00f3 que \u201ces muy positivo que existan espacios de participaci\u00f3n como estos en Puerto Ays\u00e9n, cuidar y fomentar la salud f\u00edsica de los j\u00f3venes en nuestro objetivo como asociaci\u00f3n y con este tipo de instancias ese objetivo se cumple, esperamos seguir desarrollando proyectos de este tipo para la juventud de nuestra regi\u00f3n ya que estamos muy contentos con los resultados obtenidos\u201d.<\/p>\n<p style=\"text-align: justify;\">Mat\u00edas Bustos, joven beneficiario indic\u00f3 que \u201cme parece genial, ya era hora de retomar el b\u00e1squetbol en las canchas, despu\u00e9s de este tiempo en pandemia ha sido complicado entrenar, as\u00ed que poco a poco hay que ir volviendo, y en el gimnasio que mejor que el b\u00e1squetbol, es bueno saber que existen estas instancias de participaci\u00f3n\u201d.<\/p>\n<p style=\"text-align: justify;\">Por su parte Nayadeth Poblete, agradeci\u00f3 los talleres y se\u00f1al\u00f3 que \u201cestos encuentros nos sirven mucho, ya que fortalece cosas que pr\u00e1cticamente no sab\u00edamos del b\u00e1squetbol, son entretenidos y hacen que podamos motivarnos de mejor manera con el deporte, ojal\u00e1 INJUV siga realizando estas iniciativas ya que son beneficiosas para los j\u00f3venes de la regi\u00f3n\u201d.<\/p>\n<\/div><\/section><\/div><div  style='height:50px' class='hr hr-invisible   avia-builder-el-6  el_after_av_one_full  el_before_av_social_share '><span class='hr-inner ' ><span class='hr-inner-style'><\/span><\/span><\/div><\/p>\n<div  class='av-social-sharing-box  avia-builder-el-7  el_after_av_hr  el_before_av_hr  '><div class='av-share-box'><h5 class='av-share-link-description av-no-toc '>Compartir esta noticia<\/h5><ul class='av-share-box-list noLightbox'><li class='av-share-link av-social-link-facebook' ><a target=\"_blank\" aria-label=\"Compartir en Facebook\" href='https:\/\/www.facebook.com\/sharer.php?u=https:\/\/radiorevelacionfm.cl\/?p=8059&#038;t=J%C3%B3venes%20de%20Puerto%20Ays%C3%A9n%20participan%20en%20talleres%20gratuitos%20de%20b%C3%A1squetbol' aria-hidden='false' data-av_icon='\ue8f3' data-av_iconfont='entypo-fontello' title='' data-avia-related-tooltip='Compartir en Facebook' rel=\"noopener\"><span class='avia_hidden_link_text'>Compartir en Facebook<\/span><\/a><\/li><li class='av-share-link av-social-link-twitter' ><a target=\"_blank\" aria-label=\"Compartir en Twitter\" href='https:\/\/twitter.com\/share?text=J%C3%B3venes%20de%20Puerto%20Ays%C3%A9n%20participan%20en%20talleres%20gratuitos%20de%20b%C3%A1squetbol&#038;url=https:\/\/radiorevelacionfm.cl\/?p=8059' aria-hidden='false' data-av_icon='\ue8f1' data-av_iconfont='entypo-fontello' title='' data-avia-related-tooltip='Compartir en Twitter' rel=\"noopener\"><span class='avia_hidden_link_text'>Compartir en Twitter<\/span><\/a><\/li><li class='av-share-link av-social-link-whatsapp' ><a target=\"_blank\" aria-label=\"Compartir en Whatsapp\" href='https:\/\/api.whatsapp.com\/send?text=https:\/\/radiorevelacionfm.cl\/?p=8059' aria-hidden='false' data-av_icon='\uf232' data-av_iconfont='entypo-fontello' title='' data-avia-related-tooltip='Compartir en Whatsapp' rel=\"noopener\"><span class='avia_hidden_link_text'>Compartir en Whatsapp<\/span><\/a><\/li><li class='av-share-link av-social-link-linkedin' ><a target=\"_blank\" aria-label=\"Compartir en LinkedIn\" href='https:\/\/linkedin.com\/shareArticle?mini=true&#038;title=J%C3%B3venes%20de%20Puerto%20Ays%C3%A9n%20participan%20en%20talleres%20gratuitos%20de%20b%C3%A1squetbol&#038;url=https:\/\/radiorevelacionfm.cl\/?p=8059' aria-hidden='false' data-av_icon='\ue8fc' data-av_iconfont='entypo-fontello' title='' data-avia-related-tooltip='Compartir en LinkedIn' rel=\"noopener\"><span class='avia_hidden_link_text'>Compartir en LinkedIn<\/span><\/a><\/li><li class='av-share-link av-social-link-mail' ><a  aria-label=\"Compartir por correo\" href='mailto:?subject=J%C3%B3venes%20de%20Puerto%20Ays%C3%A9n%20participan%20en%20talleres%20gratuitos%20de%20b%C3%A1squetbol&#038;body=https:\/\/radiorevelacionfm.cl\/?p=8059' aria-hidden='false' data-av_icon='\ue805' data-av_iconfont='entypo-fontello' title='' data-avia-related-tooltip='Compartir por correo'><span class='avia_hidden_link_text'>Compartir por correo<\/span><\/a><\/li><\/ul><\/div><\/div>\n<div  style='height:50px' class='hr hr-invisible   avia-builder-el-8  el_after_av_social_share  el_before_av_comments_list '><span class='hr-inner ' ><span class='hr-inner-style'><\/span><\/span><\/div>\n<div  class='av-buildercomment  av-blog-meta-html-info-disabled av-blog-meta-tag-disabled  '><\/div>\n","protected":false},"excerpt":{"rendered":"","protected":false},"author":1,"featured_media":8060,"comment_status":"open","ping_status":"open","sticky":false,"template":"","format":"standard","meta":{"footnotes":""},"categories":[40],"tags":[],"class_list":["post-8059","post","type-post","status-publish","format-standard","has-post-thumbnail","hentry","category-deportes"],"jetpack_featured_media_url":"https:\/\/radiorevelacionfm.cl\/wp-content\/uploads\/2021\/08\/FOTO-3-1-1-1.jpg","_links":{"self":[{"href":"https:\/\/radiorevelacionfm.cl\/index.php?rest_route=\/wp\/v2\/posts\/8059","targetHints":{"allow":["GET"]}}],"collection":[{"href":"https:\/\/radiorevelacionfm.cl\/index.php?rest_route=\/wp\/v2\/posts"}],"about":[{"href":"https:\/\/radiorevelacionfm.cl\/index.php?rest_route=\/wp\/v2\/types\/post"}],"author":[{"embeddable":true,"href":"https:\/\/radiorevelacionfm.cl\/index.php?rest_route=\/wp\/v2\/users\/1"}],"replies":[{"embeddable":true,"href":"https:\/\/radiorevelacionfm.cl\/index.php?rest_route=%2Fwp%2Fv2%2Fcomments&post=8059"}],"version-history":[{"count":1,"href":"https:\/\/radiorevelacionfm.cl\/index.php?rest_route=\/wp\/v2\/posts\/8059\/revisions"}],"predecessor-version":[{"id":8061,"href":"https:\/\/radiorevelacionfm.cl\/index.php?rest_route=\/wp\/v2\/posts\/8059\/revisions\/8061"}],"wp:featuredmedia":[{"embeddable":true,"href":"https:\/\/radiorevelacionfm.cl\/index.php?rest_route=\/wp\/v2\/media\/8060"}],"wp:attachment":[{"href":"https:\/\/radiorevelacionfm.cl\/index.php?rest_route=%2Fwp%2Fv2%2Fmedia&parent=8059"}],"wp:term":[{"taxonomy":"category","embeddable":true,"href":"https:\/\/radiorevelacionfm.cl\/index.php?rest_route=%2Fwp%2Fv2%2Fcategories&post=8059"},{"taxonomy":"post_tag","embeddable":true,"href":"https:\/\/radiorevelacionfm.cl\/index.php?rest_route=%2Fwp%2Fv2%2Ftags&post=8059"}],"curies":[{"name":"wp","href":"https:\/\/api.w.org\/{rel}","templated":true}]}}