{"id":8054,"date":"2021-08-31T13:33:47","date_gmt":"2021-08-31T16:33:47","guid":{"rendered":"https:\/\/radiorevelacionfm.cl\/?p=8054"},"modified":"2021-08-31T13:33:47","modified_gmt":"2021-08-31T16:33:47","slug":"teleton-aysen-dictara-su-primer-seminario-de-inclusion-escolar-en-pandemia","status":"publish","type":"post","link":"https:\/\/radiorevelacionfm.cl\/?p=8054","title":{"rendered":"Telet\u00f3n Ays\u00e9n dictar\u00e1 su primer Seminario de Inclusi\u00f3n Escolar en pandemia"},"content":{"rendered":"<div class=\"flex_column av_one_full  flex_column_div av-zero-column-padding first  avia-builder-el-0  el_before_av_one_full  avia-builder-el-first  \" style='border-radius:0px; '><div  class='avia-image-container  av-styling-    avia-builder-el-1  avia-builder-el-no-sibling  avia-align-center '  itemprop=\"image\" itemscope=\"itemscope\" itemtype=\"https:\/\/schema.org\/ImageObject\"  ><div class='avia-image-container-inner'><div class='avia-image-overlay-wrap'><img decoding=\"async\" class='wp-image-8056 avia-img-lazy-loading-not-8056 avia_image' src=\"https:\/\/radiorevelacionfm.cl\/wp-content\/uploads\/2021\/08\/Teleton-Coyh-1-1.jpg\" alt='' title='Teleton Coyh (1) (1)' height=\"600\" width=\"800\"  itemprop=\"thumbnailUrl\" srcset=\"https:\/\/radiorevelacionfm.cl\/wp-content\/uploads\/2021\/08\/Teleton-Coyh-1-1.jpg 800w, https:\/\/radiorevelacionfm.cl\/wp-content\/uploads\/2021\/08\/Teleton-Coyh-1-1-300x225.jpg 300w, https:\/\/radiorevelacionfm.cl\/wp-content\/uploads\/2021\/08\/Teleton-Coyh-1-1-768x576.jpg 768w, https:\/\/radiorevelacionfm.cl\/wp-content\/uploads\/2021\/08\/Teleton-Coyh-1-1-705x529.jpg 705w, https:\/\/radiorevelacionfm.cl\/wp-content\/uploads\/2021\/08\/Teleton-Coyh-1-1-600x450.jpg 600w\" sizes=\"(max-width: 800px) 100vw, 800px\" \/><\/div><\/div><\/div><\/div><div class=\"flex_column av_one_full  flex_column_div av-zero-column-padding first  avia-builder-el-2  el_after_av_one_full  el_before_av_one_full  column-top-margin\" style='border-radius:0px; '><section class=\"av_textblock_section \"  itemscope=\"itemscope\" itemtype=\"https:\/\/schema.org\/BlogPosting\" itemprop=\"blogPost\" ><div class='avia_textblock  '   itemprop=\"text\" ><p style=\"text-align: center;\"><span style=\"font-size: 18pt;\"><b><span lang=\"ES-TRAD\">Telet\u00f3n Ays\u00e9n dictar\u00e1 su primer Seminario de Inclusi\u00f3n Escolar en pandemia<\/span><\/b><\/span><\/p>\n<div id=\"gtx-trans\" style=\"position: absolute; left: -50px; top: 4.31534px;\">\n<div class=\"gtx-trans-icon\"><\/div>\n<\/div>\n<\/div><\/section><\/div><div class=\"flex_column av_one_full  flex_column_div av-zero-column-padding first  avia-builder-el-4  el_after_av_one_full  el_before_av_hr  column-top-margin\" style='border-radius:0px; '><section class=\"av_textblock_section \"  itemscope=\"itemscope\" itemtype=\"https:\/\/schema.org\/BlogPosting\" itemprop=\"blogPost\" ><div class='avia_textblock  '   itemprop=\"text\" ><p style=\"font-weight: 400; text-align: justify;\">El Instituto Telet\u00f3n Ays\u00e9n se prepara para realizar el pr\u00f3ximo viernes 3 de septiembre su quinto Seminario de Inclusi\u00f3n Escolar, actividad que ser\u00e1 la primera de su tipo desde el inicio de la pandemia en el pa\u00eds, y que en esta oportunidad se desarrollar\u00e1 de forma telem\u00e1tica.<\/p>\n<p style=\"font-weight: 400; text-align: justify;\">\u201cInclusi\u00f3n y Pandemia\u201d, nombre del seminario, ser\u00e1 un espacio de conversaci\u00f3n sobre las clases de educaci\u00f3n f\u00edsica telem\u00e1ticas impartidas por los establecimientos educacionales de la regi\u00f3n, para as\u00ed ahondar en las distintas realidades y obst\u00e1culos de la ense\u00f1anza que se pueden presentar en un contexto de confinamiento.<\/p>\n<p style=\"font-weight: 400; text-align: justify;\">\u201cQueremos conocer lo que ha ocurrido con la educaci\u00f3n en tiempos de pandemia, revisar cada una de las barreras del aprendizaje y desarrollarlas, para que juntos podamos encontrar soluciones pr\u00e1cticas y adecuarlas a la realidad regional\u201d, cont\u00f3 Daniel Pedrero, profesor de Educaci\u00f3n F\u00edsica y coordinador de la Unidad de Ejercicio y Deporte Adaptado del Instituto Telet\u00f3n Ays\u00e9n.<\/p>\n<p style=\"font-weight: 400; text-align: justify;\">La pandemia ha representado un desaf\u00edo en todas las \u00e1reas, siendo el sistema educativo uno de los con mayor impacto. Hoy existen metodolog\u00edas que el profesorado aplica para desarrollar las clases de educaci\u00f3n f\u00edsica, como la entrega de pautas a los estudiantes para que las desarrollen en sus hogares, o bien, se conecten para realizar ejercicios en conjunto y en l\u00ednea, entre otras cosas.<\/p>\n<p style=\"font-weight: 400; text-align: justify;\">Realizar un catastro de lo que se implementa y lo que funciona, es el motor del seminario. Conocer experiencias y unificar criterios mediante este conversatorio en l\u00ednea, ser\u00e1 una v\u00eda para obtener ideas para entregar ayuda funcional y atacar directamente las barreras de aprendizaje.<\/p>\n<p style=\"font-weight: 400; text-align: justify;\">La invitaci\u00f3n al seminario est\u00e1 dirigida a todos los profesionales del \u00e1rea de educaci\u00f3n en la regi\u00f3n, tanto de jardines infantiles, liceos y colegios, los que suman alrededor de 80 en total, y tambi\u00e9n al equipo del Instituto Telet\u00f3n Ays\u00e9n.<\/p>\n<p style=\"font-weight: 400; text-align: justify;\">Los diagn\u00f3sticos m\u00e9dicos m\u00e1s comunes tratados en el centro, la experiencia de una paciente en el sistema educativo, la estructura de la educaci\u00f3n f\u00edsica adaptada y la realidad regional, junto a las barreras del aprendizaje en contexto de pandemia, son algunas de las tem\u00e1ticas que se desarrollar\u00e1n en el seminario.<\/p>\n<p style=\"font-weight: 400; text-align: justify;\">Seg\u00fan comenta el profesor Pedrero, son varios los establecimientos educacionales que han participado en seminarios anteriores de forma presencial, \u201clo que ha generado cambios respecto a la visi\u00f3n de la inclusi\u00f3n. As\u00ed se van formando de lo que es la inclusi\u00f3n dentro del aula, generando una retroalimentaci\u00f3n muy buena basada en la experiencia y el conocimiento\u201d, sostiene.<\/p>\n<p style=\"font-weight: 400; text-align: justify;\">El seminario ha generado alto inter\u00e9s en versiones anteriores, lo que se refleja en el n\u00famero de interesados que consultan antes de la convocatoria, o en la rapidez con que se llenan las inscripciones. \u201cSe ha visto un cambio, e incluso profesoras y profesores nos mandan correos haciendo sugerencias puntuales. Ya no se trata de una ayuda general, ahora nos detallan en espec\u00edfico sus solicitudes\u201d, concluye el coordinador de la Unidad de Ejercicio y Deporte Adaptado del Instituto Telet\u00f3n Ays\u00e9n.<\/p>\n<p style=\"font-weight: 400; text-align: justify;\">Telet\u00f3n Ays\u00e9n invita a los interesados de esta \u00e1rea educativa en participar en este seminario, a inscribirse en el siguiente link:\u00a0<strong><a href=\"https:\/\/www.surveymonkey.com\/r\/Q6DB9VY\" data-saferedirecturl=\"https:\/\/www.google.com\/url?q=https:\/\/www.surveymonkey.com\/r\/Q6DB9VY&amp;source=gmail&amp;ust=1630431131373000&amp;usg=AFQjCNFb161Np4vqZ2TaryboHVJS2_u4pA\">\u201cInclusi\u00f3n y Pandemia\u201d<\/a>.<\/strong><\/p>\n<p style=\"font-weight: 400; text-align: justify;\"><a href=\"https:\/\/www.surveymonkey.com\/r\/q6db9vy\" data-saferedirecturl=\"https:\/\/www.google.com\/url?q=https:\/\/www.surveymonkey.com\/r\/q6db9vy&amp;source=gmail&amp;ust=1630431131373000&amp;usg=AFQjCNGBtCS9A6WJVF6WVIiR0XICuI0Ang\">https:\/\/www.surveymonkey.com\/r\/q6db9vy<\/a><\/p>\n<\/div><\/section><\/div><div  style='height:50px' class='hr hr-invisible   avia-builder-el-6  el_after_av_one_full  el_before_av_social_share '><span class='hr-inner ' ><span class='hr-inner-style'><\/span><\/span><\/div><\/p>\n<div  class='av-social-sharing-box  avia-builder-el-7  el_after_av_hr  el_before_av_hr  '><div class='av-share-box'><h5 class='av-share-link-description av-no-toc '>Compartir esta noticia<\/h5><ul class='av-share-box-list noLightbox'><li class='av-share-link av-social-link-facebook' ><a target=\"_blank\" aria-label=\"Compartir en Facebook\" href='https:\/\/www.facebook.com\/sharer.php?u=https:\/\/radiorevelacionfm.cl\/?p=8054&#038;t=Telet%C3%B3n%20Ays%C3%A9n%20dictar%C3%A1%20su%20primer%20Seminario%20de%20Inclusi%C3%B3n%20Escolar%20en%20pandemia' aria-hidden='false' data-av_icon='\ue8f3' data-av_iconfont='entypo-fontello' title='' data-avia-related-tooltip='Compartir en Facebook' rel=\"noopener\"><span class='avia_hidden_link_text'>Compartir en Facebook<\/span><\/a><\/li><li class='av-share-link av-social-link-twitter' ><a target=\"_blank\" aria-label=\"Compartir en Twitter\" href='https:\/\/twitter.com\/share?text=Telet%C3%B3n%20Ays%C3%A9n%20dictar%C3%A1%20su%20primer%20Seminario%20de%20Inclusi%C3%B3n%20Escolar%20en%20pandemia&#038;url=https:\/\/radiorevelacionfm.cl\/?p=8054' aria-hidden='false' data-av_icon='\ue8f1' data-av_iconfont='entypo-fontello' title='' data-avia-related-tooltip='Compartir en Twitter' rel=\"noopener\"><span class='avia_hidden_link_text'>Compartir en Twitter<\/span><\/a><\/li><li class='av-share-link av-social-link-whatsapp' ><a target=\"_blank\" aria-label=\"Compartir en Whatsapp\" href='https:\/\/api.whatsapp.com\/send?text=https:\/\/radiorevelacionfm.cl\/?p=8054' aria-hidden='false' data-av_icon='\uf232' data-av_iconfont='entypo-fontello' title='' data-avia-related-tooltip='Compartir en Whatsapp' rel=\"noopener\"><span class='avia_hidden_link_text'>Compartir en Whatsapp<\/span><\/a><\/li><li class='av-share-link av-social-link-linkedin' ><a target=\"_blank\" aria-label=\"Compartir en LinkedIn\" href='https:\/\/linkedin.com\/shareArticle?mini=true&#038;title=Telet%C3%B3n%20Ays%C3%A9n%20dictar%C3%A1%20su%20primer%20Seminario%20de%20Inclusi%C3%B3n%20Escolar%20en%20pandemia&#038;url=https:\/\/radiorevelacionfm.cl\/?p=8054' aria-hidden='false' data-av_icon='\ue8fc' data-av_iconfont='entypo-fontello' title='' data-avia-related-tooltip='Compartir en LinkedIn' rel=\"noopener\"><span class='avia_hidden_link_text'>Compartir en LinkedIn<\/span><\/a><\/li><li class='av-share-link av-social-link-mail' ><a  aria-label=\"Compartir por correo\" href='mailto:?subject=Telet%C3%B3n%20Ays%C3%A9n%20dictar%C3%A1%20su%20primer%20Seminario%20de%20Inclusi%C3%B3n%20Escolar%20en%20pandemia&#038;body=https:\/\/radiorevelacionfm.cl\/?p=8054' aria-hidden='false' data-av_icon='\ue805' data-av_iconfont='entypo-fontello' title='' data-avia-related-tooltip='Compartir por correo'><span class='avia_hidden_link_text'>Compartir por correo<\/span><\/a><\/li><\/ul><\/div><\/div>\n<div  style='height:50px' class='hr hr-invisible   avia-builder-el-8  el_after_av_social_share  el_before_av_comments_list '><span class='hr-inner ' ><span class='hr-inner-style'><\/span><\/span><\/div>\n<div  class='av-buildercomment  av-blog-meta-html-info-disabled av-blog-meta-tag-disabled  '><\/div>\n","protected":false},"excerpt":{"rendered":"","protected":false},"author":1,"featured_media":8056,"comment_status":"open","ping_status":"open","sticky":false,"template":"","format":"standard","meta":{"footnotes":""},"categories":[38],"tags":[],"class_list":["post-8054","post","type-post","status-publish","format-standard","has-post-thumbnail","hentry","category-regional"],"jetpack_featured_media_url":"https:\/\/radiorevelacionfm.cl\/wp-content\/uploads\/2021\/08\/Teleton-Coyh-1-1.jpg","_links":{"self":[{"href":"https:\/\/radiorevelacionfm.cl\/index.php?rest_route=\/wp\/v2\/posts\/8054","targetHints":{"allow":["GET"]}}],"collection":[{"href":"https:\/\/radiorevelacionfm.cl\/index.php?rest_route=\/wp\/v2\/posts"}],"about":[{"href":"https:\/\/radiorevelacionfm.cl\/index.php?rest_route=\/wp\/v2\/types\/post"}],"author":[{"embeddable":true,"href":"https:\/\/radiorevelacionfm.cl\/index.php?rest_route=\/wp\/v2\/users\/1"}],"replies":[{"embeddable":true,"href":"https:\/\/radiorevelacionfm.cl\/index.php?rest_route=%2Fwp%2Fv2%2Fcomments&post=8054"}],"version-history":[{"count":1,"href":"https:\/\/radiorevelacionfm.cl\/index.php?rest_route=\/wp\/v2\/posts\/8054\/revisions"}],"predecessor-version":[{"id":8057,"href":"https:\/\/radiorevelacionfm.cl\/index.php?rest_route=\/wp\/v2\/posts\/8054\/revisions\/8057"}],"wp:featuredmedia":[{"embeddable":true,"href":"https:\/\/radiorevelacionfm.cl\/index.php?rest_route=\/wp\/v2\/media\/8056"}],"wp:attachment":[{"href":"https:\/\/radiorevelacionfm.cl\/index.php?rest_route=%2Fwp%2Fv2%2Fmedia&parent=8054"}],"wp:term":[{"taxonomy":"category","embeddable":true,"href":"https:\/\/radiorevelacionfm.cl\/index.php?rest_route=%2Fwp%2Fv2%2Fcategories&post=8054"},{"taxonomy":"post_tag","embeddable":true,"href":"https:\/\/radiorevelacionfm.cl\/index.php?rest_route=%2Fwp%2Fv2%2Ftags&post=8054"}],"curies":[{"name":"wp","href":"https:\/\/api.w.org\/{rel}","templated":true}]}}