{"id":8050,"date":"2021-08-30T15:11:40","date_gmt":"2021-08-30T18:11:40","guid":{"rendered":"https:\/\/radiorevelacionfm.cl\/?p=8050"},"modified":"2021-08-30T15:24:29","modified_gmt":"2021-08-30T18:24:29","slug":"el-sueno-ya-es-una-realidad-nuevo-hospital-de-cochrane-inicio-su-proceso-de-operaciones","status":"publish","type":"post","link":"https:\/\/radiorevelacionfm.cl\/?p=8050","title":{"rendered":"El sue\u00f1o ya es una realidad: nuevo hospital de Cochrane inici\u00f3 su proceso de operaciones"},"content":{"rendered":"<div class=\"flex_column av_one_full  flex_column_div av-zero-column-padding first  avia-builder-el-0  el_before_av_one_full  avia-builder-el-first  \" style='border-radius:0px; '><div  class='avia-image-container  av-styling-    avia-builder-el-1  avia-builder-el-no-sibling  avia-align-center '  itemprop=\"image\" itemscope=\"itemscope\" itemtype=\"https:\/\/schema.org\/ImageObject\"  ><div class='avia-image-container-inner'><div class='avia-image-overlay-wrap'><img decoding=\"async\" class='wp-image-8051 avia-img-lazy-loading-not-8051 avia_image' src=\"https:\/\/radiorevelacionfm.cl\/wp-content\/uploads\/2021\/08\/cochrane4_optimized.jpg\" alt='' title='cochrane4_optimized' height=\"611\" width=\"1198\"  itemprop=\"thumbnailUrl\" srcset=\"https:\/\/radiorevelacionfm.cl\/wp-content\/uploads\/2021\/08\/cochrane4_optimized.jpg 1198w, https:\/\/radiorevelacionfm.cl\/wp-content\/uploads\/2021\/08\/cochrane4_optimized-300x153.jpg 300w, https:\/\/radiorevelacionfm.cl\/wp-content\/uploads\/2021\/08\/cochrane4_optimized-1030x525.jpg 1030w, https:\/\/radiorevelacionfm.cl\/wp-content\/uploads\/2021\/08\/cochrane4_optimized-768x392.jpg 768w, https:\/\/radiorevelacionfm.cl\/wp-content\/uploads\/2021\/08\/cochrane4_optimized-705x360.jpg 705w, https:\/\/radiorevelacionfm.cl\/wp-content\/uploads\/2021\/08\/cochrane4_optimized-600x306.jpg 600w\" sizes=\"(max-width: 1198px) 100vw, 1198px\" \/><\/div><\/div><\/div><\/div><div class=\"flex_column av_one_full  flex_column_div av-zero-column-padding first  avia-builder-el-2  el_after_av_one_full  el_before_av_one_full  column-top-margin\" style='border-radius:0px; '><section class=\"av_textblock_section \"  itemscope=\"itemscope\" itemtype=\"https:\/\/schema.org\/BlogPosting\" itemprop=\"blogPost\" ><div class='avia_textblock  '   itemprop=\"text\" ><p style=\"text-align: center;\"><span style=\"font-size: 18pt;\"><strong>El sue\u00f1o ya es una realidad: nuevo hospital de Cochrane inici\u00f3 su proceso de operaciones<\/strong><\/span><\/p>\n<div id=\"gtx-trans\" style=\"position: absolute; left: -50px; top: 4.31534px;\">\n<div class=\"gtx-trans-icon\"><\/div>\n<\/div>\n<\/div><\/section><\/div><div class=\"flex_column av_one_full  flex_column_div av-zero-column-padding first  avia-builder-el-4  el_after_av_one_full  el_before_av_hr  column-top-margin\" style='border-radius:0px; '><section class=\"av_textblock_section \"  itemscope=\"itemscope\" itemtype=\"https:\/\/schema.org\/BlogPosting\" itemprop=\"blogPost\" ><div class='avia_textblock  '   itemprop=\"text\" ><p style=\"text-align: justify;\">Durante los d\u00edas viernes 27, s\u00e1bado 28 y lunes 30 de agosto, la comunidad hospitalaria desarroll\u00f3 acciones tendientes a fortalecer el trabajo en equipo: se hicieron reconocimientos a quienes se desempe\u00f1an por m\u00e1s de 30 a\u00f1os, as\u00ed tambi\u00e9n a quienes han jubilado, recibieron saludos mediante videos de ex directores del establecimiento, del subsecretario Douniac y del propio Ministro de Salud, Enrique Paris, trasladaron\u00a0 desde el antiguo hospital los \u00faltimos equipos e insumos y de manera segura a los 3 pacientes hospitalizados, recorrieron junto a sus hijos los espacios de trabajo y finalmente el lunes, junto a las autoridades se abrieron las puertas del nuevo hospital,\u00a0 inici\u00e1ndose las atenciones a la comunidad.<\/p>\n<p style=\"text-align: justify;\">\u201cAhora viene el nuevo desaf\u00edo de probar las instalaciones y de comenzar a organizarse para aprovecharlas de la mejor manera posible, para que realmente se note en la atenci\u00f3n, se note en el ambiente de trabajo y en los espacios, as\u00ed como tambi\u00e9n en el \u00e1nimo de los funcionarios y pacientes, del estar en esta nueva casa\u201d, indic\u00f3 Miriam Navarrete Novoa, Directora del Hospital de Cochrane.<\/p>\n<p style=\"text-align: justify;\">Por su parte, Gustavo M\u00e1rquez Cagad\u00e1n, Delegado Presidencial Provincial, coment\u00f3 que, \u201cEl resultado de la Puesta en Marcha del nuevo hospital de Cochrane, es resultado de la buena pol\u00edtica. \u201cEsta es la pol\u00edtica que est\u00e1 al servicio del Estado y de las personas, la pol\u00edtica en que la gesti\u00f3n logra cr\u00e9ditos tan importantes como esta nueva infraestructura hospitalaria, donde han hecho fuerza y han trabajado muchas personas y autoridades de todos los sectores e ideolog\u00edas, eso hace eco de lo que uno sue\u00f1a. Para el Gobierno del Presidente Sebasti\u00e1n Pi\u00f1era, es un gran orgullo entregar esta infraestructura al\u00a0 servicio de la comunidad\u201d, enfatiz\u00f3 la autoridad de la Provincia Capit\u00e1n Prat.<\/p>\n<p style=\"text-align: justify;\">Desaf\u00edo alcanzado<\/p>\n<p style=\"text-align: justify;\">Una vez terminado el la ceremonia que dio el vamos a las atenciones del recinto de salud, Gabriel Burgos, Director del SSA, record\u00f3 c\u00f3mo fue que se estableci\u00f3 el compromiso de iniciar las operaciones del hospital, antes del 31 de agosto.<\/p>\n<p style=\"text-align: justify;\">\u201cCuando fuimos a presentar en noviembre del a\u00f1o 2020 el proyecto al Consejo Regional, por la situaci\u00f3n que estaba viviendo el hospital con un retraso en la entrega, se asumi\u00f3 un compromiso que antes del 31 de agosto del presente a\u00f1o, nosotros estar\u00edamos en funcionamiento; aqu\u00ed hay un trabajo mancomunado de parte de los funcionarios del Servicio de Salud, de la gente del hospital y de muchos quienes est\u00e1n involucrados directa o indirectamente y hoy d\u00eda vemos el resultado de ese compromiso ya que se pudo abrir a la comunidad y comenzar con sus operaciones, entregando una mejor salud a la gente de Cochrane y la Provincia\u201d, enfatiz\u00f3 Gabriel Burgos, Director del Servicio de Salud Ays\u00e9n.<\/p>\n<p style=\"text-align: justify;\">Los primeros usuarios:<\/p>\n<p style=\"text-align: justify;\">Andr\u00e9s Ulloa e\u00a0 Isabel Jaramillo del sector San Lorenzo, son un matrimonio que se acerc\u00f3 al establecimiento, para retirar sus medicamentos, y al entrar al edificio, no hicieron otra cosa sino que sorprenderse con la magnitud de la obra y llamaron a que la comunidad la cuide.<\/p>\n<p style=\"text-align: justify;\">\u201cEst\u00e1 muy bonito, un gran sue\u00f1o y ojal\u00e1 que lo cuiden nom\u00e1s\u201d, coment\u00f3 don Andr\u00e9s, mientras que su esposa Isabel, se\u00f1al\u00f3, \u201cViendo la lejan\u00eda de estos negocios, es muy hermoso. Yo sufro de diabetes y asma y vengo todos los meses a retirar remedios, as\u00ed es que para m\u00ed es un sue\u00f1o \u201c, concluy\u00f3 emocionada.<\/p>\n<p style=\"text-align: justify;\">Cabe destacar que se ha dise\u00f1ado un modelo de implementaci\u00f3n de rondas de especialidades, que comenzar\u00e1 en el mes de septiembre tanto en el \u00e1rea odontol\u00f3gica como de medicina, resolviendo la demanda as\u00ed tambi\u00e9n de las listas de espera existentes, trabajo que se complementar\u00e1 con la telemedicina, modalidad que ya se encuentra implementada en el nuevo establecimiento, lo que se conjuga con el modelo de hospital digital, que permite una atenci\u00f3n mucho m\u00e1s r\u00e1pida y expedita de la ciudadan\u00eda.<\/p>\n<\/div><\/section><\/div><div  style='height:50px' class='hr hr-invisible   avia-builder-el-6  el_after_av_one_full  el_before_av_social_share '><span class='hr-inner ' ><span class='hr-inner-style'><\/span><\/span><\/div><\/p>\n<div  class='av-social-sharing-box  avia-builder-el-7  el_after_av_hr  el_before_av_hr  '><div class='av-share-box'><h5 class='av-share-link-description av-no-toc '>Compartir esta noticia<\/h5><ul class='av-share-box-list noLightbox'><li class='av-share-link av-social-link-facebook' ><a target=\"_blank\" aria-label=\"Compartir en Facebook\" href='https:\/\/www.facebook.com\/sharer.php?u=https:\/\/radiorevelacionfm.cl\/?p=8050&#038;t=El%20sue%C3%B1o%20ya%20es%20una%20realidad%3A%20nuevo%20hospital%20de%20Cochrane%20inici%C3%B3%20su%20proceso%20de%20operaciones' aria-hidden='false' data-av_icon='\ue8f3' data-av_iconfont='entypo-fontello' title='' data-avia-related-tooltip='Compartir en Facebook' rel=\"noopener\"><span class='avia_hidden_link_text'>Compartir en Facebook<\/span><\/a><\/li><li class='av-share-link av-social-link-twitter' ><a target=\"_blank\" aria-label=\"Compartir en Twitter\" href='https:\/\/twitter.com\/share?text=El%20sue%C3%B1o%20ya%20es%20una%20realidad%3A%20nuevo%20hospital%20de%20Cochrane%20inici%C3%B3%20su%20proceso%20de%20operaciones&#038;url=https:\/\/radiorevelacionfm.cl\/?p=8050' aria-hidden='false' data-av_icon='\ue8f1' data-av_iconfont='entypo-fontello' title='' data-avia-related-tooltip='Compartir en Twitter' rel=\"noopener\"><span class='avia_hidden_link_text'>Compartir en Twitter<\/span><\/a><\/li><li class='av-share-link av-social-link-whatsapp' ><a target=\"_blank\" aria-label=\"Compartir en Whatsapp\" href='https:\/\/api.whatsapp.com\/send?text=https:\/\/radiorevelacionfm.cl\/?p=8050' aria-hidden='false' data-av_icon='\uf232' data-av_iconfont='entypo-fontello' title='' data-avia-related-tooltip='Compartir en Whatsapp' rel=\"noopener\"><span class='avia_hidden_link_text'>Compartir en Whatsapp<\/span><\/a><\/li><li class='av-share-link av-social-link-linkedin' ><a target=\"_blank\" aria-label=\"Compartir en LinkedIn\" href='https:\/\/linkedin.com\/shareArticle?mini=true&#038;title=El%20sue%C3%B1o%20ya%20es%20una%20realidad%3A%20nuevo%20hospital%20de%20Cochrane%20inici%C3%B3%20su%20proceso%20de%20operaciones&#038;url=https:\/\/radiorevelacionfm.cl\/?p=8050' aria-hidden='false' data-av_icon='\ue8fc' data-av_iconfont='entypo-fontello' title='' data-avia-related-tooltip='Compartir en LinkedIn' rel=\"noopener\"><span class='avia_hidden_link_text'>Compartir en LinkedIn<\/span><\/a><\/li><li class='av-share-link av-social-link-mail' ><a  aria-label=\"Compartir por correo\" href='mailto:?subject=El%20sue%C3%B1o%20ya%20es%20una%20realidad%3A%20nuevo%20hospital%20de%20Cochrane%20inici%C3%B3%20su%20proceso%20de%20operaciones&#038;body=https:\/\/radiorevelacionfm.cl\/?p=8050' aria-hidden='false' data-av_icon='\ue805' data-av_iconfont='entypo-fontello' title='' data-avia-related-tooltip='Compartir por correo'><span class='avia_hidden_link_text'>Compartir por correo<\/span><\/a><\/li><\/ul><\/div><\/div>\n<div  style='height:50px' class='hr hr-invisible   avia-builder-el-8  el_after_av_social_share  el_before_av_comments_list '><span class='hr-inner ' ><span class='hr-inner-style'><\/span><\/span><\/div>\n<div  class='av-buildercomment  av-blog-meta-html-info-disabled av-blog-meta-tag-disabled  '><\/div>\n","protected":false},"excerpt":{"rendered":"","protected":false},"author":1,"featured_media":8051,"comment_status":"open","ping_status":"open","sticky":false,"template":"","format":"standard","meta":{"footnotes":""},"categories":[46],"tags":[],"class_list":["post-8050","post","type-post","status-publish","format-standard","has-post-thumbnail","hentry","category-salud"],"jetpack_featured_media_url":"https:\/\/radiorevelacionfm.cl\/wp-content\/uploads\/2021\/08\/cochrane4_optimized.jpg","_links":{"self":[{"href":"https:\/\/radiorevelacionfm.cl\/index.php?rest_route=\/wp\/v2\/posts\/8050","targetHints":{"allow":["GET"]}}],"collection":[{"href":"https:\/\/radiorevelacionfm.cl\/index.php?rest_route=\/wp\/v2\/posts"}],"about":[{"href":"https:\/\/radiorevelacionfm.cl\/index.php?rest_route=\/wp\/v2\/types\/post"}],"author":[{"embeddable":true,"href":"https:\/\/radiorevelacionfm.cl\/index.php?rest_route=\/wp\/v2\/users\/1"}],"replies":[{"embeddable":true,"href":"https:\/\/radiorevelacionfm.cl\/index.php?rest_route=%2Fwp%2Fv2%2Fcomments&post=8050"}],"version-history":[{"count":2,"href":"https:\/\/radiorevelacionfm.cl\/index.php?rest_route=\/wp\/v2\/posts\/8050\/revisions"}],"predecessor-version":[{"id":8053,"href":"https:\/\/radiorevelacionfm.cl\/index.php?rest_route=\/wp\/v2\/posts\/8050\/revisions\/8053"}],"wp:featuredmedia":[{"embeddable":true,"href":"https:\/\/radiorevelacionfm.cl\/index.php?rest_route=\/wp\/v2\/media\/8051"}],"wp:attachment":[{"href":"https:\/\/radiorevelacionfm.cl\/index.php?rest_route=%2Fwp%2Fv2%2Fmedia&parent=8050"}],"wp:term":[{"taxonomy":"category","embeddable":true,"href":"https:\/\/radiorevelacionfm.cl\/index.php?rest_route=%2Fwp%2Fv2%2Fcategories&post=8050"},{"taxonomy":"post_tag","embeddable":true,"href":"https:\/\/radiorevelacionfm.cl\/index.php?rest_route=%2Fwp%2Fv2%2Ftags&post=8050"}],"curies":[{"name":"wp","href":"https:\/\/api.w.org\/{rel}","templated":true}]}}