{"id":8047,"date":"2021-08-30T13:38:18","date_gmt":"2021-08-30T16:38:18","guid":{"rendered":"https:\/\/radiorevelacionfm.cl\/?p=8047"},"modified":"2021-08-30T13:38:18","modified_gmt":"2021-08-30T16:38:18","slug":"sercotec-promueve-programa-de-fortalecimiento-de-barrios-comerciales-en-puyuhuapi","status":"publish","type":"post","link":"https:\/\/radiorevelacionfm.cl\/?p=8047","title":{"rendered":"Sercotec promueve programa de fortalecimiento de barrios comerciales en Puyuhuapi"},"content":{"rendered":"<div class=\"flex_column av_one_full  flex_column_div av-zero-column-padding first  avia-builder-el-0  el_before_av_one_full  avia-builder-el-first  \" style='border-radius:0px; '><div  class='avia-image-container  av-styling-    avia-builder-el-1  avia-builder-el-no-sibling  avia-align-center '  itemprop=\"image\" itemscope=\"itemscope\" itemtype=\"https:\/\/schema.org\/ImageObject\"  ><div class='avia-image-container-inner'><div class='avia-image-overlay-wrap'><img decoding=\"async\" class='wp-image-8048 avia-img-lazy-loading-not-8048 avia_image' src=\"https:\/\/radiorevelacionfm.cl\/wp-content\/uploads\/2021\/08\/BARRIOS-COMERCIALES-PUYUHUAPI-0-1-1.jpg\" alt='' title='BARRIOS COMERCIALES PUYUHUAPI (0) (1) (1)' height=\"600\" width=\"983\"  itemprop=\"thumbnailUrl\" srcset=\"https:\/\/radiorevelacionfm.cl\/wp-content\/uploads\/2021\/08\/BARRIOS-COMERCIALES-PUYUHUAPI-0-1-1.jpg 983w, https:\/\/radiorevelacionfm.cl\/wp-content\/uploads\/2021\/08\/BARRIOS-COMERCIALES-PUYUHUAPI-0-1-1-300x183.jpg 300w, https:\/\/radiorevelacionfm.cl\/wp-content\/uploads\/2021\/08\/BARRIOS-COMERCIALES-PUYUHUAPI-0-1-1-768x469.jpg 768w, https:\/\/radiorevelacionfm.cl\/wp-content\/uploads\/2021\/08\/BARRIOS-COMERCIALES-PUYUHUAPI-0-1-1-705x430.jpg 705w, https:\/\/radiorevelacionfm.cl\/wp-content\/uploads\/2021\/08\/BARRIOS-COMERCIALES-PUYUHUAPI-0-1-1-600x366.jpg 600w\" sizes=\"(max-width: 983px) 100vw, 983px\" \/><\/div><\/div><\/div><\/div><div class=\"flex_column av_one_full  flex_column_div av-zero-column-padding first  avia-builder-el-2  el_after_av_one_full  el_before_av_one_full  column-top-margin\" style='border-radius:0px; '><section class=\"av_textblock_section \"  itemscope=\"itemscope\" itemtype=\"https:\/\/schema.org\/BlogPosting\" itemprop=\"blogPost\" ><div class='avia_textblock  '   itemprop=\"text\" ><p style=\"text-align: center;\"><span style=\"font-size: 18pt;\"><b>Sercotec promueve programa de fortalecimiento de barrios comerciales en Puyuhuapi<\/b><\/span><\/p>\n<div id=\"gtx-trans\" style=\"position: absolute; left: -50px; top: 4.31534px;\">\n<div class=\"gtx-trans-icon\"><\/div>\n<\/div>\n<\/div><\/section><\/div><div class=\"flex_column av_one_full  flex_column_div av-zero-column-padding first  avia-builder-el-4  el_after_av_one_full  el_before_av_hr  column-top-margin\" style='border-radius:0px; '><section class=\"av_textblock_section \"  itemscope=\"itemscope\" itemtype=\"https:\/\/schema.org\/BlogPosting\" itemprop=\"blogPost\" ><div class='avia_textblock  '   itemprop=\"text\" ><p style=\"font-weight: 400; text-align: justify;\">A trav\u00e9s de una visita al comercio minorista de la localidad, la Directora Regional de Sercotec Cinthya Pantanalli, inspeccion\u00f3 los avances del programa \u201cBarrio Comercial Puyuhuapi\u201d, el cual busca fortalecer a las Mipes y el peque\u00f1o comercio de esta zona austral de la regi\u00f3n de Ays\u00e9n.<\/p>\n<p style=\"font-weight: 400; text-align: justify;\">En este sentido, la Directora Pantanalli valor\u00f3 la acci\u00f3n que Sercotec implementa en este bello sector de la comuna de Cisnes \u201cesta iniciativa permite visibilizar los distintos puntos de ventas, locales comerciales y entrega de productos que los comerciantes mantienen en Puyuhuapi. Tambi\u00e9n fomenta la asociatividad y colaboraci\u00f3n con otras organizaciones de la sociedad civil que pertenecen al barrio, por eso que este programa tiene un gran impacto territorial\u201d.<\/p>\n<p style=\"font-weight: 400; text-align: justify;\">La Directora de Sercotec en la regi\u00f3n, agreg\u00f3 adem\u00e1s que \u201cen el caso del barrio comercial de Puyuhuapi, a cargo de la Sra. Juanita Altamirano en su calidad de Presidenta, pudo obtener un punto limpio de reciclaje de basura domiciliaria y adem\u00e1s un letrero caracter\u00edstico del sector comercial denominado t\u00f3tem. Acciones que sin duda fortalecen la actividad comercial en esta parte austral de nuestra regi\u00f3n\u201d.<\/p>\n<p style=\"font-weight: 400; text-align: justify;\">Por su parte el Seremi de Econom\u00eda Carlos Pacheco valor\u00f3 la instancia \u201ceste programa que ejecuta Sercotec refuerza el trabajo que como Econom\u00eda estamos desarrollando en la regi\u00f3n, entregando miles de bonos a nuestras Mipes en el marco de la pandemia, entregando capacitaci\u00f3n y ayuda t\u00e9cnica tanto desde Corfo como tambi\u00e9n de Sercotec y en algunos casos por medio de la promoci\u00f3n que realiza en el sector turismo Sernatur. Por eso valoramos esta instancia que permite descentralizar las pol\u00edticas p\u00fablicas ligadas a nuestros emprendedores en beneficio de los peque\u00f1os comerciantes de Puyuhuapi\u201d.<\/p>\n<p style=\"font-weight: 400; text-align: justify;\">El Barrio Comercial Puyuhuapi, se encuentra emplazado en pleno centro de la localidad, se destaca principalmente por su desarrollo comercial relacionado a la actividad tur\u00edstica, barrio en constante crecimiento. Poblado cercano al Parque Queulat, uno de los principales hitos tur\u00edsticos de la regi\u00f3n, con gran visita de turistas nacionales y extranjeros en temporada alta.<\/p>\n<p style=\"font-weight: 400; text-align: justify;\">Son hoy d\u00eda 51 locales asociados al barrio, negocios tales como: f\u00e1brica de alfombras, cervecer\u00eda, minimarket, cafeter\u00edas, servicios de alojamiento, entre otros. Se destaca adem\u00e1s el asentamiento de colonos alemanes y chilotes que dio un estilo de dise\u00f1o de las construcciones con identidad.<\/p>\n<p style=\"font-weight: 400; text-align: justify;\"><strong>Actividades<\/strong><\/p>\n<p style=\"font-weight: 400; text-align: justify;\">El primer a\u00f1o de ejecuci\u00f3n de este programa se desarroll\u00f3 un manual de marca, un diagn\u00f3stico completo del barrio, talleres de capacitaci\u00f3n y el desarrollo de un plan de desarrollo urbano.<\/p>\n<p style=\"font-weight: 400; text-align: justify;\">En este segundo a\u00f1o de ejecuci\u00f3n se realiz\u00f3 la entrega de productos sanitarios, de bolsas ecol\u00f3gicas, infograf\u00edas \u201ccampa\u00f1a covid 19\u201d, realizaci\u00f3n de videos promocionales del barrio y localidad, estacionamiento para bicicletas, implementaci\u00f3n de 2 jardineras m\u00e1s t\u00f3tem informativos, implementaci\u00f3n de se\u00f1al\u00e9tica num\u00e9rica en cada local del barrio, desarrollo de una plataforma web, realizaci\u00f3n de talleres en habilidades blandas y redes sociales, entrega de luminarias led de emergencia para cada local y entrega de kit solar para t\u00f3tem y adquisici\u00f3n set de higienizaci\u00f3n para el barrio.<\/p>\n<\/div><\/section><\/div><div  style='height:50px' class='hr hr-invisible   avia-builder-el-6  el_after_av_one_full  el_before_av_social_share '><span class='hr-inner ' ><span class='hr-inner-style'><\/span><\/span><\/div><\/p>\n<div  class='av-social-sharing-box  avia-builder-el-7  el_after_av_hr  el_before_av_hr  '><div class='av-share-box'><h5 class='av-share-link-description av-no-toc '>Compartir esta noticia<\/h5><ul class='av-share-box-list noLightbox'><li class='av-share-link av-social-link-facebook' ><a target=\"_blank\" aria-label=\"Compartir en Facebook\" href='https:\/\/www.facebook.com\/sharer.php?u=https:\/\/radiorevelacionfm.cl\/?p=8047&#038;t=Sercotec%20promueve%20programa%20de%20fortalecimiento%20de%20barrios%20comerciales%20en%20Puyuhuapi' aria-hidden='false' data-av_icon='\ue8f3' data-av_iconfont='entypo-fontello' title='' data-avia-related-tooltip='Compartir en Facebook' rel=\"noopener\"><span class='avia_hidden_link_text'>Compartir en Facebook<\/span><\/a><\/li><li class='av-share-link av-social-link-twitter' ><a target=\"_blank\" aria-label=\"Compartir en Twitter\" href='https:\/\/twitter.com\/share?text=Sercotec%20promueve%20programa%20de%20fortalecimiento%20de%20barrios%20comerciales%20en%20Puyuhuapi&#038;url=https:\/\/radiorevelacionfm.cl\/?p=8047' aria-hidden='false' data-av_icon='\ue8f1' data-av_iconfont='entypo-fontello' title='' data-avia-related-tooltip='Compartir en Twitter' rel=\"noopener\"><span class='avia_hidden_link_text'>Compartir en Twitter<\/span><\/a><\/li><li class='av-share-link av-social-link-whatsapp' ><a target=\"_blank\" aria-label=\"Compartir en Whatsapp\" href='https:\/\/api.whatsapp.com\/send?text=https:\/\/radiorevelacionfm.cl\/?p=8047' aria-hidden='false' data-av_icon='\uf232' data-av_iconfont='entypo-fontello' title='' data-avia-related-tooltip='Compartir en Whatsapp' rel=\"noopener\"><span class='avia_hidden_link_text'>Compartir en Whatsapp<\/span><\/a><\/li><li class='av-share-link av-social-link-linkedin' ><a target=\"_blank\" aria-label=\"Compartir en LinkedIn\" href='https:\/\/linkedin.com\/shareArticle?mini=true&#038;title=Sercotec%20promueve%20programa%20de%20fortalecimiento%20de%20barrios%20comerciales%20en%20Puyuhuapi&#038;url=https:\/\/radiorevelacionfm.cl\/?p=8047' aria-hidden='false' data-av_icon='\ue8fc' data-av_iconfont='entypo-fontello' title='' data-avia-related-tooltip='Compartir en LinkedIn' rel=\"noopener\"><span class='avia_hidden_link_text'>Compartir en LinkedIn<\/span><\/a><\/li><li class='av-share-link av-social-link-mail' ><a  aria-label=\"Compartir por correo\" href='mailto:?subject=Sercotec%20promueve%20programa%20de%20fortalecimiento%20de%20barrios%20comerciales%20en%20Puyuhuapi&#038;body=https:\/\/radiorevelacionfm.cl\/?p=8047' aria-hidden='false' data-av_icon='\ue805' data-av_iconfont='entypo-fontello' title='' data-avia-related-tooltip='Compartir por correo'><span class='avia_hidden_link_text'>Compartir por correo<\/span><\/a><\/li><\/ul><\/div><\/div>\n<div  style='height:50px' class='hr hr-invisible   avia-builder-el-8  el_after_av_social_share  el_before_av_comments_list '><span class='hr-inner ' ><span class='hr-inner-style'><\/span><\/span><\/div>\n<div  class='av-buildercomment  av-blog-meta-html-info-disabled av-blog-meta-tag-disabled  '><\/div>\n","protected":false},"excerpt":{"rendered":"","protected":false},"author":1,"featured_media":8048,"comment_status":"open","ping_status":"open","sticky":false,"template":"","format":"standard","meta":{"footnotes":""},"categories":[45],"tags":[],"class_list":["post-8047","post","type-post","status-publish","format-standard","has-post-thumbnail","hentry","category-comercio"],"jetpack_featured_media_url":"https:\/\/radiorevelacionfm.cl\/wp-content\/uploads\/2021\/08\/BARRIOS-COMERCIALES-PUYUHUAPI-0-1-1.jpg","_links":{"self":[{"href":"https:\/\/radiorevelacionfm.cl\/index.php?rest_route=\/wp\/v2\/posts\/8047","targetHints":{"allow":["GET"]}}],"collection":[{"href":"https:\/\/radiorevelacionfm.cl\/index.php?rest_route=\/wp\/v2\/posts"}],"about":[{"href":"https:\/\/radiorevelacionfm.cl\/index.php?rest_route=\/wp\/v2\/types\/post"}],"author":[{"embeddable":true,"href":"https:\/\/radiorevelacionfm.cl\/index.php?rest_route=\/wp\/v2\/users\/1"}],"replies":[{"embeddable":true,"href":"https:\/\/radiorevelacionfm.cl\/index.php?rest_route=%2Fwp%2Fv2%2Fcomments&post=8047"}],"version-history":[{"count":1,"href":"https:\/\/radiorevelacionfm.cl\/index.php?rest_route=\/wp\/v2\/posts\/8047\/revisions"}],"predecessor-version":[{"id":8049,"href":"https:\/\/radiorevelacionfm.cl\/index.php?rest_route=\/wp\/v2\/posts\/8047\/revisions\/8049"}],"wp:featuredmedia":[{"embeddable":true,"href":"https:\/\/radiorevelacionfm.cl\/index.php?rest_route=\/wp\/v2\/media\/8048"}],"wp:attachment":[{"href":"https:\/\/radiorevelacionfm.cl\/index.php?rest_route=%2Fwp%2Fv2%2Fmedia&parent=8047"}],"wp:term":[{"taxonomy":"category","embeddable":true,"href":"https:\/\/radiorevelacionfm.cl\/index.php?rest_route=%2Fwp%2Fv2%2Fcategories&post=8047"},{"taxonomy":"post_tag","embeddable":true,"href":"https:\/\/radiorevelacionfm.cl\/index.php?rest_route=%2Fwp%2Fv2%2Ftags&post=8047"}],"curies":[{"name":"wp","href":"https:\/\/api.w.org\/{rel}","templated":true}]}}