{"id":8044,"date":"2021-08-30T13:12:35","date_gmt":"2021-08-30T16:12:35","guid":{"rendered":"https:\/\/radiorevelacionfm.cl\/?p=8044"},"modified":"2021-08-30T13:12:35","modified_gmt":"2021-08-30T16:12:35","slug":"vecinos-de-el-salto-exponen-al-alcalde-uribe-problematicas-urbanas-existentes-en-la-zona","status":"publish","type":"post","link":"https:\/\/radiorevelacionfm.cl\/?p=8044","title":{"rendered":"Vecinos de El Salto exponen al alcalde Uribe problem\u00e1ticas urbanas existentes en la zona"},"content":{"rendered":"<div class=\"flex_column av_one_full  flex_column_div av-zero-column-padding first  avia-builder-el-0  el_before_av_one_full  avia-builder-el-first  \" style='border-radius:0px; '><div  class='avia-image-container  av-styling-    avia-builder-el-1  avia-builder-el-no-sibling  avia-align-center '  itemprop=\"image\" itemscope=\"itemscope\" itemtype=\"https:\/\/schema.org\/ImageObject\"  ><div class='avia-image-container-inner'><div class='avia-image-overlay-wrap'><img decoding=\"async\" class='wp-image-8045 avia-img-lazy-loading-not-8045 avia_image' src=\"https:\/\/radiorevelacionfm.cl\/wp-content\/uploads\/2021\/08\/img-elsalto-muni5-1-1.jpeg\" alt='' title='img-elsalto-muni5 (1) (1)' height=\"600\" width=\"900\"  itemprop=\"thumbnailUrl\" srcset=\"https:\/\/radiorevelacionfm.cl\/wp-content\/uploads\/2021\/08\/img-elsalto-muni5-1-1.jpeg 900w, https:\/\/radiorevelacionfm.cl\/wp-content\/uploads\/2021\/08\/img-elsalto-muni5-1-1-300x200.jpeg 300w, https:\/\/radiorevelacionfm.cl\/wp-content\/uploads\/2021\/08\/img-elsalto-muni5-1-1-768x512.jpeg 768w, https:\/\/radiorevelacionfm.cl\/wp-content\/uploads\/2021\/08\/img-elsalto-muni5-1-1-705x470.jpeg 705w, https:\/\/radiorevelacionfm.cl\/wp-content\/uploads\/2021\/08\/img-elsalto-muni5-1-1-600x400.jpeg 600w\" sizes=\"(max-width: 900px) 100vw, 900px\" \/><\/div><\/div><\/div><\/div><div class=\"flex_column av_one_full  flex_column_div av-zero-column-padding first  avia-builder-el-2  el_after_av_one_full  el_before_av_one_full  column-top-margin\" style='border-radius:0px; '><section class=\"av_textblock_section \"  itemscope=\"itemscope\" itemtype=\"https:\/\/schema.org\/BlogPosting\" itemprop=\"blogPost\" ><div class='avia_textblock  '   itemprop=\"text\" ><p style=\"text-align: center;\"><strong><span style=\"font-size: 18pt;\">Vecinos de El Salto exponen al alcalde Uribe problem\u00e1ticas urbanas existentes en la zona<\/span><\/strong><\/p>\n<div id=\"gtx-trans\" style=\"position: absolute; left: -50px; top: 4.31534px;\">\n<div class=\"gtx-trans-icon\"><\/div>\n<\/div>\n<\/div><\/section><\/div><div class=\"flex_column av_one_full  flex_column_div av-zero-column-padding first  avia-builder-el-4  el_after_av_one_full  el_before_av_hr  column-top-margin\" style='border-radius:0px; '><section class=\"av_textblock_section \"  itemscope=\"itemscope\" itemtype=\"https:\/\/schema.org\/BlogPosting\" itemprop=\"blogPost\" ><div class='avia_textblock  '   itemprop=\"text\" ><p style=\"text-align: justify;\">Con motivo de revisar las diversas situaciones que hoy afectan la calidad de vida de los vecinos y vecinas que viven en el sector de El Salto en la comuna de Ays\u00e9n. El alcalde, Julio Uribe Alvarado, lleg\u00f3 hasta la zona y en una reuni\u00f3n ampliada con los habitantes pudieron abordar las tem\u00e1ticas de seguridad p\u00fablica, conectividad y medio ambiente. En el encuentro, el l\u00edder comunal asumi\u00f3 su compromiso por llevar adelante un trabajo municipal que permita subsanar las deficiencias del pasado.<\/p>\n<p style=\"text-align: justify;\">Una de las preocupaciones m\u00e1s importantes manifestadas por el actual edil de la comuna de Ays\u00e9n fue el estado de abandono en que se encuentra, a su juicio el sector. A\u00f1adiendo que \u201choy d\u00eda los proyectos que est\u00e1n en ejecuci\u00f3n nos contaban que se encuentran mal ejecutados, que les han cerrado alcantarillas, se inundan, existen problemas con su sede social, que la empresa de redes que se encuentra en el sector estar\u00eda contaminando. As\u00ed es que, vamos a hacer todas esas averiguaciones y ver c\u00f3mo los podemos ayudar, con una disposici\u00f3n tremenda. Ellos est\u00e1n muy necesitados\u201d.<\/p>\n<p style=\"text-align: justify;\">Por lo que las acciones de la Casa Edilicia, mencion\u00f3 Uribe Alvarado, est\u00e1n focalizadas en la formulaci\u00f3n de iniciativas que les permitan contar efectivamente con un correcto sistema de alcantarillas, fuentes de iluminaci\u00f3n y regularizaci\u00f3n adecuada de pasajes, entre otras materias. \u201cVamos a ponerle todo el empe\u00f1o para poder ayudarlos\u2026 y estaremos informando los avances de nuestro apoyo como municipio\u201d sentenci\u00f3 el alcalde de Ays\u00e9n.<\/p>\n<p style=\"text-align: justify;\">Liliana G\u00f3mez, asistente al encuentro, agradeci\u00f3 la disposici\u00f3n del edil aysenino para escuchar lo expuesto por los vecinos y vecinas, \u201cel tema de las calles que no tiene una culminaci\u00f3n, no han entregado el trabajo; problemas de luminarias, muchas cosas pero estamos bien tranquilos como vecinos por la visita y sabemos que todo va a salir bien, as\u00ed es que a esperar ya pronto una pr\u00f3xima reuni\u00f3n para concretar los temas que tenemos que solucionar\u201d.<\/p>\n<p style=\"text-align: justify;\">Finalmente, la vecina del sector, Lucy Alvear, manifest\u00f3 su alegr\u00eda tras la instancia sostenida con el alcalde Julio Uribe y la voluntad observada por avanzar en un trabajo mancomunado por la zona, debido a las deficiencias que presenta en la actualidad. \u201cComo vecinos tenemos que juntarnos porque hay un pasaje que se encuentra en una dificultad, as\u00ed es que tenemos que reunirnos para revisar c\u00f3mo poder regularizar el pasaje y tambi\u00e9n ver el asunto de las cunetas de aguas lluvias que se encuentran tapadas, esas son las cosas que estamos viendo junto al alcalde\u201d, sentenci\u00f3 la habitante de El Salto.<\/p>\n<\/div><\/section><\/div><div  style='height:50px' class='hr hr-invisible   avia-builder-el-6  el_after_av_one_full  el_before_av_social_share '><span class='hr-inner ' ><span class='hr-inner-style'><\/span><\/span><\/div><\/p>\n<div  class='av-social-sharing-box  avia-builder-el-7  el_after_av_hr  el_before_av_hr  '><div class='av-share-box'><h5 class='av-share-link-description av-no-toc '>Compartir esta noticia<\/h5><ul class='av-share-box-list noLightbox'><li class='av-share-link av-social-link-facebook' ><a target=\"_blank\" aria-label=\"Compartir en Facebook\" href='https:\/\/www.facebook.com\/sharer.php?u=https:\/\/radiorevelacionfm.cl\/?p=8044&#038;t=Vecinos%20de%20El%20Salto%20exponen%20al%20alcalde%20Uribe%20problem%C3%A1ticas%20urbanas%20existentes%20en%20la%20zona' aria-hidden='false' data-av_icon='\ue8f3' data-av_iconfont='entypo-fontello' title='' data-avia-related-tooltip='Compartir en Facebook' rel=\"noopener\"><span class='avia_hidden_link_text'>Compartir en Facebook<\/span><\/a><\/li><li class='av-share-link av-social-link-twitter' ><a target=\"_blank\" aria-label=\"Compartir en Twitter\" href='https:\/\/twitter.com\/share?text=Vecinos%20de%20El%20Salto%20exponen%20al%20alcalde%20Uribe%20problem%C3%A1ticas%20urbanas%20existentes%20en%20la%20zona&#038;url=https:\/\/radiorevelacionfm.cl\/?p=8044' aria-hidden='false' data-av_icon='\ue8f1' data-av_iconfont='entypo-fontello' title='' data-avia-related-tooltip='Compartir en Twitter' rel=\"noopener\"><span class='avia_hidden_link_text'>Compartir en Twitter<\/span><\/a><\/li><li class='av-share-link av-social-link-whatsapp' ><a target=\"_blank\" aria-label=\"Compartir en Whatsapp\" href='https:\/\/api.whatsapp.com\/send?text=https:\/\/radiorevelacionfm.cl\/?p=8044' aria-hidden='false' data-av_icon='\uf232' data-av_iconfont='entypo-fontello' title='' data-avia-related-tooltip='Compartir en Whatsapp' rel=\"noopener\"><span class='avia_hidden_link_text'>Compartir en Whatsapp<\/span><\/a><\/li><li class='av-share-link av-social-link-linkedin' ><a target=\"_blank\" aria-label=\"Compartir en LinkedIn\" href='https:\/\/linkedin.com\/shareArticle?mini=true&#038;title=Vecinos%20de%20El%20Salto%20exponen%20al%20alcalde%20Uribe%20problem%C3%A1ticas%20urbanas%20existentes%20en%20la%20zona&#038;url=https:\/\/radiorevelacionfm.cl\/?p=8044' aria-hidden='false' data-av_icon='\ue8fc' data-av_iconfont='entypo-fontello' title='' data-avia-related-tooltip='Compartir en LinkedIn' rel=\"noopener\"><span class='avia_hidden_link_text'>Compartir en LinkedIn<\/span><\/a><\/li><li class='av-share-link av-social-link-mail' ><a  aria-label=\"Compartir por correo\" href='mailto:?subject=Vecinos%20de%20El%20Salto%20exponen%20al%20alcalde%20Uribe%20problem%C3%A1ticas%20urbanas%20existentes%20en%20la%20zona&#038;body=https:\/\/radiorevelacionfm.cl\/?p=8044' aria-hidden='false' data-av_icon='\ue805' data-av_iconfont='entypo-fontello' title='' data-avia-related-tooltip='Compartir por correo'><span class='avia_hidden_link_text'>Compartir por correo<\/span><\/a><\/li><\/ul><\/div><\/div>\n<div  style='height:50px' class='hr hr-invisible   avia-builder-el-8  el_after_av_social_share  el_before_av_comments_list '><span class='hr-inner ' ><span class='hr-inner-style'><\/span><\/span><\/div>\n<div  class='av-buildercomment  av-blog-meta-html-info-disabled av-blog-meta-tag-disabled  '><\/div>\n","protected":false},"excerpt":{"rendered":"","protected":false},"author":1,"featured_media":8045,"comment_status":"open","ping_status":"open","sticky":false,"template":"","format":"standard","meta":{"footnotes":""},"categories":[38],"tags":[],"class_list":["post-8044","post","type-post","status-publish","format-standard","has-post-thumbnail","hentry","category-regional"],"jetpack_featured_media_url":"https:\/\/radiorevelacionfm.cl\/wp-content\/uploads\/2021\/08\/img-elsalto-muni5-1-1.jpeg","_links":{"self":[{"href":"https:\/\/radiorevelacionfm.cl\/index.php?rest_route=\/wp\/v2\/posts\/8044","targetHints":{"allow":["GET"]}}],"collection":[{"href":"https:\/\/radiorevelacionfm.cl\/index.php?rest_route=\/wp\/v2\/posts"}],"about":[{"href":"https:\/\/radiorevelacionfm.cl\/index.php?rest_route=\/wp\/v2\/types\/post"}],"author":[{"embeddable":true,"href":"https:\/\/radiorevelacionfm.cl\/index.php?rest_route=\/wp\/v2\/users\/1"}],"replies":[{"embeddable":true,"href":"https:\/\/radiorevelacionfm.cl\/index.php?rest_route=%2Fwp%2Fv2%2Fcomments&post=8044"}],"version-history":[{"count":1,"href":"https:\/\/radiorevelacionfm.cl\/index.php?rest_route=\/wp\/v2\/posts\/8044\/revisions"}],"predecessor-version":[{"id":8046,"href":"https:\/\/radiorevelacionfm.cl\/index.php?rest_route=\/wp\/v2\/posts\/8044\/revisions\/8046"}],"wp:featuredmedia":[{"embeddable":true,"href":"https:\/\/radiorevelacionfm.cl\/index.php?rest_route=\/wp\/v2\/media\/8045"}],"wp:attachment":[{"href":"https:\/\/radiorevelacionfm.cl\/index.php?rest_route=%2Fwp%2Fv2%2Fmedia&parent=8044"}],"wp:term":[{"taxonomy":"category","embeddable":true,"href":"https:\/\/radiorevelacionfm.cl\/index.php?rest_route=%2Fwp%2Fv2%2Fcategories&post=8044"},{"taxonomy":"post_tag","embeddable":true,"href":"https:\/\/radiorevelacionfm.cl\/index.php?rest_route=%2Fwp%2Fv2%2Ftags&post=8044"}],"curies":[{"name":"wp","href":"https:\/\/api.w.org\/{rel}","templated":true}]}}