{"id":8041,"date":"2021-09-02T12:14:41","date_gmt":"2021-09-02T15:14:41","guid":{"rendered":"https:\/\/radiorevelacionfm.cl\/?p=8041"},"modified":"2021-09-02T12:14:41","modified_gmt":"2021-09-02T15:14:41","slug":"arrendatarios-rebeldes-podrian-ser-desalojados-en-un-plazo-de-10-dias","status":"publish","type":"post","link":"https:\/\/radiorevelacionfm.cl\/?p=8041","title":{"rendered":"Arrendatarios rebeldes podr\u00edan ser desalojados en un plazo de 10 d\u00edas"},"content":{"rendered":"<div class=\"flex_column av_one_full  flex_column_div av-zero-column-padding first  avia-builder-el-0  el_before_av_one_full  avia-builder-el-first  \" style='border-radius:0px; '><div  class='avia-image-container  av-styling-    avia-builder-el-1  avia-builder-el-no-sibling  avia-align-center '  itemprop=\"image\" itemscope=\"itemscope\" itemtype=\"https:\/\/schema.org\/ImageObject\"  ><div class='avia-image-container-inner'><div class='avia-image-overlay-wrap'><img decoding=\"async\" class='wp-image-8042 avia-img-lazy-loading-not-8042 avia_image' src=\"https:\/\/radiorevelacionfm.cl\/wp-content\/uploads\/2021\/08\/Desalojar-2-1.jpeg\" alt='' title='Desalojar (2) (1)' height=\"600\" width=\"1067\"  itemprop=\"thumbnailUrl\" srcset=\"https:\/\/radiorevelacionfm.cl\/wp-content\/uploads\/2021\/08\/Desalojar-2-1.jpeg 1067w, https:\/\/radiorevelacionfm.cl\/wp-content\/uploads\/2021\/08\/Desalojar-2-1-300x169.jpeg 300w, https:\/\/radiorevelacionfm.cl\/wp-content\/uploads\/2021\/08\/Desalojar-2-1-1030x579.jpeg 1030w, https:\/\/radiorevelacionfm.cl\/wp-content\/uploads\/2021\/08\/Desalojar-2-1-768x432.jpeg 768w, https:\/\/radiorevelacionfm.cl\/wp-content\/uploads\/2021\/08\/Desalojar-2-1-705x396.jpeg 705w, https:\/\/radiorevelacionfm.cl\/wp-content\/uploads\/2021\/08\/Desalojar-2-1-600x337.jpeg 600w\" sizes=\"(max-width: 1067px) 100vw, 1067px\" \/><\/div><\/div><\/div><\/div><div class=\"flex_column av_one_full  flex_column_div av-zero-column-padding first  avia-builder-el-2  el_after_av_one_full  el_before_av_one_full  column-top-margin\" style='border-radius:0px; '><section class=\"av_textblock_section \"  itemscope=\"itemscope\" itemtype=\"https:\/\/schema.org\/BlogPosting\" itemprop=\"blogPost\" ><div class='avia_textblock  '   itemprop=\"text\" ><h1 id=\"m_-1289797075383936505contenido-ppal\" style=\"text-align: center;\"><span style=\"font-size: 18pt;\">Arrendatarios rebeldes podr\u00edan ser desalojados en un plazo de 10 d\u00edas<\/span><\/h1>\n<div id=\"gtx-trans\" style=\"position: absolute; left: -50px; top: 4.31534px;\">\n<div class=\"gtx-trans-icon\"><\/div>\n<\/div>\n<\/div><\/section><\/div><div class=\"flex_column av_one_full  flex_column_div av-zero-column-padding first  avia-builder-el-4  el_after_av_one_full  el_before_av_hr  column-top-margin\" style='border-radius:0px; '><section class=\"av_textblock_section \"  itemscope=\"itemscope\" itemtype=\"https:\/\/schema.org\/BlogPosting\" itemprop=\"blogPost\" ><div class='avia_textblock  '   itemprop=\"text\" ><p style=\"text-align: justify;\">La Comisi\u00f3n de Constituci\u00f3n inici\u00f3 el estudio de una iniciativa que plantea un procedimiento monitorio para el cobro de rentas de arrendamiento en aquellos casos en que han pasado meses de morosidad o se han producido da\u00f1os en los inmuebles.<\/p>\n<p style=\"text-align: justify;\">Son varios los casos que se han conocido a trav\u00e9s de los medios de comunicaci\u00f3n, de personas que no han pagado en meses los arriendos de las casas en que habitan o que incluso han provocado severos da\u00f1os sin que exista alg\u00fan mecanismo para que los propietarios de los inmuebles puedan recuperar el dinero o sus inmuebles.<\/p>\n<p style=\"text-align: justify;\">Pero esto podr\u00eda cambiar de aprobarse el proyecto, en segundo tr\u00e1mite, que busca incorporar la restituci\u00f3n anticipada de inmuebles en juicios precario y de terminaci\u00f3n de arrendamiento y de comodato, y que tambi\u00e9n contempla un procedimiento monitorio para el cobro de rentas.<\/p>\n<p style=\"text-align: justify;\">La iniciativa comenz\u00f3 a ser estudiada por la\u00a0<a href=\"http:\/\/www.senado.cl\/appsenado\/index.php?mo=comisiones&amp;ac=ficha&amp;id=186&amp;tipo_comision=10\">Comisi\u00f3n de Constituci\u00f3n Legislaci\u00f3n, Justicia y Reglamento<\/a>\u00a0que, en una primera instancia, conoci\u00f3 los detalles del proyecto de boca de uno de sus autores, el diputado Gonzalo Fuenzalida.<\/p>\n<p style=\"text-align: justify;\">En lo fundamental, se\u00f1al\u00f3 que existen casos en que arrendatarios deben meses y que cuando los due\u00f1os quieren recuperar el inmueble se demora entre un a\u00f1o o un a\u00f1o y medio,\u00a0 y a veces se entregan con millonarias deudas por servicios b\u00e1sicos y da\u00f1os.<\/p>\n<p style=\"text-align: justify;\">Agreg\u00f3 que al fijarse un procedimiento monitorio, que ya existe en la justicia penal, la idea es que pueda recuperar r\u00e1pidamente su propiedad, a lo m\u00e1s en un mes.<\/p>\n<p style=\"text-align: justify;\"><strong><span class=\"subtit\">OCUPAS<\/span><\/strong><\/p>\n<p style=\"text-align: justify;\">Uno de los puntos que surgi\u00f3 durante el an\u00e1lisis del proyecto, fue el de incorporar alguna medida que permita dar soluci\u00f3n a la situaci\u00f3n de los denominados \u00abocupas\u00bb que habitan casas sin moradores.<\/p>\n<p style=\"text-align: justify;\">En tal sentido, surgi\u00f3 la idea de incorporar una figura conocida como<strong>\u00a0la demanda \u00abinnominada\u00bb<\/strong> que se ocupa en pa\u00edses como Espa\u00f1a, asunto que qued\u00f3 en discutirse una vez que la Comisi\u00f3n escuche las opiniones de profesores de derecho civil y de derecho procesal penal, lo que est\u00e1 contemplado para la sesi\u00f3n de este martes.<\/p>\n<p style=\"text-align: justify;\">Cabe recordar que la idea matriz o fundamental del proyecto consiste en establecer un procedimiento m\u00e1s r\u00e1pido para que el arrendador pueda, en los supuestos y con los requisitos que el proyecto establece, recuperar el bien ra\u00edz arrendado a lo que se agrega obtener el pago de las sumas que por concepto del contrato de arrendamiento se le adeudan.<\/p>\n<p style=\"text-align: justify;\">En este sentido, el proyecto propone modificar la regulaci\u00f3n contemplada en el C\u00f3digo de Procedimiento Civil, con el fin de incorporar una nueva medida precautoria: la restituci\u00f3n anticipada de un inmueble, sin previo desahucio; y la\u00a0incorporaci\u00f3n de un art\u00edculo que contiene hip\u00f3tesis especiales de procedencia de la nueva medida precautoria.<\/p>\n<\/div><\/section><\/div><div  style='height:50px' class='hr hr-invisible   avia-builder-el-6  el_after_av_one_full  el_before_av_social_share '><span class='hr-inner ' ><span class='hr-inner-style'><\/span><\/span><\/div><\/p>\n<div  class='av-social-sharing-box  avia-builder-el-7  el_after_av_hr  el_before_av_hr  '><div class='av-share-box'><h5 class='av-share-link-description av-no-toc '>Compartir esta noticia<\/h5><ul class='av-share-box-list noLightbox'><li class='av-share-link av-social-link-facebook' ><a target=\"_blank\" aria-label=\"Compartir en Facebook\" href='https:\/\/www.facebook.com\/sharer.php?u=https:\/\/radiorevelacionfm.cl\/?p=8041&#038;t=Arrendatarios%20rebeldes%20podr%C3%ADan%20ser%20desalojados%20en%20un%20plazo%20de%2010%20d%C3%ADas' aria-hidden='false' data-av_icon='\ue8f3' data-av_iconfont='entypo-fontello' title='' data-avia-related-tooltip='Compartir en Facebook' rel=\"noopener\"><span class='avia_hidden_link_text'>Compartir en Facebook<\/span><\/a><\/li><li class='av-share-link av-social-link-twitter' ><a target=\"_blank\" aria-label=\"Compartir en Twitter\" href='https:\/\/twitter.com\/share?text=Arrendatarios%20rebeldes%20podr%C3%ADan%20ser%20desalojados%20en%20un%20plazo%20de%2010%20d%C3%ADas&#038;url=https:\/\/radiorevelacionfm.cl\/?p=8041' aria-hidden='false' data-av_icon='\ue8f1' data-av_iconfont='entypo-fontello' title='' data-avia-related-tooltip='Compartir en Twitter' rel=\"noopener\"><span class='avia_hidden_link_text'>Compartir en Twitter<\/span><\/a><\/li><li class='av-share-link av-social-link-whatsapp' ><a target=\"_blank\" aria-label=\"Compartir en Whatsapp\" href='https:\/\/api.whatsapp.com\/send?text=https:\/\/radiorevelacionfm.cl\/?p=8041' aria-hidden='false' data-av_icon='\uf232' data-av_iconfont='entypo-fontello' title='' data-avia-related-tooltip='Compartir en Whatsapp' rel=\"noopener\"><span class='avia_hidden_link_text'>Compartir en Whatsapp<\/span><\/a><\/li><li class='av-share-link av-social-link-linkedin' ><a target=\"_blank\" aria-label=\"Compartir en LinkedIn\" href='https:\/\/linkedin.com\/shareArticle?mini=true&#038;title=Arrendatarios%20rebeldes%20podr%C3%ADan%20ser%20desalojados%20en%20un%20plazo%20de%2010%20d%C3%ADas&#038;url=https:\/\/radiorevelacionfm.cl\/?p=8041' aria-hidden='false' data-av_icon='\ue8fc' data-av_iconfont='entypo-fontello' title='' data-avia-related-tooltip='Compartir en LinkedIn' rel=\"noopener\"><span class='avia_hidden_link_text'>Compartir en LinkedIn<\/span><\/a><\/li><li class='av-share-link av-social-link-mail' ><a  aria-label=\"Compartir por correo\" href='mailto:?subject=Arrendatarios%20rebeldes%20podr%C3%ADan%20ser%20desalojados%20en%20un%20plazo%20de%2010%20d%C3%ADas&#038;body=https:\/\/radiorevelacionfm.cl\/?p=8041' aria-hidden='false' data-av_icon='\ue805' data-av_iconfont='entypo-fontello' title='' data-avia-related-tooltip='Compartir por correo'><span class='avia_hidden_link_text'>Compartir por correo<\/span><\/a><\/li><\/ul><\/div><\/div>\n<div  style='height:50px' class='hr hr-invisible   avia-builder-el-8  el_after_av_social_share  el_before_av_comments_list '><span class='hr-inner ' ><span class='hr-inner-style'><\/span><\/span><\/div>\n<div  class='av-buildercomment  av-blog-meta-html-info-disabled av-blog-meta-tag-disabled  '><\/div>\n","protected":false},"excerpt":{"rendered":"","protected":false},"author":1,"featured_media":8042,"comment_status":"open","ping_status":"open","sticky":false,"template":"","format":"standard","meta":{"footnotes":""},"categories":[57],"tags":[],"class_list":["post-8041","post","type-post","status-publish","format-standard","has-post-thumbnail","hentry","category-vivienda"],"jetpack_featured_media_url":"https:\/\/radiorevelacionfm.cl\/wp-content\/uploads\/2021\/08\/Desalojar-2-1.jpeg","_links":{"self":[{"href":"https:\/\/radiorevelacionfm.cl\/index.php?rest_route=\/wp\/v2\/posts\/8041","targetHints":{"allow":["GET"]}}],"collection":[{"href":"https:\/\/radiorevelacionfm.cl\/index.php?rest_route=\/wp\/v2\/posts"}],"about":[{"href":"https:\/\/radiorevelacionfm.cl\/index.php?rest_route=\/wp\/v2\/types\/post"}],"author":[{"embeddable":true,"href":"https:\/\/radiorevelacionfm.cl\/index.php?rest_route=\/wp\/v2\/users\/1"}],"replies":[{"embeddable":true,"href":"https:\/\/radiorevelacionfm.cl\/index.php?rest_route=%2Fwp%2Fv2%2Fcomments&post=8041"}],"version-history":[{"count":1,"href":"https:\/\/radiorevelacionfm.cl\/index.php?rest_route=\/wp\/v2\/posts\/8041\/revisions"}],"predecessor-version":[{"id":8043,"href":"https:\/\/radiorevelacionfm.cl\/index.php?rest_route=\/wp\/v2\/posts\/8041\/revisions\/8043"}],"wp:featuredmedia":[{"embeddable":true,"href":"https:\/\/radiorevelacionfm.cl\/index.php?rest_route=\/wp\/v2\/media\/8042"}],"wp:attachment":[{"href":"https:\/\/radiorevelacionfm.cl\/index.php?rest_route=%2Fwp%2Fv2%2Fmedia&parent=8041"}],"wp:term":[{"taxonomy":"category","embeddable":true,"href":"https:\/\/radiorevelacionfm.cl\/index.php?rest_route=%2Fwp%2Fv2%2Fcategories&post=8041"},{"taxonomy":"post_tag","embeddable":true,"href":"https:\/\/radiorevelacionfm.cl\/index.php?rest_route=%2Fwp%2Fv2%2Ftags&post=8041"}],"curies":[{"name":"wp","href":"https:\/\/api.w.org\/{rel}","templated":true}]}}