{"id":8038,"date":"2021-08-30T11:19:25","date_gmt":"2021-08-30T14:19:25","guid":{"rendered":"https:\/\/radiorevelacionfm.cl\/?p=8038"},"modified":"2021-08-30T11:19:25","modified_gmt":"2021-08-30T14:19:25","slug":"gobernadoras-es-regionales-de-todo-el-pais-firman-acuerdo-de-colaboracion-con-la-convencion-constitucional","status":"publish","type":"post","link":"https:\/\/radiorevelacionfm.cl\/?p=8038","title":{"rendered":"Gobernadoras\/es Regionales de todo el pa\u00eds firman acuerdo de colaboraci\u00f3n con la Convenci\u00f3n Constitucional"},"content":{"rendered":"<div class=\"flex_column av_one_full  flex_column_div av-zero-column-padding first  avia-builder-el-0  el_before_av_one_full  avia-builder-el-first  \" style='border-radius:0px; '><div  class='avia-image-container  av-styling-    avia-builder-el-1  avia-builder-el-no-sibling  avia-align-center '  itemprop=\"image\" itemscope=\"itemscope\" itemtype=\"https:\/\/schema.org\/ImageObject\"  ><div class='avia-image-container-inner'><div class='avia-image-overlay-wrap'><img decoding=\"async\" class='wp-image-8039 avia-img-lazy-loading-not-8039 avia_image' src=\"https:\/\/radiorevelacionfm.cl\/wp-content\/uploads\/2021\/08\/Firma-Convenio-2021-08-26-1-1.jpeg\" alt='' title='Firma Convenio 2021-08-26 (1) (1)' height=\"600\" width=\"900\"  itemprop=\"thumbnailUrl\" srcset=\"https:\/\/radiorevelacionfm.cl\/wp-content\/uploads\/2021\/08\/Firma-Convenio-2021-08-26-1-1.jpeg 900w, https:\/\/radiorevelacionfm.cl\/wp-content\/uploads\/2021\/08\/Firma-Convenio-2021-08-26-1-1-300x200.jpeg 300w, https:\/\/radiorevelacionfm.cl\/wp-content\/uploads\/2021\/08\/Firma-Convenio-2021-08-26-1-1-768x512.jpeg 768w, https:\/\/radiorevelacionfm.cl\/wp-content\/uploads\/2021\/08\/Firma-Convenio-2021-08-26-1-1-705x470.jpeg 705w, https:\/\/radiorevelacionfm.cl\/wp-content\/uploads\/2021\/08\/Firma-Convenio-2021-08-26-1-1-600x400.jpeg 600w\" sizes=\"(max-width: 900px) 100vw, 900px\" \/><\/div><\/div><\/div><\/div><div class=\"flex_column av_one_full  flex_column_div av-zero-column-padding first  avia-builder-el-2  el_after_av_one_full  el_before_av_one_full  column-top-margin\" style='border-radius:0px; '><section class=\"av_textblock_section \"  itemscope=\"itemscope\" itemtype=\"https:\/\/schema.org\/BlogPosting\" itemprop=\"blogPost\" ><div class='avia_textblock  '   itemprop=\"text\" ><p style=\"text-align: center;\"><span style=\"font-size: 18pt;\"><b>Gobernadoras\/es Regionales de todo el pa\u00eds firman acuerdo de colaboraci\u00f3n con la Convenci\u00f3n Constitucional<\/b><\/span><\/p>\n<div id=\"gtx-trans\" style=\"position: absolute; left: -50px; top: 4.31534px;\">\n<div class=\"gtx-trans-icon\"><\/div>\n<\/div>\n<\/div><\/section><\/div><div class=\"flex_column av_one_full  flex_column_div av-zero-column-padding first  avia-builder-el-4  el_after_av_one_full  el_before_av_hr  column-top-margin\" style='border-radius:0px; '><section class=\"av_textblock_section \"  itemscope=\"itemscope\" itemtype=\"https:\/\/schema.org\/BlogPosting\" itemprop=\"blogPost\" ><div class='avia_textblock  '   itemprop=\"text\" ><p style=\"text-align: justify;\">Esto con el objetivo de otorgar apoyos en su trabajo por los territorios regionales y locales, en la b\u00fasqueda de la descentralizaci\u00f3n en la Nueva Constituci\u00f3n.<\/p>\n<p style=\"text-align: justify;\">El pasado jueves 24 de agosto la Gobernadora Andrea Mac\u00edas Palma, junto a sus pares de 14 regiones del pa\u00eds, se reuni\u00f3 junto a la mesa ejecutiva de la Convenci\u00f3n Constitucional para firmar un importante convenio de colaboraci\u00f3n entre los Gobiernos Regionales y el nuevo \u00f3rgano constituyente.<\/p>\n<p style=\"text-align: justify;\">\u201cEl nuevo pacto con las regiones significa que est\u00e9n incluidas las visiones de nuestros habitantes en la Nueva Constituci\u00f3n. Por primera vez en la historia del pa\u00eds, tenemos un proceso constituyente abierto a la ciudadan\u00eda y como primeras autoridades electas en nuestras respectivas regiones, queremos aportar a este nuevo pa\u00eds que se construye\u201d, afirm\u00f3 la Gobernadora Mac\u00edas en la oportunidad.<\/p>\n<p style=\"text-align: justify;\">En la reuni\u00f3n sostenida con la Presidenta de la Convenci\u00f3n, Dra. Elisa Lonc\u00f3n, y su vicepresidente, Jaime Bassa, se plante\u00f3 la importancia de la descentralizaci\u00f3n en el proceso participativo de la nueva carta magna y el compromiso de los convencionales para acercar la discusi\u00f3n a las distintas regiones.<\/p>\n<p style=\"text-align: justify;\">\u201cLa relaci\u00f3n que tengan los vecinos y vecinas de nuestra regi\u00f3n de Ays\u00e9n es significativa y muy distinta de la que tendr\u00e1n otros y otras, por eso trabajaremos en generar todos los espacios necesarios para la conversaci\u00f3n por un nuevo Chile\u201d, concluy\u00f3 la m\u00e1xima autoridad nacional.<\/p>\n<p style=\"text-align: justify;\">Se espera que m\u00e1s acuerdos de colaboraci\u00f3n se trabajen en la pr\u00f3xima Cumbre de las Regiones que reunir\u00e1 a las autoridades de las 16 regiones del pa\u00eds en Concepci\u00f3n durante el mes de septiembre y en el que se esperan est\u00e9n presentes todas las candidaturas presidenciales y la mesa Ejecutiva de la Convenci\u00f3n Constitucional.<\/p>\n<\/div><\/section><\/div><div  style='height:50px' class='hr hr-invisible   avia-builder-el-6  el_after_av_one_full  el_before_av_social_share '><span class='hr-inner ' ><span class='hr-inner-style'><\/span><\/span><\/div><\/p>\n<div  class='av-social-sharing-box  avia-builder-el-7  el_after_av_hr  el_before_av_hr  '><div class='av-share-box'><h5 class='av-share-link-description av-no-toc '>Compartir esta noticia<\/h5><ul class='av-share-box-list noLightbox'><li class='av-share-link av-social-link-facebook' ><a target=\"_blank\" aria-label=\"Compartir en Facebook\" href='https:\/\/www.facebook.com\/sharer.php?u=https:\/\/radiorevelacionfm.cl\/?p=8038&#038;t=Gobernadoras%2Fes%20Regionales%20de%20todo%20el%20pa%C3%ADs%20firman%20acuerdo%20de%20colaboraci%C3%B3n%20con%20la%20Convenci%C3%B3n%20Constitucional' aria-hidden='false' data-av_icon='\ue8f3' data-av_iconfont='entypo-fontello' title='' data-avia-related-tooltip='Compartir en Facebook' rel=\"noopener\"><span class='avia_hidden_link_text'>Compartir en Facebook<\/span><\/a><\/li><li class='av-share-link av-social-link-twitter' ><a target=\"_blank\" aria-label=\"Compartir en Twitter\" href='https:\/\/twitter.com\/share?text=Gobernadoras%2Fes%20Regionales%20de%20todo%20el%20pa%C3%ADs%20firman%20acuerdo%20de%20colaboraci%C3%B3n%20con%20la%20Convenci%C3%B3n%20Constitucional&#038;url=https:\/\/radiorevelacionfm.cl\/?p=8038' aria-hidden='false' data-av_icon='\ue8f1' data-av_iconfont='entypo-fontello' title='' data-avia-related-tooltip='Compartir en Twitter' rel=\"noopener\"><span class='avia_hidden_link_text'>Compartir en Twitter<\/span><\/a><\/li><li class='av-share-link av-social-link-whatsapp' ><a target=\"_blank\" aria-label=\"Compartir en Whatsapp\" href='https:\/\/api.whatsapp.com\/send?text=https:\/\/radiorevelacionfm.cl\/?p=8038' aria-hidden='false' data-av_icon='\uf232' data-av_iconfont='entypo-fontello' title='' data-avia-related-tooltip='Compartir en Whatsapp' rel=\"noopener\"><span class='avia_hidden_link_text'>Compartir en Whatsapp<\/span><\/a><\/li><li class='av-share-link av-social-link-linkedin' ><a target=\"_blank\" aria-label=\"Compartir en LinkedIn\" href='https:\/\/linkedin.com\/shareArticle?mini=true&#038;title=Gobernadoras%2Fes%20Regionales%20de%20todo%20el%20pa%C3%ADs%20firman%20acuerdo%20de%20colaboraci%C3%B3n%20con%20la%20Convenci%C3%B3n%20Constitucional&#038;url=https:\/\/radiorevelacionfm.cl\/?p=8038' aria-hidden='false' data-av_icon='\ue8fc' data-av_iconfont='entypo-fontello' title='' data-avia-related-tooltip='Compartir en LinkedIn' rel=\"noopener\"><span class='avia_hidden_link_text'>Compartir en LinkedIn<\/span><\/a><\/li><li class='av-share-link av-social-link-mail' ><a  aria-label=\"Compartir por correo\" href='mailto:?subject=Gobernadoras%2Fes%20Regionales%20de%20todo%20el%20pa%C3%ADs%20firman%20acuerdo%20de%20colaboraci%C3%B3n%20con%20la%20Convenci%C3%B3n%20Constitucional&#038;body=https:\/\/radiorevelacionfm.cl\/?p=8038' aria-hidden='false' data-av_icon='\ue805' data-av_iconfont='entypo-fontello' title='' data-avia-related-tooltip='Compartir por correo'><span class='avia_hidden_link_text'>Compartir por correo<\/span><\/a><\/li><\/ul><\/div><\/div>\n<div  style='height:50px' class='hr hr-invisible   avia-builder-el-8  el_after_av_social_share  el_before_av_comments_list '><span class='hr-inner ' ><span class='hr-inner-style'><\/span><\/span><\/div>\n<div  class='av-buildercomment  av-blog-meta-html-info-disabled av-blog-meta-tag-disabled  '><\/div>\n","protected":false},"excerpt":{"rendered":"","protected":false},"author":1,"featured_media":8039,"comment_status":"open","ping_status":"open","sticky":false,"template":"","format":"standard","meta":{"footnotes":""},"categories":[38],"tags":[],"class_list":["post-8038","post","type-post","status-publish","format-standard","has-post-thumbnail","hentry","category-regional"],"jetpack_featured_media_url":"https:\/\/radiorevelacionfm.cl\/wp-content\/uploads\/2021\/08\/Firma-Convenio-2021-08-26-1-1.jpeg","_links":{"self":[{"href":"https:\/\/radiorevelacionfm.cl\/index.php?rest_route=\/wp\/v2\/posts\/8038","targetHints":{"allow":["GET"]}}],"collection":[{"href":"https:\/\/radiorevelacionfm.cl\/index.php?rest_route=\/wp\/v2\/posts"}],"about":[{"href":"https:\/\/radiorevelacionfm.cl\/index.php?rest_route=\/wp\/v2\/types\/post"}],"author":[{"embeddable":true,"href":"https:\/\/radiorevelacionfm.cl\/index.php?rest_route=\/wp\/v2\/users\/1"}],"replies":[{"embeddable":true,"href":"https:\/\/radiorevelacionfm.cl\/index.php?rest_route=%2Fwp%2Fv2%2Fcomments&post=8038"}],"version-history":[{"count":1,"href":"https:\/\/radiorevelacionfm.cl\/index.php?rest_route=\/wp\/v2\/posts\/8038\/revisions"}],"predecessor-version":[{"id":8040,"href":"https:\/\/radiorevelacionfm.cl\/index.php?rest_route=\/wp\/v2\/posts\/8038\/revisions\/8040"}],"wp:featuredmedia":[{"embeddable":true,"href":"https:\/\/radiorevelacionfm.cl\/index.php?rest_route=\/wp\/v2\/media\/8039"}],"wp:attachment":[{"href":"https:\/\/radiorevelacionfm.cl\/index.php?rest_route=%2Fwp%2Fv2%2Fmedia&parent=8038"}],"wp:term":[{"taxonomy":"category","embeddable":true,"href":"https:\/\/radiorevelacionfm.cl\/index.php?rest_route=%2Fwp%2Fv2%2Fcategories&post=8038"},{"taxonomy":"post_tag","embeddable":true,"href":"https:\/\/radiorevelacionfm.cl\/index.php?rest_route=%2Fwp%2Fv2%2Ftags&post=8038"}],"curies":[{"name":"wp","href":"https:\/\/api.w.org\/{rel}","templated":true}]}}