{"id":8035,"date":"2021-09-03T16:14:36","date_gmt":"2021-09-03T19:14:36","guid":{"rendered":"https:\/\/radiorevelacionfm.cl\/?p=8035"},"modified":"2021-09-03T16:21:09","modified_gmt":"2021-09-03T19:21:09","slug":"programa-reactivate-organizaciones-regionales-beneficiara-a-mas-13-000-emprendedores","status":"publish","type":"post","link":"https:\/\/radiorevelacionfm.cl\/?p=8035","title":{"rendered":"Programa \u00abReact\u00edvate Organizaciones Regionales\u00bb beneficiar\u00e1 a m\u00e1s 13.000 emprendedores"},"content":{"rendered":"<div class=\"flex_column av_one_full  flex_column_div av-zero-column-padding first  avia-builder-el-0  el_before_av_one_full  avia-builder-el-first  \" style='border-radius:0px; '><div  class='avia-image-container  av-styling-    avia-builder-el-1  avia-builder-el-no-sibling  avia-align-center '  itemprop=\"image\" itemscope=\"itemscope\" itemtype=\"https:\/\/schema.org\/ImageObject\"  ><div class='avia-image-container-inner'><div class='avia-image-overlay-wrap'><img decoding=\"async\" class='wp-image-8036 avia-img-lazy-loading-not-8036 avia_image' src=\"https:\/\/radiorevelacionfm.cl\/wp-content\/uploads\/2021\/08\/Sercotec-Organizaciones-Regionales-1-1.jpg\" alt='' title='Sercotec Organizaciones Regionales (1) (1)' height=\"600\" width=\"600\"  itemprop=\"thumbnailUrl\" srcset=\"https:\/\/radiorevelacionfm.cl\/wp-content\/uploads\/2021\/08\/Sercotec-Organizaciones-Regionales-1-1.jpg 600w, https:\/\/radiorevelacionfm.cl\/wp-content\/uploads\/2021\/08\/Sercotec-Organizaciones-Regionales-1-1-300x300.jpg 300w, https:\/\/radiorevelacionfm.cl\/wp-content\/uploads\/2021\/08\/Sercotec-Organizaciones-Regionales-1-1-80x80.jpg 80w, https:\/\/radiorevelacionfm.cl\/wp-content\/uploads\/2021\/08\/Sercotec-Organizaciones-Regionales-1-1-36x36.jpg 36w, https:\/\/radiorevelacionfm.cl\/wp-content\/uploads\/2021\/08\/Sercotec-Organizaciones-Regionales-1-1-180x180.jpg 180w, https:\/\/radiorevelacionfm.cl\/wp-content\/uploads\/2021\/08\/Sercotec-Organizaciones-Regionales-1-1-100x100.jpg 100w\" sizes=\"(max-width: 600px) 100vw, 600px\" \/><\/div><\/div><\/div><\/div>\n<div class=\"flex_column av_one_full  flex_column_div av-zero-column-padding first  avia-builder-el-2  el_after_av_one_full  el_before_av_one_full  column-top-margin\" style='border-radius:0px; '><section class=\"av_textblock_section \"  itemscope=\"itemscope\" itemtype=\"https:\/\/schema.org\/BlogPosting\" itemprop=\"blogPost\" ><div class='avia_textblock  '   itemprop=\"text\" ><p style=\"text-align: center;\"><strong><span style=\"font-size: 18pt;\">Programa \u00abReact\u00edvate Organizaciones Regionales\u00bb beneficiar\u00e1 a m\u00e1s 13.000 emprendedores<\/span><\/strong><\/p>\n<div id=\"gtx-trans\" style=\"position: absolute; left: -50px; top: 4.31534px;\">\n<div class=\"gtx-trans-icon\"><\/div>\n<\/div>\n<\/div><\/section><\/div>\n<div class=\"flex_column av_one_full  flex_column_div av-zero-column-padding first  avia-builder-el-4  el_after_av_one_full  el_before_av_hr  column-top-margin\" style='border-radius:0px; '><section class=\"av_textblock_section \"  itemscope=\"itemscope\" itemtype=\"https:\/\/schema.org\/BlogPosting\" itemprop=\"blogPost\" ><div class='avia_textblock  '   itemprop=\"text\" ><p style=\"text-align: justify;\">El programa \u00abReact\u00edvate Organizaciones Regionales\u00bb, es un subsidio que beneficiar\u00e1 a cerca de 13.000 emprendedores, y que les permitir\u00e1 implementar medidas enfocadas en su reactivaci\u00f3n y reapertura. Ir\u00e1 en ayuda de los micro y peque\u00f1as empresas afectadas por la crisis econ\u00f3mica y sanitaria.<\/p>\n<p style=\"text-align: justify;\">Este fondo cuenta con un presupuesto de $1.280 millones de pesos, con el que se espera beneficiar a m\u00e1s de 128 organizaciones regionales, lo que se traduce en m\u00e1s de 13.000 emprendedores.<\/p>\n<p style=\"text-align: justify;\">El programa entrega un cofinanciamiento a trav\u00e9s de un subsidio no reembolsable sujeto a rendici\u00f3n, de hasta $10.000.000. Se financiar\u00e1 capital de trabajo de la organizaci\u00f3n con un tope de 20% sobre el total de financiamiento.<\/p>\n<p style=\"text-align: justify;\">Podr\u00e1n participar diversas agrupaciones todas constituidas en su mayor\u00eda por micro y peque\u00f1as empresas o personas naturales o jur\u00eddicas con iniciaci\u00f3n de actividades. La organizaci\u00f3n debe contar con Rut ante el SII y en el caso de tener iniciaci\u00f3n de actividades, sus ventas anuales deber\u00e1n ser inferiores a 25.000 UF. La convocatoria de este subsidio estar\u00e1 abierta desde el jueves 26 de agosto hasta el lunes 06 de septiembre a las 15:00 horas.<\/p>\n<p style=\"text-align: justify;\"><strong>\u00bfC\u00f3mo postular?<\/strong><\/p>\n<ol style=\"text-align: justify;\">\n<li>Descargar y leer Bases correspondiente a su regi\u00f3n, disponible en el sitio web de Sercotec www.sercotec.cl<\/li>\n<li>Registro en el portal de Sercotec del representante legal de la organizaci\u00f3n legal postulante. En caso de estar registrado verificar que los datos de contactos est\u00e9n actualizados.<\/li>\n<li>Asistir a talleres virtuales de postulaci\u00f3n consistente en el apoyo a la formulaci\u00f3n de la ficha de postulaci\u00f3n con el AOS designado por la regi\u00f3n. (de car\u00e1cter opcional).<\/li>\n<li>Completar formulario de postulaci\u00f3n on line en el sitio web de Sercotec, siendo de exclusiva responsabilidad de los postulantes, El proyecto deber\u00e1 cumplir con las condiciones y restricciones de financiamiento descritas en las Bases y anexos de convocatoria.<\/li>\n<li>Enviar la postulaci\u00f3n en l\u00ednea junto con los anexos y la totalidad de la documentaci\u00f3n requerida en el Anexo N\u00b01 de las Bases seg\u00fan corresponda, que da cuenta del cumplimiento de requisitos.<\/li>\n<\/ol>\n<\/div><\/section><\/div><div  style='height:50px' class='hr hr-invisible   avia-builder-el-6  el_after_av_one_full  el_before_av_social_share '><span class='hr-inner ' ><span class='hr-inner-style'><\/span><\/span><\/div><\/p>\n<div  class='av-social-sharing-box  avia-builder-el-7  el_after_av_hr  el_before_av_hr  '><div class='av-share-box'><h5 class='av-share-link-description av-no-toc '>Compartir esta noticia<\/h5><ul class='av-share-box-list noLightbox'><li class='av-share-link av-social-link-facebook' ><a target=\"_blank\" aria-label=\"Compartir en Facebook\" href='https:\/\/www.facebook.com\/sharer.php?u=https:\/\/radiorevelacionfm.cl\/?p=8035&#038;t=Programa%20%C2%ABReact%C3%ADvate%20Organizaciones%20Regionales%C2%BB%20beneficiar%C3%A1%20a%20m%C3%A1s%2013.000%20emprendedores' aria-hidden='false' data-av_icon='\ue8f3' data-av_iconfont='entypo-fontello' title='' data-avia-related-tooltip='Compartir en Facebook' rel=\"noopener\"><span class='avia_hidden_link_text'>Compartir en Facebook<\/span><\/a><\/li><li class='av-share-link av-social-link-twitter' ><a target=\"_blank\" aria-label=\"Compartir en Twitter\" href='https:\/\/twitter.com\/share?text=Programa%20%C2%ABReact%C3%ADvate%20Organizaciones%20Regionales%C2%BB%20beneficiar%C3%A1%20a%20m%C3%A1s%2013.000%20emprendedores&#038;url=https:\/\/radiorevelacionfm.cl\/?p=8035' aria-hidden='false' data-av_icon='\ue8f1' data-av_iconfont='entypo-fontello' title='' data-avia-related-tooltip='Compartir en Twitter' rel=\"noopener\"><span class='avia_hidden_link_text'>Compartir en Twitter<\/span><\/a><\/li><li class='av-share-link av-social-link-whatsapp' ><a target=\"_blank\" aria-label=\"Compartir en Whatsapp\" href='https:\/\/api.whatsapp.com\/send?text=https:\/\/radiorevelacionfm.cl\/?p=8035' aria-hidden='false' data-av_icon='\uf232' data-av_iconfont='entypo-fontello' title='' data-avia-related-tooltip='Compartir en Whatsapp' rel=\"noopener\"><span class='avia_hidden_link_text'>Compartir en Whatsapp<\/span><\/a><\/li><li class='av-share-link av-social-link-linkedin' ><a target=\"_blank\" aria-label=\"Compartir en LinkedIn\" href='https:\/\/linkedin.com\/shareArticle?mini=true&#038;title=Programa%20%C2%ABReact%C3%ADvate%20Organizaciones%20Regionales%C2%BB%20beneficiar%C3%A1%20a%20m%C3%A1s%2013.000%20emprendedores&#038;url=https:\/\/radiorevelacionfm.cl\/?p=8035' aria-hidden='false' data-av_icon='\ue8fc' data-av_iconfont='entypo-fontello' title='' data-avia-related-tooltip='Compartir en LinkedIn' rel=\"noopener\"><span class='avia_hidden_link_text'>Compartir en LinkedIn<\/span><\/a><\/li><li class='av-share-link av-social-link-mail' ><a  aria-label=\"Compartir por correo\" href='mailto:?subject=Programa%20%C2%ABReact%C3%ADvate%20Organizaciones%20Regionales%C2%BB%20beneficiar%C3%A1%20a%20m%C3%A1s%2013.000%20emprendedores&#038;body=https:\/\/radiorevelacionfm.cl\/?p=8035' aria-hidden='false' data-av_icon='\ue805' data-av_iconfont='entypo-fontello' title='' data-avia-related-tooltip='Compartir por correo'><span class='avia_hidden_link_text'>Compartir por correo<\/span><\/a><\/li><\/ul><\/div><\/div>\n<div  style='height:50px' class='hr hr-invisible   avia-builder-el-8  el_after_av_social_share  el_before_av_comments_list '><span class='hr-inner ' ><span class='hr-inner-style'><\/span><\/span><\/div>\n<div  class='av-buildercomment  av-blog-meta-html-info-disabled av-blog-meta-tag-disabled  '><\/div>\n","protected":false},"excerpt":{"rendered":"","protected":false},"author":1,"featured_media":8257,"comment_status":"open","ping_status":"open","sticky":false,"template":"","format":"standard","meta":{"footnotes":""},"categories":[37],"tags":[],"class_list":["post-8035","post","type-post","status-publish","format-standard","has-post-thumbnail","hentry","category-economia"],"jetpack_featured_media_url":"https:\/\/radiorevelacionfm.cl\/wp-content\/uploads\/2021\/09\/sercotec-organizaciones-regionales-1_optimized.jpg","_links":{"self":[{"href":"https:\/\/radiorevelacionfm.cl\/index.php?rest_route=\/wp\/v2\/posts\/8035","targetHints":{"allow":["GET"]}}],"collection":[{"href":"https:\/\/radiorevelacionfm.cl\/index.php?rest_route=\/wp\/v2\/posts"}],"about":[{"href":"https:\/\/radiorevelacionfm.cl\/index.php?rest_route=\/wp\/v2\/types\/post"}],"author":[{"embeddable":true,"href":"https:\/\/radiorevelacionfm.cl\/index.php?rest_route=\/wp\/v2\/users\/1"}],"replies":[{"embeddable":true,"href":"https:\/\/radiorevelacionfm.cl\/index.php?rest_route=%2Fwp%2Fv2%2Fcomments&post=8035"}],"version-history":[{"count":2,"href":"https:\/\/radiorevelacionfm.cl\/index.php?rest_route=\/wp\/v2\/posts\/8035\/revisions"}],"predecessor-version":[{"id":8256,"href":"https:\/\/radiorevelacionfm.cl\/index.php?rest_route=\/wp\/v2\/posts\/8035\/revisions\/8256"}],"wp:featuredmedia":[{"embeddable":true,"href":"https:\/\/radiorevelacionfm.cl\/index.php?rest_route=\/wp\/v2\/media\/8257"}],"wp:attachment":[{"href":"https:\/\/radiorevelacionfm.cl\/index.php?rest_route=%2Fwp%2Fv2%2Fmedia&parent=8035"}],"wp:term":[{"taxonomy":"category","embeddable":true,"href":"https:\/\/radiorevelacionfm.cl\/index.php?rest_route=%2Fwp%2Fv2%2Fcategories&post=8035"},{"taxonomy":"post_tag","embeddable":true,"href":"https:\/\/radiorevelacionfm.cl\/index.php?rest_route=%2Fwp%2Fv2%2Ftags&post=8035"}],"curies":[{"name":"wp","href":"https:\/\/api.w.org\/{rel}","templated":true}]}}