{"id":8032,"date":"2021-08-30T11:01:20","date_gmt":"2021-08-30T14:01:20","guid":{"rendered":"https:\/\/radiorevelacionfm.cl\/?p=8032"},"modified":"2021-08-30T11:01:20","modified_gmt":"2021-08-30T14:01:20","slug":"campana-ya-podemos-viajar-por-chile-busca-que-las-familias-privilegien-los-destinos-nacionales-durante-estas-fiestas-patrias","status":"publish","type":"post","link":"https:\/\/radiorevelacionfm.cl\/?p=8032","title":{"rendered":"Campa\u00f1a \u00abYa Podemos Viajar Por Chile\u00bb busca que las familias privilegien los destinos nacionales durante estas fiestas patrias"},"content":{"rendered":"<div class=\"flex_column av_one_full  flex_column_div av-zero-column-padding first  avia-builder-el-0  el_before_av_one_full  avia-builder-el-first  \" style='border-radius:0px; '><div  class='avia-image-container  av-styling-    avia-builder-el-1  avia-builder-el-no-sibling  avia-align-center '  itemprop=\"image\" itemscope=\"itemscope\" itemtype=\"https:\/\/schema.org\/ImageObject\"  ><div class='avia-image-container-inner'><div class='avia-image-overlay-wrap'><img decoding=\"async\" class='wp-image-8033 avia-img-lazy-loading-not-8033 avia_image' src=\"https:\/\/radiorevelacionfm.cl\/wp-content\/uploads\/2021\/08\/chile_ya_podemos-viajar-1_optimized.jpg\" alt='' title='chile_ya_podemos-viajar-(1)_optimized' height=\"600\" width=\"1080\"  itemprop=\"thumbnailUrl\" srcset=\"https:\/\/radiorevelacionfm.cl\/wp-content\/uploads\/2021\/08\/chile_ya_podemos-viajar-1_optimized.jpg 1080w, https:\/\/radiorevelacionfm.cl\/wp-content\/uploads\/2021\/08\/chile_ya_podemos-viajar-1_optimized-300x167.jpg 300w, https:\/\/radiorevelacionfm.cl\/wp-content\/uploads\/2021\/08\/chile_ya_podemos-viajar-1_optimized-1030x572.jpg 1030w, https:\/\/radiorevelacionfm.cl\/wp-content\/uploads\/2021\/08\/chile_ya_podemos-viajar-1_optimized-768x427.jpg 768w, https:\/\/radiorevelacionfm.cl\/wp-content\/uploads\/2021\/08\/chile_ya_podemos-viajar-1_optimized-705x392.jpg 705w, https:\/\/radiorevelacionfm.cl\/wp-content\/uploads\/2021\/08\/chile_ya_podemos-viajar-1_optimized-600x333.jpg 600w\" sizes=\"(max-width: 1080px) 100vw, 1080px\" \/><\/div><\/div><\/div><\/div><div class=\"flex_column av_one_full  flex_column_div av-zero-column-padding first  avia-builder-el-2  el_after_av_one_full  el_before_av_one_full  column-top-margin\" style='border-radius:0px; '><section class=\"av_textblock_section \"  itemscope=\"itemscope\" itemtype=\"https:\/\/schema.org\/BlogPosting\" itemprop=\"blogPost\" ><div class='avia_textblock  '   itemprop=\"text\" ><p style=\"text-align: center;\"><span style=\"font-size: 18pt;\"><strong>Campa\u00f1a \u00abYa Podemos Viajar Por Chile\u00bb busca que las familias privilegien los destinos nacionales durante estas fiestas patrias<\/strong><\/span><\/p>\n<div id=\"gtx-trans\" style=\"position: absolute; left: -50px; top: 4.31534px;\">\n<div class=\"gtx-trans-icon\"><\/div>\n<\/div>\n<\/div><\/section><\/div><div class=\"flex_column av_one_full  flex_column_div av-zero-column-padding first  avia-builder-el-4  el_after_av_one_full  el_before_av_hr  column-top-margin\" style='border-radius:0px; '><section class=\"av_textblock_section \"  itemscope=\"itemscope\" itemtype=\"https:\/\/schema.org\/BlogPosting\" itemprop=\"blogPost\" ><div class='avia_textblock  '   itemprop=\"text\" ><p style=\"text-align: justify;\">El Ministerio de Econom\u00eda present\u00f3 la campa\u00f1a \u00abYa Podemos Viajar por Chile\u00bb, como una forma de incentivar el turismo en el pa\u00eds, rubro que se vio fuertemente da\u00f1ado por la pandemia. Siempre siguiendo con todas las medidas de autocuidado: uso de mascarilla, alcohol gel, mantener la distancia f\u00edsica, ventilando los espacios cerrados en caso de ser necesario.<\/p>\n<p>En alianza con Turbus, el Servicio Nacional de Turismo decidi\u00f3 implementar una campa\u00f1a de incentivo a los chilenos a viajar por Chile cumpliendo estrictos protocolos sanitarios y cumpliendo medidas de autocuidado.<\/p>\n<p>Para su difusi\u00f3n, se utilizar\u00e1n los sitios web de ambas instituciones, adem\u00e1s de videos en las pantallas al interior de buses Turbus (m\u00e1s de 800 buses que recorren norte, centro y sur del pa\u00eds). Tambi\u00e9n, 50 buses tendr\u00e1n instaladas lunetas con la gr\u00e1fica de dicha campa\u00f1a. Todo con la finalidad de mostrar que hoy se puede viajar cumpliendo las normas establecidas.<\/p>\n<p>El ejecutivo explic\u00f3 que se ha generado, tambi\u00e9n, un plan espec\u00edfico para que todos los chilenos puedan disfrutar de las fiestas patrias, teniendo un 18 seguro. Eso significa que no habr\u00e1 cordones sanitarios para los viajes interregionales y que, a partir del paso 3 y 4, van a haber los mismos protocolos para las ramadas y fondas.<\/p>\n<\/div><\/section><\/div><div  style='height:50px' class='hr hr-invisible   avia-builder-el-6  el_after_av_one_full  el_before_av_social_share '><span class='hr-inner ' ><span class='hr-inner-style'><\/span><\/span><\/div><\/p>\n<div  class='av-social-sharing-box  avia-builder-el-7  el_after_av_hr  el_before_av_hr  '><div class='av-share-box'><h5 class='av-share-link-description av-no-toc '>Compartir esta noticia<\/h5><ul class='av-share-box-list noLightbox'><li class='av-share-link av-social-link-facebook' ><a target=\"_blank\" aria-label=\"Compartir en Facebook\" href='https:\/\/www.facebook.com\/sharer.php?u=https:\/\/radiorevelacionfm.cl\/?p=8032&#038;t=Campa%C3%B1a%20%C2%ABYa%20Podemos%20Viajar%20Por%20Chile%C2%BB%20busca%20que%20las%20familias%20privilegien%20los%20destinos%20nacionales%20durante%20estas%20fiestas%20patrias' aria-hidden='false' data-av_icon='\ue8f3' data-av_iconfont='entypo-fontello' title='' data-avia-related-tooltip='Compartir en Facebook' rel=\"noopener\"><span class='avia_hidden_link_text'>Compartir en Facebook<\/span><\/a><\/li><li class='av-share-link av-social-link-twitter' ><a target=\"_blank\" aria-label=\"Compartir en Twitter\" href='https:\/\/twitter.com\/share?text=Campa%C3%B1a%20%C2%ABYa%20Podemos%20Viajar%20Por%20Chile%C2%BB%20busca%20que%20las%20familias%20privilegien%20los%20destinos%20nacionales%20durante%20estas%20fiestas%20patrias&#038;url=https:\/\/radiorevelacionfm.cl\/?p=8032' aria-hidden='false' data-av_icon='\ue8f1' data-av_iconfont='entypo-fontello' title='' data-avia-related-tooltip='Compartir en Twitter' rel=\"noopener\"><span class='avia_hidden_link_text'>Compartir en Twitter<\/span><\/a><\/li><li class='av-share-link av-social-link-whatsapp' ><a target=\"_blank\" aria-label=\"Compartir en Whatsapp\" href='https:\/\/api.whatsapp.com\/send?text=https:\/\/radiorevelacionfm.cl\/?p=8032' aria-hidden='false' data-av_icon='\uf232' data-av_iconfont='entypo-fontello' title='' data-avia-related-tooltip='Compartir en Whatsapp' rel=\"noopener\"><span class='avia_hidden_link_text'>Compartir en Whatsapp<\/span><\/a><\/li><li class='av-share-link av-social-link-linkedin' ><a target=\"_blank\" aria-label=\"Compartir en LinkedIn\" href='https:\/\/linkedin.com\/shareArticle?mini=true&#038;title=Campa%C3%B1a%20%C2%ABYa%20Podemos%20Viajar%20Por%20Chile%C2%BB%20busca%20que%20las%20familias%20privilegien%20los%20destinos%20nacionales%20durante%20estas%20fiestas%20patrias&#038;url=https:\/\/radiorevelacionfm.cl\/?p=8032' aria-hidden='false' data-av_icon='\ue8fc' data-av_iconfont='entypo-fontello' title='' data-avia-related-tooltip='Compartir en LinkedIn' rel=\"noopener\"><span class='avia_hidden_link_text'>Compartir en LinkedIn<\/span><\/a><\/li><li class='av-share-link av-social-link-mail' ><a  aria-label=\"Compartir por correo\" href='mailto:?subject=Campa%C3%B1a%20%C2%ABYa%20Podemos%20Viajar%20Por%20Chile%C2%BB%20busca%20que%20las%20familias%20privilegien%20los%20destinos%20nacionales%20durante%20estas%20fiestas%20patrias&#038;body=https:\/\/radiorevelacionfm.cl\/?p=8032' aria-hidden='false' data-av_icon='\ue805' data-av_iconfont='entypo-fontello' title='' data-avia-related-tooltip='Compartir por correo'><span class='avia_hidden_link_text'>Compartir por correo<\/span><\/a><\/li><\/ul><\/div><\/div>\n<div  style='height:50px' class='hr hr-invisible   avia-builder-el-8  el_after_av_social_share  el_before_av_comments_list '><span class='hr-inner ' ><span class='hr-inner-style'><\/span><\/span><\/div>\n<div  class='av-buildercomment  av-blog-meta-html-info-disabled av-blog-meta-tag-disabled  '><\/div>\n","protected":false},"excerpt":{"rendered":"","protected":false},"author":1,"featured_media":8033,"comment_status":"open","ping_status":"open","sticky":false,"template":"","format":"standard","meta":{"footnotes":""},"categories":[54],"tags":[],"class_list":["post-8032","post","type-post","status-publish","format-standard","has-post-thumbnail","hentry","category-turismo"],"jetpack_featured_media_url":"https:\/\/radiorevelacionfm.cl\/wp-content\/uploads\/2021\/08\/chile_ya_podemos-viajar-1_optimized.jpg","_links":{"self":[{"href":"https:\/\/radiorevelacionfm.cl\/index.php?rest_route=\/wp\/v2\/posts\/8032","targetHints":{"allow":["GET"]}}],"collection":[{"href":"https:\/\/radiorevelacionfm.cl\/index.php?rest_route=\/wp\/v2\/posts"}],"about":[{"href":"https:\/\/radiorevelacionfm.cl\/index.php?rest_route=\/wp\/v2\/types\/post"}],"author":[{"embeddable":true,"href":"https:\/\/radiorevelacionfm.cl\/index.php?rest_route=\/wp\/v2\/users\/1"}],"replies":[{"embeddable":true,"href":"https:\/\/radiorevelacionfm.cl\/index.php?rest_route=%2Fwp%2Fv2%2Fcomments&post=8032"}],"version-history":[{"count":1,"href":"https:\/\/radiorevelacionfm.cl\/index.php?rest_route=\/wp\/v2\/posts\/8032\/revisions"}],"predecessor-version":[{"id":8034,"href":"https:\/\/radiorevelacionfm.cl\/index.php?rest_route=\/wp\/v2\/posts\/8032\/revisions\/8034"}],"wp:featuredmedia":[{"embeddable":true,"href":"https:\/\/radiorevelacionfm.cl\/index.php?rest_route=\/wp\/v2\/media\/8033"}],"wp:attachment":[{"href":"https:\/\/radiorevelacionfm.cl\/index.php?rest_route=%2Fwp%2Fv2%2Fmedia&parent=8032"}],"wp:term":[{"taxonomy":"category","embeddable":true,"href":"https:\/\/radiorevelacionfm.cl\/index.php?rest_route=%2Fwp%2Fv2%2Fcategories&post=8032"},{"taxonomy":"post_tag","embeddable":true,"href":"https:\/\/radiorevelacionfm.cl\/index.php?rest_route=%2Fwp%2Fv2%2Ftags&post=8032"}],"curies":[{"name":"wp","href":"https:\/\/api.w.org\/{rel}","templated":true}]}}