{"id":8026,"date":"2021-08-30T10:38:27","date_gmt":"2021-08-30T13:38:27","guid":{"rendered":"https:\/\/radiorevelacionfm.cl\/?p=8026"},"modified":"2021-08-30T10:38:27","modified_gmt":"2021-08-30T13:38:27","slug":"corporacion-chelenko-organiza-webinar-para-reflexionar-sobre-impactos-de-masivas-subdivisiones-prediales-en-aysen","status":"publish","type":"post","link":"https:\/\/radiorevelacionfm.cl\/?p=8026","title":{"rendered":"Corporaci\u00f3n Chelenko organiza webinar para reflexionar sobre impactos de masivas subdivisiones prediales en Ays\u00e9n"},"content":{"rendered":"<div class=\"flex_column av_one_full  flex_column_div av-zero-column-padding first  avia-builder-el-0  el_before_av_one_full  avia-builder-el-first  \" style='border-radius:0px; '><div  class='avia-image-container  av-styling-    avia-builder-el-1  avia-builder-el-no-sibling  avia-align-center '  itemprop=\"image\" itemscope=\"itemscope\" itemtype=\"https:\/\/schema.org\/ImageObject\"  ><div class='avia-image-container-inner'><div class='avia-image-overlay-wrap'><img decoding=\"async\" class='wp-image-8027 avia-img-lazy-loading-not-8027 avia_image' src=\"https:\/\/radiorevelacionfm.cl\/wp-content\/uploads\/2021\/08\/cuenca-chelenko-1_optimized.jpg\" alt='' title='cuenca-chelenko-(1)_optimized' height=\"600\" width=\"900\"  itemprop=\"thumbnailUrl\" srcset=\"https:\/\/radiorevelacionfm.cl\/wp-content\/uploads\/2021\/08\/cuenca-chelenko-1_optimized.jpg 900w, https:\/\/radiorevelacionfm.cl\/wp-content\/uploads\/2021\/08\/cuenca-chelenko-1_optimized-300x200.jpg 300w, https:\/\/radiorevelacionfm.cl\/wp-content\/uploads\/2021\/08\/cuenca-chelenko-1_optimized-768x512.jpg 768w, https:\/\/radiorevelacionfm.cl\/wp-content\/uploads\/2021\/08\/cuenca-chelenko-1_optimized-705x470.jpg 705w, https:\/\/radiorevelacionfm.cl\/wp-content\/uploads\/2021\/08\/cuenca-chelenko-1_optimized-600x400.jpg 600w\" sizes=\"(max-width: 900px) 100vw, 900px\" \/><\/div><\/div><\/div><\/div><div class=\"flex_column av_one_full  flex_column_div av-zero-column-padding first  avia-builder-el-2  el_after_av_one_full  el_before_av_one_full  column-top-margin\" style='border-radius:0px; '><section class=\"av_textblock_section \"  itemscope=\"itemscope\" itemtype=\"https:\/\/schema.org\/BlogPosting\" itemprop=\"blogPost\" ><div class='avia_textblock  '   itemprop=\"text\" ><p style=\"text-align: center;\"><span style=\"font-size: 18pt;\"><b><span lang=\"ES\">Corporaci<\/span><\/b><b><span lang=\"X-NONE\">\u00f3n Chelenko organiza webinar para reflexionar sobre impactos de masivas subdivisiones prediales en Ays\u00e9n<\/span><\/b><\/span><\/p>\n<div id=\"gtx-trans\" style=\"position: absolute; left: -50px; top: 4.31534px;\">\n<div class=\"gtx-trans-icon\"><\/div>\n<\/div>\n<\/div><\/section><\/div><div class=\"flex_column av_one_full  flex_column_div av-zero-column-padding first  avia-builder-el-4  el_after_av_one_full  el_before_av_hr  column-top-margin\" style='border-radius:0px; '><section class=\"av_textblock_section \"  itemscope=\"itemscope\" itemtype=\"https:\/\/schema.org\/BlogPosting\" itemprop=\"blogPost\" ><div class='avia_textblock  '   itemprop=\"text\" ><p class=\"v1MsoNormal\" style=\"text-align: justify;\"><span lang=\"ES\">\u00abSubdivisi\u00f3n predial en la cuenca del CHELENKO\u00bb es el nombre del webinar que la Corporaci<\/span><span lang=\"X-NONE\">\u00f3n Chelenko est\u00e1 organizando para este <strong>martes a las 17:30 horas<\/strong>, con la participaci\u00f3n de representantes de la sociedad civil, el Servicio Agr\u00edcola y Ganadero y el Gobierno Regional de Ays\u00e9n.<\/span><\/p>\n<p class=\"v1MsoNormal\" style=\"text-align: justify;\"><span lang=\"X-NONE\">El encuentro va en sinton\u00eda con el foco de sustentabilidad que la Corporaci\u00f3n Chelenko ha impreso a su gesti\u00f3n, donde la capacidad de carga del territorio y la eventual conformaci\u00f3n de nuevos centros urbanos sin planificaci\u00f3n son una preocupaci\u00f3n.<span class=\"v1gmail-Apple-converted-space\">\u00a0<\/span><\/span><\/p>\n<p class=\"v1MsoNormal\" style=\"text-align: justify;\"><span lang=\"X-NONE\">\u00abBuscamos generar una instancia para construir una normativa u ordenanza territorial para nuevos asentamientos urbanos, a fin de coexistir en armon\u00eda con el entorno, disminuir impacto en t\u00e9rminos de corredores biol\u00f3gicos, deforestaci\u00f3n por despeje y caminos, cuidado de quebradas, acu\u00edferos y humedales. Nos interesa plantear nuevas formas de loteos, si esto est\u00e1 siendo una necesidad, proponiendo sistema de macrolotes regulados para conseguir una convivencia sana y respetuosa con las comunidades y flora de nuestro territorio\u00bb expres\u00f3 al respecto Tamara Ullrich, presidenta de la Corporaci\u00f3n Chelenko.<\/span><\/p>\n<p class=\"v1MsoNormal\" style=\"text-align: justify;\"><span lang=\"X-NONE\">Esto permitir\u00e1 nivelar el conocimiento de esta materia en la mesa tem\u00e1tica Protecci\u00f3n del Agua en el Lago General Carrera de Comisi\u00f3n de Sustentabilidad de la entidad, que tiene como uno de sus objetivos proponer la mejor manera\u00a0<span class=\"v1gmail-Apple-converted-space\">\u00a0<\/span>de regular los asentamientos (Plan Regional de Ordenamiento Territorial, planes seccionales, planes reguladores, etc).<\/span><\/p>\n<p class=\"v1MsoNormal\" style=\"text-align: justify;\"><span lang=\"X-NONE\">El tema de las subdivisiones no es un \u00e1mbito que preocupa s\u00f3lo a Ays\u00e9n, ha afectado desde hace a\u00f1os a todo el pa\u00eds, aunque en el \u00faltimo tiempo, producto de la pandemia y los avances tecnol\u00f3gicos, se ha profundizado en la regi\u00f3n. Desde julio de 2019 existe un proyecto de ley radicado en la Comisi\u00f3n de Agricultura del Senado que busca poner mayores condiciones en esta materia vinculada con el uso del suelo.<\/span><\/p>\n<p class=\"v1MsoNormal\" style=\"text-align: justify;\"><strong><span lang=\"X-NONE\">Los expositores<\/span><\/strong><\/p>\n<p class=\"v1MsoNormal\" style=\"text-align: justify;\"><span lang=\"X-NONE\">El webinar partir\u00e1 con la abogada<span class=\"v1gmail-Apple-converted-space\">\u00a0<\/span><\/span><span lang=\"ES\">Josefina Ruiz, por la Corporaci\u00f3n Chelenko, con la exposici<\/span><span lang=\"X-NONE\">\u00f3n \u00abOla de loteos en Ays\u00e9n. \u00bfC\u00f3mo nos preparamos?\u00bb. Posteriormente<span class=\"v1gmail-Apple-converted-space\">\u00a0<\/span><\/span><span lang=\"ES\">Francisco Lara, jefe de la Divisi<\/span><span lang=\"X-NONE\">\u00f3n de Planificaci\u00f3n y Desarrollo<\/span><span lang=\"ES\"><span class=\"v1gmail-Apple-converted-space\">\u00a0<\/span>del Gobierno Regional de Ays\u00e9n, presentar<\/span><span lang=\"X-NONE\">\u00e1 \u00ab<\/span><span lang=\"ES\">Plan Regional de Ordenamiento Territorial de Ays\u00e9n: alcances, estado y su relaci\u00f3n con la Pol\u00edtica Nacional de Ordenamiento Territorial<\/span><span lang=\"ES\">\u00ab.<\/span><\/p>\n<p class=\"v1MsoNormal\" style=\"text-align: justify;\"><span lang=\"ES\">Posteriormente participar<\/span><span lang=\"X-NONE\">\u00e1<span class=\"v1gmail-Apple-converted-space\">\u00a0<\/span><\/span><span lang=\"ES\">Felipe Bozo, profesional sectorial del Servicio Agr<\/span><span lang=\"X-NONE\">\u00ed<\/span><span lang=\"ES\">cola y Ganadero, con el tema \u00abProcedimientos de Subdivisi\u00f3n autorizados por el SAG\u00bb y el presidente de la Fundaci\u00f3n Defendamos la Ciudad, Patricio Herman, con \u00abDerogaci\u00f3n del DL 3.516 como una forma de impedir la corrupci\u00f3n\u00bb.<\/span><\/p>\n<p class=\"v1MsoNormal\" style=\"text-align: left;\"><span lang=\"ES\">Quie<\/span><span lang=\"X-NONE\">nes est\u00e9n interesados en esta materia podr\u00e1n conectarse por Zoom en el link<span class=\"v1gmail-Apple-converted-space\">\u00a0<\/span><\/span><span lang=\"ES\"><a href=\"https:\/\/bit.ly\/WebinarChelenkoPredios\" target=\"_blank\" rel=\"noopener noreferrer\">https:\/\/bit.ly\/WebinarChelenkoPredios<\/a><span class=\"v1gmail-Apple-converted-space\">\u00a0<\/span>o por la plataforma con el ID 268 261 3417 y c<\/span><span lang=\"X-NONE\">\u00f3digo de acceso<span class=\"v1gmail-Apple-converted-space\">\u00a0<\/span><\/span><span lang=\"ES\">123456.\u00a0<span class=\"v1gmail-Apple-converted-space\">\u00a0<\/span><\/span><\/p>\n<p class=\"v1MsoNormal\" style=\"text-align: left;\"><span lang=\"ES\">Adem<\/span><span lang=\"X-NONE\">\u00e1s, ser\u00e1 difundido por Facebook Live de la Corporaci\u00f3n Chelenko en<span class=\"v1gmail-Apple-converted-space\">\u00a0<\/span><a href=\"https:\/\/www.facebook.com\/corporacionchelenko\" target=\"_blank\" rel=\"noopener noreferrer\">https:\/\/www.facebook.com\/corporacionchelenko<\/a>.<\/span><\/p>\n<\/div><\/section><\/div><div  style='height:50px' class='hr hr-invisible   avia-builder-el-6  el_after_av_one_full  el_before_av_social_share '><span class='hr-inner ' ><span class='hr-inner-style'><\/span><\/span><\/div><\/p>\n<div  class='av-social-sharing-box  avia-builder-el-7  el_after_av_hr  el_before_av_hr  '><div class='av-share-box'><h5 class='av-share-link-description av-no-toc '>Compartir esta noticia<\/h5><ul class='av-share-box-list noLightbox'><li class='av-share-link av-social-link-facebook' ><a target=\"_blank\" aria-label=\"Compartir en Facebook\" href='https:\/\/www.facebook.com\/sharer.php?u=https:\/\/radiorevelacionfm.cl\/?p=8026&#038;t=Corporaci%C3%B3n%20Chelenko%20organiza%20webinar%20para%20reflexionar%20sobre%20impactos%20de%20masivas%20subdivisiones%20prediales%20en%20Ays%C3%A9n' aria-hidden='false' data-av_icon='\ue8f3' data-av_iconfont='entypo-fontello' title='' data-avia-related-tooltip='Compartir en Facebook' rel=\"noopener\"><span class='avia_hidden_link_text'>Compartir en Facebook<\/span><\/a><\/li><li class='av-share-link av-social-link-twitter' ><a target=\"_blank\" aria-label=\"Compartir en Twitter\" href='https:\/\/twitter.com\/share?text=Corporaci%C3%B3n%20Chelenko%20organiza%20webinar%20para%20reflexionar%20sobre%20impactos%20de%20masivas%20subdivisiones%20prediales%20en%20Ays%C3%A9n&#038;url=https:\/\/radiorevelacionfm.cl\/?p=8026' aria-hidden='false' data-av_icon='\ue8f1' data-av_iconfont='entypo-fontello' title='' data-avia-related-tooltip='Compartir en Twitter' rel=\"noopener\"><span class='avia_hidden_link_text'>Compartir en Twitter<\/span><\/a><\/li><li class='av-share-link av-social-link-whatsapp' ><a target=\"_blank\" aria-label=\"Compartir en Whatsapp\" href='https:\/\/api.whatsapp.com\/send?text=https:\/\/radiorevelacionfm.cl\/?p=8026' aria-hidden='false' data-av_icon='\uf232' data-av_iconfont='entypo-fontello' title='' data-avia-related-tooltip='Compartir en Whatsapp' rel=\"noopener\"><span class='avia_hidden_link_text'>Compartir en Whatsapp<\/span><\/a><\/li><li class='av-share-link av-social-link-linkedin' ><a target=\"_blank\" aria-label=\"Compartir en LinkedIn\" href='https:\/\/linkedin.com\/shareArticle?mini=true&#038;title=Corporaci%C3%B3n%20Chelenko%20organiza%20webinar%20para%20reflexionar%20sobre%20impactos%20de%20masivas%20subdivisiones%20prediales%20en%20Ays%C3%A9n&#038;url=https:\/\/radiorevelacionfm.cl\/?p=8026' aria-hidden='false' data-av_icon='\ue8fc' data-av_iconfont='entypo-fontello' title='' data-avia-related-tooltip='Compartir en LinkedIn' rel=\"noopener\"><span class='avia_hidden_link_text'>Compartir en LinkedIn<\/span><\/a><\/li><li class='av-share-link av-social-link-mail' ><a  aria-label=\"Compartir por correo\" href='mailto:?subject=Corporaci%C3%B3n%20Chelenko%20organiza%20webinar%20para%20reflexionar%20sobre%20impactos%20de%20masivas%20subdivisiones%20prediales%20en%20Ays%C3%A9n&#038;body=https:\/\/radiorevelacionfm.cl\/?p=8026' aria-hidden='false' data-av_icon='\ue805' data-av_iconfont='entypo-fontello' title='' data-avia-related-tooltip='Compartir por correo'><span class='avia_hidden_link_text'>Compartir por correo<\/span><\/a><\/li><\/ul><\/div><\/div>\n<div  style='height:50px' class='hr hr-invisible   avia-builder-el-8  el_after_av_social_share  el_before_av_comments_list '><span class='hr-inner ' ><span class='hr-inner-style'><\/span><\/span><\/div>\n<div  class='av-buildercomment  av-blog-meta-html-info-disabled av-blog-meta-tag-disabled  '><\/div>\n","protected":false},"excerpt":{"rendered":"","protected":false},"author":1,"featured_media":8027,"comment_status":"open","ping_status":"open","sticky":false,"template":"","format":"standard","meta":{"footnotes":""},"categories":[38],"tags":[],"class_list":["post-8026","post","type-post","status-publish","format-standard","has-post-thumbnail","hentry","category-regional"],"jetpack_featured_media_url":"https:\/\/radiorevelacionfm.cl\/wp-content\/uploads\/2021\/08\/cuenca-chelenko-1_optimized.jpg","_links":{"self":[{"href":"https:\/\/radiorevelacionfm.cl\/index.php?rest_route=\/wp\/v2\/posts\/8026","targetHints":{"allow":["GET"]}}],"collection":[{"href":"https:\/\/radiorevelacionfm.cl\/index.php?rest_route=\/wp\/v2\/posts"}],"about":[{"href":"https:\/\/radiorevelacionfm.cl\/index.php?rest_route=\/wp\/v2\/types\/post"}],"author":[{"embeddable":true,"href":"https:\/\/radiorevelacionfm.cl\/index.php?rest_route=\/wp\/v2\/users\/1"}],"replies":[{"embeddable":true,"href":"https:\/\/radiorevelacionfm.cl\/index.php?rest_route=%2Fwp%2Fv2%2Fcomments&post=8026"}],"version-history":[{"count":1,"href":"https:\/\/radiorevelacionfm.cl\/index.php?rest_route=\/wp\/v2\/posts\/8026\/revisions"}],"predecessor-version":[{"id":8028,"href":"https:\/\/radiorevelacionfm.cl\/index.php?rest_route=\/wp\/v2\/posts\/8026\/revisions\/8028"}],"wp:featuredmedia":[{"embeddable":true,"href":"https:\/\/radiorevelacionfm.cl\/index.php?rest_route=\/wp\/v2\/media\/8027"}],"wp:attachment":[{"href":"https:\/\/radiorevelacionfm.cl\/index.php?rest_route=%2Fwp%2Fv2%2Fmedia&parent=8026"}],"wp:term":[{"taxonomy":"category","embeddable":true,"href":"https:\/\/radiorevelacionfm.cl\/index.php?rest_route=%2Fwp%2Fv2%2Fcategories&post=8026"},{"taxonomy":"post_tag","embeddable":true,"href":"https:\/\/radiorevelacionfm.cl\/index.php?rest_route=%2Fwp%2Fv2%2Ftags&post=8026"}],"curies":[{"name":"wp","href":"https:\/\/api.w.org\/{rel}","templated":true}]}}