{"id":8019,"date":"2021-08-29T18:11:17","date_gmt":"2021-08-29T21:11:17","guid":{"rendered":"https:\/\/radiorevelacionfm.cl\/?p=8019"},"modified":"2021-08-29T18:25:11","modified_gmt":"2021-08-29T21:25:11","slug":"realizaran-semana-del-empleo-con-talleres-y-charlas-ademas-de-feria-laboral-con-mas-de-250-cupos-en-la-region-de-aysen","status":"publish","type":"post","link":"https:\/\/radiorevelacionfm.cl\/?p=8019","title":{"rendered":"Realizar\u00e1n Semana del Empleo con talleres y charlas, adem\u00e1s de Feria Laboral con m\u00e1s de 250 vacantes en la regi\u00f3n de Ays\u00e9n"},"content":{"rendered":"<div class=\"flex_column av_one_full  flex_column_div av-zero-column-padding first  avia-builder-el-0  el_before_av_one_full  avia-builder-el-first  \" style='border-radius:0px; '><div  class='avia-image-container  av-styling-    avia-builder-el-1  avia-builder-el-no-sibling  avia-align-center '  itemprop=\"image\" itemscope=\"itemscope\" itemtype=\"https:\/\/schema.org\/ImageObject\"  ><div class='avia-image-container-inner'><div class='avia-image-overlay-wrap'><img decoding=\"async\" class='wp-image-8020 avia-img-lazy-loading-not-8020 avia_image' src=\"https:\/\/radiorevelacionfm.cl\/wp-content\/uploads\/2021\/08\/SemanaDelEmpleo-1-1.jpeg\" alt='' title='SemanaDelEmpleo (1) (1)' height=\"600\" width=\"600\"  itemprop=\"thumbnailUrl\" srcset=\"https:\/\/radiorevelacionfm.cl\/wp-content\/uploads\/2021\/08\/SemanaDelEmpleo-1-1.jpeg 600w, https:\/\/radiorevelacionfm.cl\/wp-content\/uploads\/2021\/08\/SemanaDelEmpleo-1-1-300x300.jpeg 300w, https:\/\/radiorevelacionfm.cl\/wp-content\/uploads\/2021\/08\/SemanaDelEmpleo-1-1-80x80.jpeg 80w, https:\/\/radiorevelacionfm.cl\/wp-content\/uploads\/2021\/08\/SemanaDelEmpleo-1-1-36x36.jpeg 36w, https:\/\/radiorevelacionfm.cl\/wp-content\/uploads\/2021\/08\/SemanaDelEmpleo-1-1-180x180.jpeg 180w, https:\/\/radiorevelacionfm.cl\/wp-content\/uploads\/2021\/08\/SemanaDelEmpleo-1-1-100x100.jpeg 100w\" sizes=\"(max-width: 600px) 100vw, 600px\" \/><\/div><\/div><\/div><\/div>\n<div class=\"flex_column av_one_full  flex_column_div av-zero-column-padding first  avia-builder-el-2  el_after_av_one_full  el_before_av_one_full  column-top-margin\" style='border-radius:0px; '><section class=\"av_textblock_section \"  itemscope=\"itemscope\" itemtype=\"https:\/\/schema.org\/BlogPosting\" itemprop=\"blogPost\" ><div class='avia_textblock  '   itemprop=\"text\" ><p style=\"text-align: center;\"><span style=\"font-size: 18pt;\"><b>Realizar\u00e1n Semana del Empleo con talleres y charlas, adem\u00e1s de Feria Laboral con m\u00e1s de 250 vacantes en la regi\u00f3n de Ays\u00e9n<\/b><\/span><\/p>\n<div id=\"gtx-trans\" style=\"position: absolute; left: -50px; top: 4.31534px;\">\n<div class=\"gtx-trans-icon\"><\/div>\n<\/div>\n<\/div><\/section><\/div><div class=\"flex_column av_one_full  flex_column_div av-zero-column-padding first  avia-builder-el-4  el_after_av_one_full  el_before_av_hr  column-top-margin\" style='border-radius:0px; '><section class=\"av_textblock_section \"  itemscope=\"itemscope\" itemtype=\"https:\/\/schema.org\/BlogPosting\" itemprop=\"blogPost\" ><div class='avia_textblock  '   itemprop=\"text\" ><p class=\"v1MsoNormal\" style=\"text-align: justify;\">Desde el lunes 30 de agosto el Servicio Nacional de Capacitaci\u00f3n y Empleo, Sence, desarrollar\u00e1 la Semana del Empleo, actividad nacional que entre otras actividades cuenta con una Feria Laboral en L\u00ednea que a nivel pa\u00eds logr\u00f3 articular m\u00e1s de 70 mil cupos laborales a trav\u00e9s de la Bolsa Nacional de Empleo, BNE. Dentro de la cifra total, la Regi\u00f3n de Ays\u00e9n tiene m\u00e1s de 250 ofertas laborales.<\/p>\n<p class=\"v1MsoNormal\" style=\"text-align: justify;\">\u00abComo Ministerio del Trabajo y Previsi\u00f3n Social, a trav\u00e9s de Sence, estamos haciendo esfuerzos por buscar los mecanismos de apoyar a los trabajadores y empleadores desde diversos \u00e1mbitos. La Semana del Empleo de busca difundir y promover el uso de los instrumentos de empleo, capacitaci\u00f3n y certificaci\u00f3n de Sence, con especial foco en el IFE Laboral. Adem\u00e1s de entregar opciones de empleo a las personas con el prop\u00f3sito de dinamizar el mercado laboral regional y nacional\u00bb, sostuvo la Seremi del Trabajo y Previsi\u00f3n Social, Andrea Ponce.<\/p>\n<p class=\"v1MsoNormal\" style=\"text-align: justify;\">La Seremi Andrea Ponce a\u00f1adi\u00f3, \u00abQueremos insistir que en la Regi\u00f3n de Ays\u00e9n hay trabajo disponible para todos quienes quieran trabajar, y teniendo un nuevo empleo desde agosto, pueden postular al IFE Laboral que entrega un subsidio de hasta $250 mil para mujeres, personas con discapacidad o j\u00f3venes y hasta $200 mil para los hombres, recordando que es compatible con el IFE Universal, es decir, no perder\u00e1n ning\u00fan beneficio estatal. Son 16 las charlas que se entregar\u00e1n durante esta semana, varias de ellas con \u00e9nfasis en el IFE Laboral y en preparar a los trabajadores para enfrentarse a entrevistas laborales, aprender c\u00f3mo confeccionar su curr\u00edculum, capacitaciones, entre otras. Junto a ello, a nivel regional tambi\u00e9n compartiremos y entregaremos informaci\u00f3n en vivo para aclarar las dudas de nuestra comunidad\u00bb, finaliz\u00f3.<\/p>\n<p class=\"v1MsoNormal\" style=\"text-align: justify;\">Entre las vacantes disponibles, hay cupos para profesionales, t\u00e9cnicos, administrativos, personal para centros de cultivos, comercio, construcci\u00f3n, operadores de plantas de proceso, cupos en el sector hotelero y de restaurantes, son algunas de alternativas de trabajo que ofrecen las empresas de la Regi\u00f3n de Ays\u00e9n.<\/p>\n<p class=\"v1MsoNormal\" style=\"text-align: justify;\">En tanto, Katherine Kingma, directora Regional de Sence, coment\u00f3 sobre esta iniciativa, \u00abDesde el lunes 30 de agosto hasta el jueves 2 de septiembre, se realizar\u00e1 la Semana del Empleo, actividad Sence de car\u00e1cter nacional que, entre otras cosas, cuenta con una Feria Laboral, estando nuestra Regi\u00f3n de Ays\u00e9n presente con una oferta de m\u00e1s de 250 trabajos. Habr\u00e1 adem\u00e1s una serie de eventos, charlas y talleres para informarse sobre los subsidios al empleo, el IFE Laboral, capacitaciones de Sence, y temas laborales. Ser\u00e1 todo a trav\u00e9s de las plataformas\u00a0<a href=\"http:\/\/www.semanadelempleo.cl\/\" target=\"_blank\" rel=\"noopener noreferrer\">www.semanadelempleo.cl<\/a>, YouTube, Facebook e Instagram de Sence, los que replicaremos en nuestras plataformas laborales. Este es un gran esfuerzo que estamos realizando como Sence para acercar los servicios y programas a los trabajadores y a los empleadores. Los invitamos a participar y conocer toda la programaci\u00f3n en\u00a0<a href=\"http:\/\/www.sence.cl\/\" target=\"_blank\" rel=\"noopener noreferrer\">www.sence.cl<\/a>\u00a0o en la p\u00e1gina\u00a0<a href=\"http:\/\/www.semanadelempleo.cl\/\" target=\"_blank\" rel=\"noopener noreferrer\">www.semanadelempleo.cl<\/a>\u00a0y cualquier consulta, pueden acercarse a nuestras oficinas ubicadas en las cuatro provincias de la regi\u00f3n\u00bb.<\/p>\n<p class=\"v1MsoNormal\" style=\"text-align: justify;\">Tal como mencionaron las autoridades en la Semana del Empleo se realizar\u00e1n 16 charlas y entrevistas con los encargados de los principales instrumentos de empleabilidad de SENCE. Asimismo, se har\u00e1 una presentaci\u00f3n de c\u00f3mo desarrollar un emprendimiento. El lunes 30, martes 31 de agosto y mi\u00e9rcoles 1 de septiembre, a las 18:00 horas, se desarrollar\u00e1n charlas de apresto laboral que entregar\u00e1n conocimientos de c\u00f3mo hacer un CV, c\u00f3mo enfrentar una entrevista de trabajo, entre otros.<\/p>\n<p class=\"v1MsoNormal\" style=\"text-align: justify;\">Las vacantes fueron levantadas principalmente mediante ejecutivos de empresas de SENCE en todas las regiones, adem\u00e1s de alianzas con gremios y Cajas de Compensaci\u00f3n. Estas incluyen todos los niveles de cualificaci\u00f3n, buscando entregar opciones para todo el espectro de hombres y mujeres que est\u00e1n buscando empleo.<\/p>\n<p class=\"v1MsoNormal\" style=\"text-align: justify;\"><b>Listado de charlas gratuitas:<\/b><\/p>\n<p class=\"v1MsoNormal\" style=\"text-align: justify;\">1.\u00a0\u00a0\u00a0\u00a0\u00a0\u00a0\u00a0\u00a0\u00a0\u00a0\u00a0 \u00bfQu\u00e9 son las ferias laborales SENCE? (lunes 30 \u2013 9,30)<\/p>\n<p class=\"v1MsoNormal\" style=\"text-align: justify;\">2.\u00a0\u00a0\u00a0\u00a0\u00a0\u00a0\u00a0\u00a0\u00a0\u00a0\u00a0 IFE Laboral y otros subsidios (lunes 30 \u2013 12:00)<\/p>\n<p class=\"v1MsoNormal\" style=\"text-align: justify;\">3.\u00a0\u00a0\u00a0\u00a0\u00a0\u00a0\u00a0\u00a0\u00a0\u00a0\u00a0 Desaf\u00edos en RRHH post pandemia, \u00bfc\u00f3mo seguimos del 2022 en adelante? (lunes 30 \u2013 17:00)<\/p>\n<p class=\"v1MsoNormal\" style=\"text-align: justify;\">4.\u00a0\u00a0\u00a0\u00a0\u00a0\u00a0\u00a0\u00a0\u00a0\u00a0\u00a0 Foco Laboral: Identificando mi perfil laboral en 5 pasos (lunes 30 \u2013 18:00)<\/p>\n<p class=\"v1MsoNormal\" style=\"text-align: justify;\">5.\u00a0\u00a0\u00a0\u00a0\u00a0\u00a0\u00a0\u00a0\u00a0\u00a0\u00a0 Programa Aprendices (martes 31 \u2013 9:30)<\/p>\n<p class=\"v1MsoNormal\" style=\"text-align: justify;\">6.\u00a0\u00a0\u00a0\u00a0\u00a0\u00a0\u00a0\u00a0\u00a0\u00a0\u00a0 Programas de Capacitaci\u00f3n SENCE (martes 31 \u2013 12:00)<\/p>\n<p class=\"v1MsoNormal\" style=\"text-align: justify;\">7.\u00a0\u00a0\u00a0\u00a0\u00a0\u00a0\u00a0\u00a0\u00a0\u00a0\u00a0 Experiencia Hidr\u00f3geno Verde (martes 31 \u2013 17:00)<\/p>\n<p class=\"v1MsoNormal\" style=\"text-align: justify;\">8.\u00a0\u00a0\u00a0\u00a0\u00a0\u00a0\u00a0\u00a0\u00a0\u00a0\u00a0 Desarrollo de CV; Los errores m\u00e1s comunes (martes 31 \u2013 18:00)<\/p>\n<p class=\"v1MsoNormal\" style=\"text-align: justify;\">9.\u00a0\u00a0\u00a0\u00a0\u00a0\u00a0\u00a0\u00a0\u00a0\u00a0\u00a0 Franquicia Tributaria de Capacitaci\u00f3n (mi\u00e9rcoles 1 \u2013 9:30)<\/p>\n<p class=\"v1MsoNormal\" style=\"text-align: justify;\">10.\u00a0\u00a0\u00a0\u00a0\u00a0\u00a0\u00a0\u00a0\u00a0 Sistema de Intermediaci\u00f3n Laboral y experiencia de Plataforma Laboral Arica (mi\u00e9rcoles 1 \u2013 12:00)<\/p>\n<p class=\"v1MsoNormal\" style=\"text-align: justify;\">11.\u00a0\u00a0\u00a0\u00a0\u00a0\u00a0\u00a0\u00a0\u00a0 \u00bfC\u00f3mo buscar empleo en LinkedIn? (mi\u00e9rcoles 1 \u2013 17:00)<\/p>\n<p class=\"v1MsoNormal\" style=\"text-align: justify;\">12.\u00a0\u00a0\u00a0\u00a0\u00a0\u00a0\u00a0\u00a0\u00a0 Entrevista Laboral, \u00bfc\u00f3mo preparar y enfrentar una entrevista? (mi\u00e9rcoles 1 \u2013 18:00)<\/p>\n<p class=\"v1MsoNormal\" style=\"text-align: justify;\">13.\u00a0\u00a0\u00a0\u00a0\u00a0\u00a0\u00a0\u00a0\u00a0 Certificaci\u00f3n de Competencias Laborales (jueves 2 \u2013 9:30)<\/p>\n<p class=\"v1MsoNormal\" style=\"text-align: justify;\">14.\u00a0\u00a0\u00a0\u00a0\u00a0\u00a0\u00a0\u00a0\u00a0 Sostenibilidad y Empleos Verdes (jueves 2 \u2013 12:00)<\/p>\n<p class=\"v1MsoNormal\" style=\"text-align: justify;\">15.\u00a0\u00a0\u00a0\u00a0\u00a0\u00a0\u00a0\u00a0\u00a0 Mujer Digital (jueves 2 \u2013 17:00)<\/p>\n<div style=\"text-align: justify;\">16.\u00a0\u00a0\u00a0\u00a0\u00a0\u00a0\u00a0\u00a0\u00a0\u00a0Emprender, un nuevo camino al empleo (jueves 2 \u2013 18:00)<\/div>\n<\/div><\/section><\/div><div  style='height:50px' class='hr hr-invisible   avia-builder-el-6  el_after_av_one_full  el_before_av_social_share '><span class='hr-inner ' ><span class='hr-inner-style'><\/span><\/span><\/div><\/p>\n<div  class='av-social-sharing-box  avia-builder-el-7  el_after_av_hr  el_before_av_hr  '><div class='av-share-box'><h5 class='av-share-link-description av-no-toc '>Compartir esta noticia<\/h5><ul class='av-share-box-list noLightbox'><li class='av-share-link av-social-link-facebook' ><a target=\"_blank\" aria-label=\"Compartir en Facebook\" href='https:\/\/www.facebook.com\/sharer.php?u=https:\/\/radiorevelacionfm.cl\/?p=8019&#038;t=Realizar%C3%A1n%20Semana%20del%20Empleo%20con%20talleres%20y%20charlas%2C%20adem%C3%A1s%20de%20Feria%20Laboral%20con%20m%C3%A1s%20de%20250%20vacantes%20en%20la%20regi%C3%B3n%20de%20Ays%C3%A9n' aria-hidden='false' data-av_icon='\ue8f3' data-av_iconfont='entypo-fontello' title='' data-avia-related-tooltip='Compartir en Facebook' rel=\"noopener\"><span class='avia_hidden_link_text'>Compartir en Facebook<\/span><\/a><\/li><li class='av-share-link av-social-link-twitter' ><a target=\"_blank\" aria-label=\"Compartir en Twitter\" href='https:\/\/twitter.com\/share?text=Realizar%C3%A1n%20Semana%20del%20Empleo%20con%20talleres%20y%20charlas%2C%20adem%C3%A1s%20de%20Feria%20Laboral%20con%20m%C3%A1s%20de%20250%20vacantes%20en%20la%20regi%C3%B3n%20de%20Ays%C3%A9n&#038;url=https:\/\/radiorevelacionfm.cl\/?p=8019' aria-hidden='false' data-av_icon='\ue8f1' data-av_iconfont='entypo-fontello' title='' data-avia-related-tooltip='Compartir en Twitter' rel=\"noopener\"><span class='avia_hidden_link_text'>Compartir en Twitter<\/span><\/a><\/li><li class='av-share-link av-social-link-whatsapp' ><a target=\"_blank\" aria-label=\"Compartir en Whatsapp\" href='https:\/\/api.whatsapp.com\/send?text=https:\/\/radiorevelacionfm.cl\/?p=8019' aria-hidden='false' data-av_icon='\uf232' data-av_iconfont='entypo-fontello' title='' data-avia-related-tooltip='Compartir en Whatsapp' rel=\"noopener\"><span class='avia_hidden_link_text'>Compartir en Whatsapp<\/span><\/a><\/li><li class='av-share-link av-social-link-linkedin' ><a target=\"_blank\" aria-label=\"Compartir en LinkedIn\" href='https:\/\/linkedin.com\/shareArticle?mini=true&#038;title=Realizar%C3%A1n%20Semana%20del%20Empleo%20con%20talleres%20y%20charlas%2C%20adem%C3%A1s%20de%20Feria%20Laboral%20con%20m%C3%A1s%20de%20250%20vacantes%20en%20la%20regi%C3%B3n%20de%20Ays%C3%A9n&#038;url=https:\/\/radiorevelacionfm.cl\/?p=8019' aria-hidden='false' data-av_icon='\ue8fc' data-av_iconfont='entypo-fontello' title='' data-avia-related-tooltip='Compartir en LinkedIn' rel=\"noopener\"><span class='avia_hidden_link_text'>Compartir en LinkedIn<\/span><\/a><\/li><li class='av-share-link av-social-link-mail' ><a  aria-label=\"Compartir por correo\" href='mailto:?subject=Realizar%C3%A1n%20Semana%20del%20Empleo%20con%20talleres%20y%20charlas%2C%20adem%C3%A1s%20de%20Feria%20Laboral%20con%20m%C3%A1s%20de%20250%20vacantes%20en%20la%20regi%C3%B3n%20de%20Ays%C3%A9n&#038;body=https:\/\/radiorevelacionfm.cl\/?p=8019' aria-hidden='false' data-av_icon='\ue805' data-av_iconfont='entypo-fontello' title='' data-avia-related-tooltip='Compartir por correo'><span class='avia_hidden_link_text'>Compartir por correo<\/span><\/a><\/li><\/ul><\/div><\/div>\n<div  style='height:50px' class='hr hr-invisible   avia-builder-el-8  el_after_av_social_share  el_before_av_comments_list '><span class='hr-inner ' ><span class='hr-inner-style'><\/span><\/span><\/div>\n<div  class='av-buildercomment  av-blog-meta-html-info-disabled av-blog-meta-tag-disabled  '><\/div>\n","protected":false},"excerpt":{"rendered":"","protected":false},"author":1,"featured_media":8023,"comment_status":"open","ping_status":"open","sticky":false,"template":"","format":"standard","meta":{"footnotes":""},"categories":[56],"tags":[],"class_list":["post-8019","post","type-post","status-publish","format-standard","has-post-thumbnail","hentry","category-trabajo"],"jetpack_featured_media_url":"https:\/\/radiorevelacionfm.cl\/wp-content\/uploads\/2021\/08\/semanadelempleo-0_optimized.jpeg","_links":{"self":[{"href":"https:\/\/radiorevelacionfm.cl\/index.php?rest_route=\/wp\/v2\/posts\/8019","targetHints":{"allow":["GET"]}}],"collection":[{"href":"https:\/\/radiorevelacionfm.cl\/index.php?rest_route=\/wp\/v2\/posts"}],"about":[{"href":"https:\/\/radiorevelacionfm.cl\/index.php?rest_route=\/wp\/v2\/types\/post"}],"author":[{"embeddable":true,"href":"https:\/\/radiorevelacionfm.cl\/index.php?rest_route=\/wp\/v2\/users\/1"}],"replies":[{"embeddable":true,"href":"https:\/\/radiorevelacionfm.cl\/index.php?rest_route=%2Fwp%2Fv2%2Fcomments&post=8019"}],"version-history":[{"count":3,"href":"https:\/\/radiorevelacionfm.cl\/index.php?rest_route=\/wp\/v2\/posts\/8019\/revisions"}],"predecessor-version":[{"id":8025,"href":"https:\/\/radiorevelacionfm.cl\/index.php?rest_route=\/wp\/v2\/posts\/8019\/revisions\/8025"}],"wp:featuredmedia":[{"embeddable":true,"href":"https:\/\/radiorevelacionfm.cl\/index.php?rest_route=\/wp\/v2\/media\/8023"}],"wp:attachment":[{"href":"https:\/\/radiorevelacionfm.cl\/index.php?rest_route=%2Fwp%2Fv2%2Fmedia&parent=8019"}],"wp:term":[{"taxonomy":"category","embeddable":true,"href":"https:\/\/radiorevelacionfm.cl\/index.php?rest_route=%2Fwp%2Fv2%2Fcategories&post=8019"},{"taxonomy":"post_tag","embeddable":true,"href":"https:\/\/radiorevelacionfm.cl\/index.php?rest_route=%2Fwp%2Fv2%2Ftags&post=8019"}],"curies":[{"name":"wp","href":"https:\/\/api.w.org\/{rel}","templated":true}]}}