{"id":8013,"date":"2021-08-29T16:58:05","date_gmt":"2021-08-29T19:58:05","guid":{"rendered":"https:\/\/radiorevelacionfm.cl\/?p=8013"},"modified":"2021-08-29T16:58:05","modified_gmt":"2021-08-29T19:58:05","slug":"cien-familias-del-comite-ruka-kimun-de-coyhaique-recibieron-su-anhelado-subsidio-habitacional","status":"publish","type":"post","link":"https:\/\/radiorevelacionfm.cl\/?p=8013","title":{"rendered":"Cien familias del comit\u00e9 Ruka Kim\u00fan de Coyhaique recibieron su anhelado subsidio habitacional"},"content":{"rendered":"<div class=\"flex_column av_one_full  flex_column_div av-zero-column-padding first  avia-builder-el-0  el_before_av_one_full  avia-builder-el-first  \" style='border-radius:0px; '><div  class='avia-image-container  av-styling-    avia-builder-el-1  avia-builder-el-no-sibling  avia-align-center '  itemprop=\"image\" itemscope=\"itemscope\" itemtype=\"https:\/\/schema.org\/ImageObject\"  ><div class='avia-image-container-inner'><div class='avia-image-overlay-wrap'><img decoding=\"async\" class='wp-image-8014 avia-img-lazy-loading-not-8014 avia_image' src=\"https:\/\/radiorevelacionfm.cl\/wp-content\/uploads\/2021\/08\/subsidio-comite-ruka-kimun-de-coyhaique-1-1_optimized.jpg\" alt='' title='subsidio-comit\u00e9-ruka-kim\u00fan-de-coyhaique-(1)-(1)_optimized' height=\"600\" width=\"900\"  itemprop=\"thumbnailUrl\" srcset=\"https:\/\/radiorevelacionfm.cl\/wp-content\/uploads\/2021\/08\/subsidio-comite-ruka-kimun-de-coyhaique-1-1_optimized.jpg 900w, https:\/\/radiorevelacionfm.cl\/wp-content\/uploads\/2021\/08\/subsidio-comite-ruka-kimun-de-coyhaique-1-1_optimized-300x200.jpg 300w, https:\/\/radiorevelacionfm.cl\/wp-content\/uploads\/2021\/08\/subsidio-comite-ruka-kimun-de-coyhaique-1-1_optimized-768x512.jpg 768w, https:\/\/radiorevelacionfm.cl\/wp-content\/uploads\/2021\/08\/subsidio-comite-ruka-kimun-de-coyhaique-1-1_optimized-705x470.jpg 705w, https:\/\/radiorevelacionfm.cl\/wp-content\/uploads\/2021\/08\/subsidio-comite-ruka-kimun-de-coyhaique-1-1_optimized-600x400.jpg 600w\" sizes=\"(max-width: 900px) 100vw, 900px\" \/><\/div><\/div><\/div><\/div><div class=\"flex_column av_one_full  flex_column_div av-zero-column-padding first  avia-builder-el-2  el_after_av_one_full  el_before_av_one_full  column-top-margin\" style='border-radius:0px; '><section class=\"av_textblock_section \"  itemscope=\"itemscope\" itemtype=\"https:\/\/schema.org\/BlogPosting\" itemprop=\"blogPost\" ><div class='avia_textblock  '   itemprop=\"text\" ><p style=\"text-align: center;\"><strong><span style=\"font-size: 18pt;\">Cien familias del comit\u00e9 Ruka Kim\u00fan de Coyhaique recibieron su anhelado subsidio habitacional<\/span><\/strong><\/p>\n<div id=\"gtx-trans\" style=\"position: absolute; left: -50px; top: 4.31534px;\">\n<div class=\"gtx-trans-icon\"><\/div>\n<\/div>\n<\/div><\/section><\/div><div class=\"flex_column av_one_full  flex_column_div av-zero-column-padding first  avia-builder-el-4  el_after_av_one_full  el_before_av_hr  column-top-margin\" style='border-radius:0px; '><section class=\"av_textblock_section \"  itemscope=\"itemscope\" itemtype=\"https:\/\/schema.org\/BlogPosting\" itemprop=\"blogPost\" ><div class='avia_textblock  '   itemprop=\"text\" ><p style=\"text-align: justify;\">Destacando como punto principal el respeto por su cultura y sus tradiciones este domingo se realiz\u00f3 la ceremonia en que las cien familias integrantes del comit\u00e9 Ruka kim\u00fan de Coyhaique recibieron los certificados de subsidio que les permitir\u00e1n seguir avanzando en el camino que los conduce hacia su so\u00f1ada casa propia.<\/p>\n<p style=\"text-align: justify;\">La actividad se desarroll\u00f3 en la Ruka Marim\u00e1n, sector Tejas Verdes, donde el Ministerio de Vivienda y la comunidad anfitriona desplegaron un minucioso protocolo de medidas preventivas en el contexto de la pandemia por Covid 19 para recibir a las autoridades, dirigentes y las familias que esperaban con ansias el momento de recibir sus carpetas.<\/p>\n<p style=\"text-align: justify;\">Tras una rogativa mapuche al aire libre, las autoridades hicieron uso de la palabra, empezando por el Director del Serviu Nelson Quinteros, quien destac\u00f3 la organizaci\u00f3n y el trabajo de a\u00f1os que prueban la fuerza de esta organizaci\u00f3n. \u201cSi bien estos comit\u00e9s tienen una amplia tradici\u00f3n y una gran representaci\u00f3n siempre les cuesta iniciar obras. Primero hicieron un proyecto integrado, que no se pudo terminar y nosotros los tomamos cuando estaban intentando postular. Finalmente lo lograron y nosotros hicimos todos los esfuerzos para poder materializar el proyecto. Fue dif\u00edcil, lo levantamos, lo retomamos en conjunto con la Entidad Patrocinante y en definitiva logramos llegar a puerto a principios de este a\u00f1o. Ahora estamos a la espera de iniciar las obras, para lo cual debe licitar y realizar otras actividades, pero como ha dicho nuestro Ministro Felipe Ward este hito es importante porque ratifica y pone el sello de que este proyecto va, que vamos a poder materializarlo prontamente, as\u00ed que estamos muy contentos, muy motivados porque es un proyecto que tiene hartas caracter\u00edsticas especiales y los vamos a estar acompa\u00f1ando hasta que terminemos\u201d, asegur\u00f3.<\/p>\n<p style=\"text-align: justify;\">Por su parte la m\u00e1xima autoridad de la comunidad mapuche, Elsa Canum\u00e1n, se mostr\u00f3 emocionada al vivir este importante momento despu\u00e9s de tantos a\u00f1os de perseverancia y esfuerzo. \u201cEstoy muy emocionada con este momento, ya que este trabajo fue un trabajo fuerte y hoy con mucho orgullo podemos decir que tenemos el subsidio gracias tambi\u00e9n al esfuerzo de\u00a0 las comunidades que est\u00e1n presentes en esta Ruka Kim\u00fan, donde se va a formar el barrio. Agradecer tambi\u00e9n a todos los que nos apoyaron en este trabajo, as\u00ed que muy agradecida y a esperar que en el futuro sigamos avanzando con mucho esfuerzo y voluntad pol\u00edtica\u201d, manifest\u00f3.<\/p>\n<p style=\"text-align: justify;\">De igual forma el Presidente del comit\u00e9 Ruka Kim\u00fan, Jorge Vel\u00e1squez, agradeci\u00f3 el apoyo recibido y se mostr\u00f3 optimista para seguir avanzando en las etapas que vienen. \u201cAgradecer a nuestra \u00d1izol ac\u00e1 presente porque nuestro comit\u00e9 no se hubiera formado si no hubiera estado bajo el alero de la Asociaci\u00f3n Marim\u00e1n. Estamos muy agradecidos, pero conscientes de que este es un paso m\u00e1s, ya que nos queda seguir con el Serviu para licitar y empezar as\u00ed ya la construcci\u00f3n, con todo lo que eso significa para el futuro\u201d, precis\u00f3.<\/p>\n<p style=\"text-align: justify;\">El comit\u00e9 Ruka Kim\u00fan es asesorado y apoyado por el Entidad Patrocinante de la Municipalidad de Coyhaique, ante lo cual su representante, la Concejala, Ana Mar\u00eda Navarrete, valor\u00f3 el significado de la ceremonia, como parte un proceso valioso que destaca a nuestros pueblos originarios. \u201cHa sido muy importante este encuentro, una ocasi\u00f3n muy especial donde se reconoce nuestras tradiciones, la cultura mapuche y donde se entrega subsidios para cien familias que podr\u00e1n vivir en comunidad, respetando el medio ambiente y con infraestructura especial. Todo lo que hemos visto ha sido muy alegre, con mucha energ\u00eda, celebrando los subsidios, ya que para la gente es un logro muy importante que va a significar una nueva vida en sus viviendas, en comunidad, de una forma distinta y respetando a nuestros pueblos originarios y su cultura\u201d, precis\u00f3.<\/p>\n<p style=\"text-align: justify;\">El proyecto de viviendas para las cien familias del comit\u00e9 Ruka Kim\u00fan estar\u00e1 ubicado en el sector Escuela Agr\u00edcola de Coyhaique, colindante con la actual Villa Los Glaciares, en un lote que supera los 22 mil metros cuadrados. All\u00ed se considera construir 14 viviendas de 46 m2, 85 viviendas de 50 m2 y una vivienda de 64 m2, adem\u00e1s de una sede comunitaria, todo con un dise\u00f1o que rescata las costumbres y ritos mapuches. En ese sentido el loteo se proyect\u00f3 tambi\u00e9n con un sector de \u00e1rea verde, pensado para implementar un huerto comunitario, un sector de cancha de pal\u00edn y un espacio para ceremonias de Guillat\u00fan.<\/p>\n<\/div><\/section><\/div><div  style='height:50px' class='hr hr-invisible   avia-builder-el-6  el_after_av_one_full  el_before_av_social_share '><span class='hr-inner ' ><span class='hr-inner-style'><\/span><\/span><\/div><\/p>\n<div  class='av-social-sharing-box  avia-builder-el-7  el_after_av_hr  el_before_av_hr  '><div class='av-share-box'><h5 class='av-share-link-description av-no-toc '>Compartir esta noticia<\/h5><ul class='av-share-box-list noLightbox'><li class='av-share-link av-social-link-facebook' ><a target=\"_blank\" aria-label=\"Compartir en Facebook\" href='https:\/\/www.facebook.com\/sharer.php?u=https:\/\/radiorevelacionfm.cl\/?p=8013&#038;t=Cien%20familias%20del%20comit%C3%A9%20Ruka%20Kim%C3%BAn%20de%20Coyhaique%20recibieron%20su%20anhelado%20subsidio%20habitacional' aria-hidden='false' data-av_icon='\ue8f3' data-av_iconfont='entypo-fontello' title='' data-avia-related-tooltip='Compartir en Facebook' rel=\"noopener\"><span class='avia_hidden_link_text'>Compartir en Facebook<\/span><\/a><\/li><li class='av-share-link av-social-link-twitter' ><a target=\"_blank\" aria-label=\"Compartir en Twitter\" href='https:\/\/twitter.com\/share?text=Cien%20familias%20del%20comit%C3%A9%20Ruka%20Kim%C3%BAn%20de%20Coyhaique%20recibieron%20su%20anhelado%20subsidio%20habitacional&#038;url=https:\/\/radiorevelacionfm.cl\/?p=8013' aria-hidden='false' data-av_icon='\ue8f1' data-av_iconfont='entypo-fontello' title='' data-avia-related-tooltip='Compartir en Twitter' rel=\"noopener\"><span class='avia_hidden_link_text'>Compartir en Twitter<\/span><\/a><\/li><li class='av-share-link av-social-link-whatsapp' ><a target=\"_blank\" aria-label=\"Compartir en Whatsapp\" href='https:\/\/api.whatsapp.com\/send?text=https:\/\/radiorevelacionfm.cl\/?p=8013' aria-hidden='false' data-av_icon='\uf232' data-av_iconfont='entypo-fontello' title='' data-avia-related-tooltip='Compartir en Whatsapp' rel=\"noopener\"><span class='avia_hidden_link_text'>Compartir en Whatsapp<\/span><\/a><\/li><li class='av-share-link av-social-link-linkedin' ><a target=\"_blank\" aria-label=\"Compartir en LinkedIn\" href='https:\/\/linkedin.com\/shareArticle?mini=true&#038;title=Cien%20familias%20del%20comit%C3%A9%20Ruka%20Kim%C3%BAn%20de%20Coyhaique%20recibieron%20su%20anhelado%20subsidio%20habitacional&#038;url=https:\/\/radiorevelacionfm.cl\/?p=8013' aria-hidden='false' data-av_icon='\ue8fc' data-av_iconfont='entypo-fontello' title='' data-avia-related-tooltip='Compartir en LinkedIn' rel=\"noopener\"><span class='avia_hidden_link_text'>Compartir en LinkedIn<\/span><\/a><\/li><li class='av-share-link av-social-link-mail' ><a  aria-label=\"Compartir por correo\" href='mailto:?subject=Cien%20familias%20del%20comit%C3%A9%20Ruka%20Kim%C3%BAn%20de%20Coyhaique%20recibieron%20su%20anhelado%20subsidio%20habitacional&#038;body=https:\/\/radiorevelacionfm.cl\/?p=8013' aria-hidden='false' data-av_icon='\ue805' data-av_iconfont='entypo-fontello' title='' data-avia-related-tooltip='Compartir por correo'><span class='avia_hidden_link_text'>Compartir por correo<\/span><\/a><\/li><\/ul><\/div><\/div>\n<div  style='height:50px' class='hr hr-invisible   avia-builder-el-8  el_after_av_social_share  el_before_av_comments_list '><span class='hr-inner ' ><span class='hr-inner-style'><\/span><\/span><\/div>\n<div  class='av-buildercomment  av-blog-meta-html-info-disabled av-blog-meta-tag-disabled  '><\/div>\n","protected":false},"excerpt":{"rendered":"","protected":false},"author":1,"featured_media":8014,"comment_status":"open","ping_status":"open","sticky":false,"template":"","format":"standard","meta":{"footnotes":""},"categories":[38],"tags":[],"class_list":["post-8013","post","type-post","status-publish","format-standard","has-post-thumbnail","hentry","category-regional"],"jetpack_featured_media_url":"https:\/\/radiorevelacionfm.cl\/wp-content\/uploads\/2021\/08\/subsidio-comite-ruka-kimun-de-coyhaique-1-1_optimized.jpg","_links":{"self":[{"href":"https:\/\/radiorevelacionfm.cl\/index.php?rest_route=\/wp\/v2\/posts\/8013","targetHints":{"allow":["GET"]}}],"collection":[{"href":"https:\/\/radiorevelacionfm.cl\/index.php?rest_route=\/wp\/v2\/posts"}],"about":[{"href":"https:\/\/radiorevelacionfm.cl\/index.php?rest_route=\/wp\/v2\/types\/post"}],"author":[{"embeddable":true,"href":"https:\/\/radiorevelacionfm.cl\/index.php?rest_route=\/wp\/v2\/users\/1"}],"replies":[{"embeddable":true,"href":"https:\/\/radiorevelacionfm.cl\/index.php?rest_route=%2Fwp%2Fv2%2Fcomments&post=8013"}],"version-history":[{"count":1,"href":"https:\/\/radiorevelacionfm.cl\/index.php?rest_route=\/wp\/v2\/posts\/8013\/revisions"}],"predecessor-version":[{"id":8015,"href":"https:\/\/radiorevelacionfm.cl\/index.php?rest_route=\/wp\/v2\/posts\/8013\/revisions\/8015"}],"wp:featuredmedia":[{"embeddable":true,"href":"https:\/\/radiorevelacionfm.cl\/index.php?rest_route=\/wp\/v2\/media\/8014"}],"wp:attachment":[{"href":"https:\/\/radiorevelacionfm.cl\/index.php?rest_route=%2Fwp%2Fv2%2Fmedia&parent=8013"}],"wp:term":[{"taxonomy":"category","embeddable":true,"href":"https:\/\/radiorevelacionfm.cl\/index.php?rest_route=%2Fwp%2Fv2%2Fcategories&post=8013"},{"taxonomy":"post_tag","embeddable":true,"href":"https:\/\/radiorevelacionfm.cl\/index.php?rest_route=%2Fwp%2Fv2%2Ftags&post=8013"}],"curies":[{"name":"wp","href":"https:\/\/api.w.org\/{rel}","templated":true}]}}