{"id":8010,"date":"2021-08-29T16:06:04","date_gmt":"2021-08-29T19:06:04","guid":{"rendered":"https:\/\/radiorevelacionfm.cl\/?p=8010"},"modified":"2021-08-29T16:06:04","modified_gmt":"2021-08-29T19:06:04","slug":"laboratorio-de-criminalistica-de-la-pdi-86-anos-en-apoyo-a-la-investigacion-profesional-de-los-delitos-de-mayor-complejidad","status":"publish","type":"post","link":"https:\/\/radiorevelacionfm.cl\/?p=8010","title":{"rendered":"Laboratorio de Criminal\u00edstica de la PDI: 86 a\u00f1os en apoyo a la investigaci\u00f3n profesional de los delitos de mayor complejidad"},"content":{"rendered":"<div class=\"flex_column av_one_full  flex_column_div av-zero-column-padding first  avia-builder-el-0  el_before_av_one_full  avia-builder-el-first  \" style='border-radius:0px; '><div  class='avia-image-container  av-styling-    avia-builder-el-1  avia-builder-el-no-sibling  avia-align-center '  itemprop=\"image\" itemscope=\"itemscope\" itemtype=\"https:\/\/schema.org\/ImageObject\"  ><div class='avia-image-container-inner'><div class='avia-image-overlay-wrap'><img decoding=\"async\" class='wp-image-8011 avia-img-lazy-loading-not-8011 avia_image' src=\"https:\/\/radiorevelacionfm.cl\/wp-content\/uploads\/2021\/08\/perito-en-huellas-1-1.jpg\" alt='' title='perito en huellas (1) (1)' height=\"600\" width=\"928\"  itemprop=\"thumbnailUrl\" srcset=\"https:\/\/radiorevelacionfm.cl\/wp-content\/uploads\/2021\/08\/perito-en-huellas-1-1.jpg 928w, https:\/\/radiorevelacionfm.cl\/wp-content\/uploads\/2021\/08\/perito-en-huellas-1-1-300x194.jpg 300w, https:\/\/radiorevelacionfm.cl\/wp-content\/uploads\/2021\/08\/perito-en-huellas-1-1-768x497.jpg 768w, https:\/\/radiorevelacionfm.cl\/wp-content\/uploads\/2021\/08\/perito-en-huellas-1-1-705x456.jpg 705w, https:\/\/radiorevelacionfm.cl\/wp-content\/uploads\/2021\/08\/perito-en-huellas-1-1-600x388.jpg 600w\" sizes=\"(max-width: 928px) 100vw, 928px\" \/><\/div><\/div><\/div><\/div><div class=\"flex_column av_one_full  flex_column_div av-zero-column-padding first  avia-builder-el-2  el_after_av_one_full  el_before_av_one_full  column-top-margin\" style='border-radius:0px; '><section class=\"av_textblock_section \"  itemscope=\"itemscope\" itemtype=\"https:\/\/schema.org\/BlogPosting\" itemprop=\"blogPost\" ><div class='avia_textblock  '   itemprop=\"text\" ><p style=\"text-align: center;\"><span style=\"font-size: 18pt;\"><strong>Laboratorio de Criminal\u00edstica de la PDI: 86 a\u00f1os en apoyo a la investigaci\u00f3n profesional de los delitos de mayor complejidad<\/strong><\/span><\/p>\n<div id=\"gtx-trans\" style=\"position: absolute; left: -50px; top: 4.31534px;\">\n<div class=\"gtx-trans-icon\"><\/div>\n<\/div>\n<\/div><\/section><\/div><div class=\"flex_column av_one_full  flex_column_div av-zero-column-padding first  avia-builder-el-4  el_after_av_one_full  el_before_av_hr  column-top-margin\" style='border-radius:0px; '><section class=\"av_textblock_section \"  itemscope=\"itemscope\" itemtype=\"https:\/\/schema.org\/BlogPosting\" itemprop=\"blogPost\" ><div class='avia_textblock  '   itemprop=\"text\" ><p style=\"text-align: justify;\">Este s\u00e1bado 28 de agosto el Laboratorio de Criminal\u00edstica Central (LACRIM) de la Polic\u00eda de Investigaciones de Chile cumpli\u00f3 86 a\u00f1os, siendo un apoyo -mediante la aplicaci\u00f3n de m\u00e9todos, t\u00e9cnicas y conocimientos cient\u00edficos- en la investigaci\u00f3n profesional para el esclarecimiento de los delitos.<\/p>\n<p style=\"text-align: justify;\">Desde el 28 de agosto de 1935, fecha en que se cre\u00f3 el entonces denominado Departamento Criminol\u00f3gico, la PDI marc\u00f3 su inminente car\u00e1cter cient\u00edfico, creando un archivo dactilosc\u00f3pico monodactilar, laboratorio fotogr\u00e1fico, archivo de apodos y una secci\u00f3n de dibujo lineal y, posteriormente, en el a\u00f1o 1936, los expertos del departamento hab\u00edan creado una clave dactilosc\u00f3pica y un plan graficado para investigar el delito de homicidio, confirmando la orientaci\u00f3n cient\u00edfico-t\u00e9cnica de la instituci\u00f3n.<\/p>\n<p style=\"text-align: justify;\">A nivel metropolitano, la unidad est\u00e1 compuesta por 16 especialidades que apoyan las investigaciones policiales mediante la aplicaci\u00f3n de t\u00e9cnicas y conocimientos cient\u00edficos, destac\u00e1ndose las secciones de fotograf\u00eda, huellas, bal\u00edstica, microan\u00e1lisis, ecolog\u00eda y medio ambiente, secci\u00f3n mec\u00e1nica, contabilidad, qu\u00edmica, bioqu\u00edmica, entre otras.<\/p>\n<p style=\"text-align: justify;\">A nivel regional, el Laboratorio de Criminal\u00edstica Regional Coyhaique de la Regi\u00f3n Policial de Ays\u00e9n, est\u00e1 presente desde 2006 y cuenta con las secciones fotograf\u00eda, bal\u00edstica, huellas, planimetr\u00eda, documental y contabilidad, con profesionales peritos altamente capacitados en su \u00e1mbito de intervenci\u00f3n para realizar las pericias que encomienden los Tribunales de Justicia en lo criminal, Ministerio P\u00fablico y otros organismos.<\/p>\n<p style=\"text-align: justify;\">El jefe regional, prefecto Jorge Vald\u00e9s, destac\u00f3 la importancia del trabajo cient\u00edfico-t\u00e9cnico en cada una de las investigaciones, se\u00f1alando que \u201cnuestro Laboratorio es ciencia al servicio de la investigaci\u00f3n, ya que gracias a los avances de las nuevas tecnolog\u00edas, la prueba cient\u00edfica se ha puesto en el centro del proceso de persecuci\u00f3n penal, siendo una evoluci\u00f3n tremenda en la administraci\u00f3n de la justicia, por eso para la investigaci\u00f3n de los delitos de mayor complejidad es necesario contar con equipos altamente especializados, multidisciplinarios e integrales para analizar las evidencias recolectadas en los sitios de suceso, donde el trabajo mancomunado entre peritos y detectives para el an\u00e1lisis criminal es fundamental para esclarecer los hechos\u201d.<\/p>\n<p style=\"text-align: justify;\"><strong>Secci\u00f3n Huellograf\u00eda y Dactiloscop\u00eda<\/strong><\/p>\n<p style=\"text-align: justify;\">Ahora bien, para conocer m\u00e1s sobre el trabajo cient\u00edfico-t\u00e9cnico a nivel regional, el jefe del Laboratorio de Criminal\u00edstica Regional Coyhaique, comisario Pedro Hern\u00e1ndez, destac\u00f3 el trabajo de la secci\u00f3n Huellograf\u00eda y Dactiloscop\u00eda del Laboratorio de Criminal\u00edstica Regional de la PDI, cuya misi\u00f3n es la identificaci\u00f3n de personas vivas o fallecidas, indicando que se trata de una labor muy importante en el trabajo en el sitio de suceso, lo que en la mayor\u00eda de los casos se relaciona con la investigaci\u00f3n de los delitos contra la propiedad.<\/p>\n<p style=\"text-align: justify;\">La secci\u00f3n est\u00e1 presente en todos los Laboratorios a nivel pa\u00eds y, por supuesto en la Regi\u00f3n de Ays\u00e9n, contando con dos peritos de la especialidad, quienes poseen la experiencia necesaria para desarrollar la labor que se requiere en este tipo de pericias.<\/p>\n<p style=\"text-align: justify;\">Un ejemplo del trabajo de esta especialidad, se remonta al d\u00eda 21 de junio del presente a\u00f1o, donde detectives de la Brigada Investigadora de Robos Coyhaique junto a peritos del Laboratorio de Criminal\u00edstica Regional concurren hasta la villa Los Glaciares por el delito de robo en un minimarket, \u201crealizado el trabajo en el sitio de suceso, efectuado las pericias pertinentes de la especialidad, pudiendo levantarse diversos trozos de huellas dactilares, evidencia \u00fatil para poder identificar a los autores de este il\u00edcito\u201d, precis\u00f3 el profesional perito en huellas Jorge Correa.<\/p>\n<p style=\"text-align: justify;\">Posteriormente, gracias al trabajo en conjunto con la Brigada Investigadora de Robos Coyhaique, \u201cse obtuvieron nombres de posibles autores de este delito, y gracias al trabajo pericial se logr\u00f3 identificar a un adolescente de 14 a\u00f1os quien, gracias a las huellas levantadas por el perito en el sitio del suceso, se pudo situar en el lugar, siendo imputado por su responsabilidad en los hechos\u201d, agreg\u00f3 el perito Correa.<\/p>\n<p style=\"text-align: justify;\">Este hecho, corresponde a uno de los resultados m\u00e1s recientes del \u00e1rea, pues en los \u00faltimos a\u00f1os, gracias a las pericias huellogr\u00e1ficas, se ha logrado identificar a diversos imputados como, por ejemplo, al imputado que ingres\u00f3 al local de buses Ali, quien al manipular la c\u00e1mara de seguridad dej\u00f3 un rastro dactilar que fue identificado, permitiendo situarlo en el lugar de los hechos materia de investigaci\u00f3n criminal.<\/p>\n<p style=\"text-align: justify;\">Dentro de la labor de esta secci\u00f3n, tambi\u00e9n destaca el reconocimiento cient\u00edfico de personas fallecidas mediante impresi\u00f3n dactilar, \u201cla mayor\u00eda por denuncias de presuntas desgracias, donde gracias al trabajo cient\u00edfico t\u00e9cnico, se logra su identificaci\u00f3n ya que muchas veces por las condiciones en que se encuentran los cad\u00e1veres es una de las formas m\u00e1s r\u00e1pidas pero fehacientes de poder identificarlas\u201d, agreg\u00f3 el perito en huellas.<\/p>\n<p style=\"text-align: justify;\">Ahora bien, \u201ca modo de balance del trabajo de esta \u00e1rea especializada, destaca durante el periodo enero a julio del presente a\u00f1o un total de 40 informes periciales, siendo analizadas 107 evidencias en apoyo al trabajo de las unidades dependientes de la PDI Ays\u00e9n\u201d, se\u00f1al\u00f3 Jorge Correa.<\/p>\n<p style=\"text-align: justify;\">Finalmente, desde la PDI enfatizaron que gracias a estas pericias de la secci\u00f3n huellas, y tambi\u00e9n de las otras especialidades del Laboratorio de Criminal\u00edstica, es que muchos de los delitos investigados llegan a buen t\u00e9rmino por el trabajo profesional que cumple cada miembro de esta unidad cient\u00edfico-t\u00e9cnica tan importante en la Polic\u00eda de Investigaciones de Chile.<\/p>\n<\/div><\/section><\/div><div  style='height:50px' class='hr hr-invisible   avia-builder-el-6  el_after_av_one_full  el_before_av_social_share '><span class='hr-inner ' ><span class='hr-inner-style'><\/span><\/span><\/div><\/p>\n<div  class='av-social-sharing-box  avia-builder-el-7  el_after_av_hr  el_before_av_hr  '><div class='av-share-box'><h5 class='av-share-link-description av-no-toc '>Compartir esta noticia<\/h5><ul class='av-share-box-list noLightbox'><li class='av-share-link av-social-link-facebook' ><a target=\"_blank\" aria-label=\"Compartir en Facebook\" href='https:\/\/www.facebook.com\/sharer.php?u=https:\/\/radiorevelacionfm.cl\/?p=8010&#038;t=Laboratorio%20de%20Criminal%C3%ADstica%20de%20la%20PDI%3A%2086%20a%C3%B1os%20en%20apoyo%20a%20la%20investigaci%C3%B3n%20profesional%20de%20los%20delitos%20de%20mayor%20complejidad' aria-hidden='false' data-av_icon='\ue8f3' data-av_iconfont='entypo-fontello' title='' data-avia-related-tooltip='Compartir en Facebook' rel=\"noopener\"><span class='avia_hidden_link_text'>Compartir en Facebook<\/span><\/a><\/li><li class='av-share-link av-social-link-twitter' ><a target=\"_blank\" aria-label=\"Compartir en Twitter\" href='https:\/\/twitter.com\/share?text=Laboratorio%20de%20Criminal%C3%ADstica%20de%20la%20PDI%3A%2086%20a%C3%B1os%20en%20apoyo%20a%20la%20investigaci%C3%B3n%20profesional%20de%20los%20delitos%20de%20mayor%20complejidad&#038;url=https:\/\/radiorevelacionfm.cl\/?p=8010' aria-hidden='false' data-av_icon='\ue8f1' data-av_iconfont='entypo-fontello' title='' data-avia-related-tooltip='Compartir en Twitter' rel=\"noopener\"><span class='avia_hidden_link_text'>Compartir en Twitter<\/span><\/a><\/li><li class='av-share-link av-social-link-whatsapp' ><a target=\"_blank\" aria-label=\"Compartir en Whatsapp\" href='https:\/\/api.whatsapp.com\/send?text=https:\/\/radiorevelacionfm.cl\/?p=8010' aria-hidden='false' data-av_icon='\uf232' data-av_iconfont='entypo-fontello' title='' data-avia-related-tooltip='Compartir en Whatsapp' rel=\"noopener\"><span class='avia_hidden_link_text'>Compartir en Whatsapp<\/span><\/a><\/li><li class='av-share-link av-social-link-linkedin' ><a target=\"_blank\" aria-label=\"Compartir en LinkedIn\" href='https:\/\/linkedin.com\/shareArticle?mini=true&#038;title=Laboratorio%20de%20Criminal%C3%ADstica%20de%20la%20PDI%3A%2086%20a%C3%B1os%20en%20apoyo%20a%20la%20investigaci%C3%B3n%20profesional%20de%20los%20delitos%20de%20mayor%20complejidad&#038;url=https:\/\/radiorevelacionfm.cl\/?p=8010' aria-hidden='false' data-av_icon='\ue8fc' data-av_iconfont='entypo-fontello' title='' data-avia-related-tooltip='Compartir en LinkedIn' rel=\"noopener\"><span class='avia_hidden_link_text'>Compartir en LinkedIn<\/span><\/a><\/li><li class='av-share-link av-social-link-mail' ><a  aria-label=\"Compartir por correo\" href='mailto:?subject=Laboratorio%20de%20Criminal%C3%ADstica%20de%20la%20PDI%3A%2086%20a%C3%B1os%20en%20apoyo%20a%20la%20investigaci%C3%B3n%20profesional%20de%20los%20delitos%20de%20mayor%20complejidad&#038;body=https:\/\/radiorevelacionfm.cl\/?p=8010' aria-hidden='false' data-av_icon='\ue805' data-av_iconfont='entypo-fontello' title='' data-avia-related-tooltip='Compartir por correo'><span class='avia_hidden_link_text'>Compartir por correo<\/span><\/a><\/li><\/ul><\/div><\/div>\n<div  style='height:50px' class='hr hr-invisible   avia-builder-el-8  el_after_av_social_share  el_before_av_comments_list '><span class='hr-inner ' ><span class='hr-inner-style'><\/span><\/span><\/div>\n<div  class='av-buildercomment  av-blog-meta-html-info-disabled av-blog-meta-tag-disabled  '><\/div>\n","protected":false},"excerpt":{"rendered":"","protected":false},"author":1,"featured_media":8011,"comment_status":"open","ping_status":"open","sticky":false,"template":"","format":"standard","meta":{"footnotes":""},"categories":[36],"tags":[],"class_list":["post-8010","post","type-post","status-publish","format-standard","has-post-thumbnail","hentry","category-policial"],"jetpack_featured_media_url":"https:\/\/radiorevelacionfm.cl\/wp-content\/uploads\/2021\/08\/perito-en-huellas-1-1.jpg","_links":{"self":[{"href":"https:\/\/radiorevelacionfm.cl\/index.php?rest_route=\/wp\/v2\/posts\/8010","targetHints":{"allow":["GET"]}}],"collection":[{"href":"https:\/\/radiorevelacionfm.cl\/index.php?rest_route=\/wp\/v2\/posts"}],"about":[{"href":"https:\/\/radiorevelacionfm.cl\/index.php?rest_route=\/wp\/v2\/types\/post"}],"author":[{"embeddable":true,"href":"https:\/\/radiorevelacionfm.cl\/index.php?rest_route=\/wp\/v2\/users\/1"}],"replies":[{"embeddable":true,"href":"https:\/\/radiorevelacionfm.cl\/index.php?rest_route=%2Fwp%2Fv2%2Fcomments&post=8010"}],"version-history":[{"count":1,"href":"https:\/\/radiorevelacionfm.cl\/index.php?rest_route=\/wp\/v2\/posts\/8010\/revisions"}],"predecessor-version":[{"id":8012,"href":"https:\/\/radiorevelacionfm.cl\/index.php?rest_route=\/wp\/v2\/posts\/8010\/revisions\/8012"}],"wp:featuredmedia":[{"embeddable":true,"href":"https:\/\/radiorevelacionfm.cl\/index.php?rest_route=\/wp\/v2\/media\/8011"}],"wp:attachment":[{"href":"https:\/\/radiorevelacionfm.cl\/index.php?rest_route=%2Fwp%2Fv2%2Fmedia&parent=8010"}],"wp:term":[{"taxonomy":"category","embeddable":true,"href":"https:\/\/radiorevelacionfm.cl\/index.php?rest_route=%2Fwp%2Fv2%2Fcategories&post=8010"},{"taxonomy":"post_tag","embeddable":true,"href":"https:\/\/radiorevelacionfm.cl\/index.php?rest_route=%2Fwp%2Fv2%2Ftags&post=8010"}],"curies":[{"name":"wp","href":"https:\/\/api.w.org\/{rel}","templated":true}]}}