{"id":7994,"date":"2021-08-28T14:16:33","date_gmt":"2021-08-28T17:16:33","guid":{"rendered":"https:\/\/radiorevelacionfm.cl\/?p=7994"},"modified":"2021-08-28T14:23:30","modified_gmt":"2021-08-28T17:23:30","slug":"incumplimiento-reiterado-del-pago-de-pensiones-de-alimentos-podria-constituir-violencia-intrafamiliar","status":"publish","type":"post","link":"https:\/\/radiorevelacionfm.cl\/?p=7994","title":{"rendered":"Incumplimiento reiterado del pago de pensiones de alimentos podr\u00eda constituir violencia intrafamiliar"},"content":{"rendered":"<div class=\"flex_column av_one_full  flex_column_div av-zero-column-padding first  avia-builder-el-0  el_before_av_one_full  avia-builder-el-first  \" style='border-radius:0px; '><div  class='avia-image-container  av-styling-    avia-builder-el-1  avia-builder-el-no-sibling  avia-align-center '  itemprop=\"image\" itemscope=\"itemscope\" itemtype=\"https:\/\/schema.org\/ImageObject\"  ><div class='avia-image-container-inner'><div class='avia-image-overlay-wrap'><img decoding=\"async\" class='wp-image-8004 avia-img-lazy-loading-not-8004 avia_image' src=\"https:\/\/radiorevelacionfm.cl\/wp-content\/uploads\/2021\/08\/pension-alimenticia-1-1.jpg\" alt='' title='pension-alimenticia (1) (1)' height=\"600\" width=\"901\"  itemprop=\"thumbnailUrl\" srcset=\"https:\/\/radiorevelacionfm.cl\/wp-content\/uploads\/2021\/08\/pension-alimenticia-1-1.jpg 901w, https:\/\/radiorevelacionfm.cl\/wp-content\/uploads\/2021\/08\/pension-alimenticia-1-1-300x200.jpg 300w, https:\/\/radiorevelacionfm.cl\/wp-content\/uploads\/2021\/08\/pension-alimenticia-1-1-768x511.jpg 768w, https:\/\/radiorevelacionfm.cl\/wp-content\/uploads\/2021\/08\/pension-alimenticia-1-1-705x469.jpg 705w, https:\/\/radiorevelacionfm.cl\/wp-content\/uploads\/2021\/08\/pension-alimenticia-1-1-600x400.jpg 600w\" sizes=\"(max-width: 901px) 100vw, 901px\" \/><\/div><\/div><\/div><\/div><div class=\"flex_column av_one_full  flex_column_div av-zero-column-padding first  avia-builder-el-2  el_after_av_one_full  el_before_av_one_full  column-top-margin\" style='border-radius:0px; '><section class=\"av_textblock_section \"  itemscope=\"itemscope\" itemtype=\"https:\/\/schema.org\/BlogPosting\" itemprop=\"blogPost\" ><div class='avia_textblock  '   itemprop=\"text\" ><p style=\"text-align: center;\"><span style=\"font-size: 18pt;\"><strong>Incumplimiento reiterado del pago de pensiones de alimentos podr\u00eda constituir violencia intrafamiliar<\/strong><\/span><\/p>\n<div id=\"gtx-trans\" style=\"position: absolute; left: -50px; top: 4.31534px;\">\n<div class=\"gtx-trans-icon\"><\/div>\n<\/div>\n<\/div><\/section><\/div><\/p>\n<div class=\"flex_column av_one_full  flex_column_div av-zero-column-padding first  avia-builder-el-4  el_after_av_one_full  el_before_av_hr  column-top-margin\" style='border-radius:0px; '><section class=\"av_textblock_section \"  itemscope=\"itemscope\" itemtype=\"https:\/\/schema.org\/BlogPosting\" itemprop=\"blogPost\" ><div class='avia_textblock  '   itemprop=\"text\" ><p style=\"text-align: justify;\">La Comisi\u00f3n de Mujer estableci\u00f3, entre otros aspectos, que las conductas ejercidas en contexto de relaciones afectivas o familiares que tengan como objeto la vulneraci\u00f3n de la autonom\u00eda econ\u00f3mica de la mujer, patrimonial o subsistencia econ\u00f3mica de la familia, ser\u00e1n constitutivas de VIF y si la conducta es reiterativa podr\u00eda incluso, considerarse como delito penal.<\/p>\n<p style=\"text-align: justify;\">Considerar como VIF la violencia econ\u00f3mica en contra de las mujeres; unificar el pago mensual de las pensiones de alimentos en UTM; incluir el pago de gastos extraordinarios; la conformaci\u00f3n temporal de una comisi\u00f3n de coordinaci\u00f3n y evaluaci\u00f3n de este nuevo sistema de registro, son solo algunos de los aspectos comprendidos por la\u00a0<a href=\"https:\/\/www.senado.cl\/appsenado\/index.php?mo=comisiones&amp;ac=ficha&amp;id=1126&amp;tipo_comision=13\">Comisi\u00f3n Especial de la Mujer y Equidad de G\u00e9nero<\/a>, en el marco del an\u00e1lisis en particular del proyecto que modifica la ley N\u00ba14.908, sobre abandono de familia y pago de pensiones alimenticias, y crea el Registro Nacional de Deudores de Pensiones de Alimentos.<\/p>\n<p style=\"text-align: justify;\">La instancia especializada recientemente concluy\u00f3 la votaci\u00f3n de las indicaciones presentadas al mensaje -en segundo tr\u00e1mite constitucional- que tiene por objeto facilitar y mejorar el sistema de pago de pensiones alimenticias y promover el inter\u00e9s superior de la ni\u00f1a, ni\u00f1o o adolescente y el principio de corresponsabilidad.<\/p>\n<p style=\"text-align: justify;\">El texto ahora deber\u00e1 ser analizado por la\u00a0<a href=\"https:\/\/www.senado.cl\/appsenado\/index.php?mo=comisiones&amp;ac=ficha&amp;id=188&amp;tipo_comision=10\">Comisi\u00f3n de Hacienda<\/a>, para que se pronuncie sobre las normas de su competencia, para luego pasar a Sala.<\/p>\n<p style=\"text-align: justify;\"><strong><span class=\"subtit\">VIF<\/span><\/strong><\/p>\n<p style=\"text-align: justify;\">Uno de los temas profundamente debatidos fue el inciso que establece que las conductas ejercidas en contexto de relaciones afectivas o familiares que tengan como objeto la vulneraci\u00f3n de la autonom\u00eda econ\u00f3mica de la mujer, patrimonial o subsistencia econ\u00f3mica de la familia ser\u00e1n constitutivas de <strong>violencia intrafamiliar<\/strong>\u00a0(VIF).<\/p>\n<p style=\"text-align: justify;\">As\u00ed, se propone la figura de<strong>\u00a0violencia econ\u00f3mica<\/strong>\u00a0contra la mujer, que incluye el incumplimiento reiterado de pensiones de alimentos, y tendr\u00e1 sanciones en los tribunales de familia.<\/p>\n<p style=\"text-align: justify;\">Asimismo, se precisa (por mayor\u00eda) que \u201cel que, estando obligado al pago de pensiones de alimentos, y con el objeto de menoscabar o controlar la posici\u00f3n econ\u00f3mica de la mujer, incumpliere reiteradamente el pago de la pensi\u00f3n de alimentos, ser\u00e1 sancionado con las penas del art\u00edculo 14 de esta Ley. En este caso, se entender\u00e1 que existe un incumplimiento reiterado la permanencia por m\u00e1s de 120 d\u00edas en el registro de deudores de pensiones de alimentos\u201d.<\/p>\n<p style=\"text-align: justify;\">Es decir,\u00a0<strong>puede arriesgar penas de entre 61 d\u00edas hasta 3 a\u00f1os y 1 d\u00eda de reclusi\u00f3n<\/strong>\u00a0(presidio menor en su grado m\u00ednimo a medio). Sin embargo, se aclar\u00f3 que esto siempre ser\u00e1 considerado como \u201c\u00faltima ratio\u201d.<\/p>\n<p style=\"text-align: justify;\"><strong><span class=\"subtit\">PAGO EN UTM, COMISI\u00d3N DE SEGUIMIENTO<\/span><\/strong><\/p>\n<p style=\"text-align: justify;\">En otro orden, el texto se\u00f1ala que el tribunal no podr\u00e1 fijar como monto de la pensi\u00f3n una suma que exceda el 50% de las rentas del alimentante y a trav\u00e9s de una indicaci\u00f3n se agreg\u00f3 que esto deber\u00e1 cumplirse, salvo que existan razones fundadas para fijarlo sobre este l\u00edmite, teniendo especialmente en cuenta el inter\u00e9s superior del ni\u00f1os, ni\u00f1a o adolescente y velando porque se conserve un aporte equitativo entre ambos padres.<\/p>\n<p style=\"text-align: justify;\">Las resoluciones judiciales que ordenen el pago de una pensi\u00f3n alimenticia, por un trabajador dependiente o que reciba pensi\u00f3n por vejez o invalidez, establecer\u00e1n como modalidad de pago la retenci\u00f3n por parte del empleador\/entidad que paga pensi\u00f3n, a menos que el tribunal establezca por razones fundadas su falta de idoneidad para realizar el pago.<\/p>\n<p style=\"text-align: justify;\">Salvo que se estipule lo contrario, el juez ordenar\u00e1 al empleador del alimentario o a quien tenga suscrito alg\u00fan contrato con dicha persona que retenga el dinero equivalente a la pensi\u00f3n que debe pagar.<\/p>\n<p style=\"text-align: justify;\">Sobre \u201cla mala fe\u201d en la venta de bienes por parte del deudor se acord\u00f3 que con respecto a contratos onerosos, podr\u00e1n rescindirse prob\u00e1ndose la mala fe del adquiriente, esto es, conociendo o debiendo conocer que el otorgante ten\u00eda una o m\u00e1s deudas alimenticias.<\/p>\n<p style=\"text-align: justify;\">Para \u201cordenar\/unificar\u201d el pago mensual de las pensiones de alimentos, se acord\u00f3 que esto se expresar\u00e1 en UTM. Adem\u00e1s, se agregaron \u201cpagos extraordinarios\u201d, lo que ser\u00e1 en la proporci\u00f3n que determine o apruebe el juez, para hacer frente a gastos m\u00e9dicos de urgencia, odontol\u00f3gicos, giras de estudio, entre otros, estableciendo que estos no sean imputados como el pago mensual de la pensi\u00f3n de alimentos.<\/p>\n<p style=\"text-align: justify;\">La Comisi\u00f3n adem\u00e1s acord\u00f3 que se conformar\u00e1, por tres a\u00f1os, una\u00a0Comisi\u00f3n de Coordinaci\u00f3n y Evaluaci\u00f3n de este nuevo Sistema de Cumplimiento de Pensiones de Alimentos, para la puesta en marcha de este sistema.<\/p>\n<\/div><\/section><\/div>\n<div  style='height:50px' class='hr hr-invisible   avia-builder-el-6  el_after_av_one_full  el_before_av_social_share '><span class='hr-inner ' ><span class='hr-inner-style'><\/span><\/span><\/div>\n<div  class='av-social-sharing-box  avia-builder-el-7  el_after_av_hr  el_before_av_hr  '><div class='av-share-box'><h5 class='av-share-link-description av-no-toc '>Compartir esta noticia<\/h5><ul class='av-share-box-list noLightbox'><li class='av-share-link av-social-link-facebook' ><a target=\"_blank\" aria-label=\"Compartir en Facebook\" href='https:\/\/www.facebook.com\/sharer.php?u=https:\/\/radiorevelacionfm.cl\/?p=7994&#038;t=Incumplimiento%20reiterado%20del%20pago%20de%20pensiones%20de%20alimentos%20podr%C3%ADa%20constituir%20violencia%20intrafamiliar' aria-hidden='false' data-av_icon='\ue8f3' data-av_iconfont='entypo-fontello' title='' data-avia-related-tooltip='Compartir en Facebook' rel=\"noopener\"><span class='avia_hidden_link_text'>Compartir en Facebook<\/span><\/a><\/li><li class='av-share-link av-social-link-twitter' ><a target=\"_blank\" aria-label=\"Compartir en Twitter\" href='https:\/\/twitter.com\/share?text=Incumplimiento%20reiterado%20del%20pago%20de%20pensiones%20de%20alimentos%20podr%C3%ADa%20constituir%20violencia%20intrafamiliar&#038;url=https:\/\/radiorevelacionfm.cl\/?p=7994' aria-hidden='false' data-av_icon='\ue8f1' data-av_iconfont='entypo-fontello' title='' data-avia-related-tooltip='Compartir en Twitter' rel=\"noopener\"><span class='avia_hidden_link_text'>Compartir en Twitter<\/span><\/a><\/li><li class='av-share-link av-social-link-whatsapp' ><a target=\"_blank\" aria-label=\"Compartir en Whatsapp\" href='https:\/\/api.whatsapp.com\/send?text=https:\/\/radiorevelacionfm.cl\/?p=7994' aria-hidden='false' data-av_icon='\uf232' data-av_iconfont='entypo-fontello' title='' data-avia-related-tooltip='Compartir en Whatsapp' rel=\"noopener\"><span class='avia_hidden_link_text'>Compartir en Whatsapp<\/span><\/a><\/li><li class='av-share-link av-social-link-linkedin' ><a target=\"_blank\" aria-label=\"Compartir en LinkedIn\" href='https:\/\/linkedin.com\/shareArticle?mini=true&#038;title=Incumplimiento%20reiterado%20del%20pago%20de%20pensiones%20de%20alimentos%20podr%C3%ADa%20constituir%20violencia%20intrafamiliar&#038;url=https:\/\/radiorevelacionfm.cl\/?p=7994' aria-hidden='false' data-av_icon='\ue8fc' data-av_iconfont='entypo-fontello' title='' data-avia-related-tooltip='Compartir en LinkedIn' rel=\"noopener\"><span class='avia_hidden_link_text'>Compartir en LinkedIn<\/span><\/a><\/li><li class='av-share-link av-social-link-mail' ><a  aria-label=\"Compartir por correo\" href='mailto:?subject=Incumplimiento%20reiterado%20del%20pago%20de%20pensiones%20de%20alimentos%20podr%C3%ADa%20constituir%20violencia%20intrafamiliar&#038;body=https:\/\/radiorevelacionfm.cl\/?p=7994' aria-hidden='false' data-av_icon='\ue805' data-av_iconfont='entypo-fontello' title='' data-avia-related-tooltip='Compartir por correo'><span class='avia_hidden_link_text'>Compartir por correo<\/span><\/a><\/li><\/ul><\/div><\/div>\n<div  style='height:50px' class='hr hr-invisible   avia-builder-el-8  el_after_av_social_share  el_before_av_comments_list '><span class='hr-inner ' ><span class='hr-inner-style'><\/span><\/span><\/div>\n<div  class='av-buildercomment  av-blog-meta-html-info-disabled av-blog-meta-tag-disabled  '><\/div>\n","protected":false},"excerpt":{"rendered":"","protected":false},"author":1,"featured_media":8004,"comment_status":"open","ping_status":"open","sticky":false,"template":"","format":"standard","meta":{"footnotes":""},"categories":[1],"tags":[],"class_list":["post-7994","post","type-post","status-publish","format-standard","has-post-thumbnail","hentry","category-sin-categoria"],"jetpack_featured_media_url":"https:\/\/radiorevelacionfm.cl\/wp-content\/uploads\/2021\/08\/pension-alimenticia-1-1.jpg","_links":{"self":[{"href":"https:\/\/radiorevelacionfm.cl\/index.php?rest_route=\/wp\/v2\/posts\/7994","targetHints":{"allow":["GET"]}}],"collection":[{"href":"https:\/\/radiorevelacionfm.cl\/index.php?rest_route=\/wp\/v2\/posts"}],"about":[{"href":"https:\/\/radiorevelacionfm.cl\/index.php?rest_route=\/wp\/v2\/types\/post"}],"author":[{"embeddable":true,"href":"https:\/\/radiorevelacionfm.cl\/index.php?rest_route=\/wp\/v2\/users\/1"}],"replies":[{"embeddable":true,"href":"https:\/\/radiorevelacionfm.cl\/index.php?rest_route=%2Fwp%2Fv2%2Fcomments&post=7994"}],"version-history":[{"count":3,"href":"https:\/\/radiorevelacionfm.cl\/index.php?rest_route=\/wp\/v2\/posts\/7994\/revisions"}],"predecessor-version":[{"id":8006,"href":"https:\/\/radiorevelacionfm.cl\/index.php?rest_route=\/wp\/v2\/posts\/7994\/revisions\/8006"}],"wp:featuredmedia":[{"embeddable":true,"href":"https:\/\/radiorevelacionfm.cl\/index.php?rest_route=\/wp\/v2\/media\/8004"}],"wp:attachment":[{"href":"https:\/\/radiorevelacionfm.cl\/index.php?rest_route=%2Fwp%2Fv2%2Fmedia&parent=7994"}],"wp:term":[{"taxonomy":"category","embeddable":true,"href":"https:\/\/radiorevelacionfm.cl\/index.php?rest_route=%2Fwp%2Fv2%2Fcategories&post=7994"},{"taxonomy":"post_tag","embeddable":true,"href":"https:\/\/radiorevelacionfm.cl\/index.php?rest_route=%2Fwp%2Fv2%2Ftags&post=7994"}],"curies":[{"name":"wp","href":"https:\/\/api.w.org\/{rel}","templated":true}]}}