{"id":7986,"date":"2021-08-28T13:08:49","date_gmt":"2021-08-28T16:08:49","guid":{"rendered":"https:\/\/radiorevelacionfm.cl\/?p=7986"},"modified":"2021-08-28T13:26:33","modified_gmt":"2021-08-28T16:26:33","slug":"con-pausas-activas-y-rutinas-de-ejercicios-4-establecimientos-de-aysen-inician-escuelas-saludables-para-el-aprendizaje","status":"publish","type":"post","link":"https:\/\/radiorevelacionfm.cl\/?p=7986","title":{"rendered":"Con pausas activas y rutinas de ejercicios 4 establecimientos de Ays\u00e9n inician Escuelas Saludables Para el Aprendizaje"},"content":{"rendered":"<div class=\"flex_column av_one_full  flex_column_div av-zero-column-padding first  avia-builder-el-0  el_before_av_one_full  avia-builder-el-first  \" style='border-radius:0px; '><div  class='avia-image-container  av-styling-    avia-builder-el-1  avia-builder-el-no-sibling  avia-align-center '  itemprop=\"image\" itemscope=\"itemscope\" itemtype=\"https:\/\/schema.org\/ImageObject\"  ><div class='avia-image-container-inner'><div class='avia-image-overlay-wrap'><img decoding=\"async\" class='wp-image-8001 avia-img-lazy-loading-not-8001 avia_image' src=\"https:\/\/radiorevelacionfm.cl\/wp-content\/uploads\/2021\/08\/Imagen3-1.jpg\" alt='' title='Imagen3 (1)' height=\"600\" width=\"899\"  itemprop=\"thumbnailUrl\" srcset=\"https:\/\/radiorevelacionfm.cl\/wp-content\/uploads\/2021\/08\/Imagen3-1.jpg 899w, https:\/\/radiorevelacionfm.cl\/wp-content\/uploads\/2021\/08\/Imagen3-1-300x200.jpg 300w, https:\/\/radiorevelacionfm.cl\/wp-content\/uploads\/2021\/08\/Imagen3-1-768x513.jpg 768w, https:\/\/radiorevelacionfm.cl\/wp-content\/uploads\/2021\/08\/Imagen3-1-705x471.jpg 705w, https:\/\/radiorevelacionfm.cl\/wp-content\/uploads\/2021\/08\/Imagen3-1-600x400.jpg 600w\" sizes=\"(max-width: 899px) 100vw, 899px\" \/><\/div><\/div><\/div><\/div><div class=\"flex_column av_one_full  flex_column_div av-zero-column-padding first  avia-builder-el-2  el_after_av_one_full  el_before_av_one_full  column-top-margin\" style='border-radius:0px; '><section class=\"av_textblock_section \"  itemscope=\"itemscope\" itemtype=\"https:\/\/schema.org\/BlogPosting\" itemprop=\"blogPost\" ><div class='avia_textblock  '   itemprop=\"text\" ><p style=\"text-align: center;\"><strong><span style=\"font-size: 18pt;\">Con pausas activas y rutinas de ejercicios 4 establecimientos de Ays\u00e9n inician Escuelas Saludables Para el Aprendizaje<\/span><\/strong><\/p>\n<div id=\"gtx-trans\" style=\"position: absolute; left: -50px; top: 4.31534px;\">\n<div class=\"gtx-trans-icon\"><\/div>\n<\/div>\n<\/div><\/section><\/div><\/p>\n<div class=\"flex_column av_one_full  flex_column_div av-zero-column-padding first  avia-builder-el-4  el_after_av_one_full  el_before_av_hr  column-top-margin\" style='border-radius:0px; '><section class=\"av_textblock_section \"  itemscope=\"itemscope\" itemtype=\"https:\/\/schema.org\/BlogPosting\" itemprop=\"blogPost\" ><div class='avia_textblock  '   itemprop=\"text\" ><p style=\"text-align: justify;\">Positivo es el balance a dos semanas de la puesta en marcha del programa Escuelas Saludables Para el Aprendizaje, ESPA, en cuatro establecimientos educacionales municipalizados de la comuna de Ays\u00e9n.<\/p>\n<p style=\"text-align: justify;\">La iniciativa, que forma parte del convenio suscrito entre la municipalidad de Ays\u00e9n y la Junta Nacional de Auxilio Escolar y Becas, a trav\u00e9s de la Direcci\u00f3n de Educaci\u00f3n Municipal y el departamento de Salud del Estudiante de JUNAEB, espec\u00edficamente, tiene como principal objetivo promover estilos de vida saludable, con especial enfoque a las condicionantes de actividad f\u00edsica.<\/p>\n<p style=\"text-align: justify;\">Ello, a trav\u00e9s de la generaci\u00f3n de rutinas de ejercicios y pausas activas en horarios definidos en las escuelas beneficiarias -Litoral Austral, Poetisa Gabriela Mistral, Ribera Sur en Puerto Ays\u00e9n, y Almirante Simpson en Puerto Chacabuco-, las cuales est\u00e1n a cargo de monitores profesores de educaci\u00f3n f\u00edsica y apuntadas a estudiantes de niveles preb\u00e1sicos y primer a\u00f1o de educaci\u00f3n b\u00e1sica.<\/p>\n<p style=\"text-align: justify;\">Al respecto, Cynthia Arra\u00f1o, coordinadora de la Unidad Extraescolar, Salud y Deporte del DEM Ays\u00e9n, manifest\u00f3 su conformidad tras el inicio de este programa que, adem\u00e1s de contratar un monitor espec\u00edfico de las \u00e1reas deportivas, permite la adquisici\u00f3n de insumos deportivos en beneficio de los estudiantes, y que una vez finalizado, quedar\u00e1 en manos del establecimiento para su uso habitual. \u201cEstamos muy contentos, ya que hemos podido a comenzar a trabajar en las cuatro escuelitas. Esto, porque para las clases se exige presencialidad y debido a la cuarentena, las fases en que hemos estado y las actualizaciones del plan Paso a Paso, hemos tenido que retrasar el inicio, pero estamos felices de poder instaurarlo\u201d, indic\u00f3.<\/p>\n<p style=\"text-align: justify;\"><strong>Escuela Ribera Sur<\/strong><\/p>\n<p style=\"text-align: justify;\">Para el monitor deportivo de la escuela Ribera Sur, Sebasti\u00e1n Rojas, el retorno a la actividad f\u00edsica con los m\u00e1s peque\u00f1os en gimnasios, \u201cha sido bastante entretenido. Ah\u00ed es donde a uno tambi\u00e9n vuelve a sentir la vocaci\u00f3n de ser profesor\u201d.<\/p>\n<p style=\"text-align: justify;\">El profesional, quien fuese alumno de la escuela en que hoy trabaja, indic\u00f3 que si bien ha habido algunas dificultades propias del proceso \u201cse entienden, porque los ni\u00f1os han estado mucho tiempo sin escuela regular de forma presencial. Todav\u00eda les cuesta seguir algunas indicaciones, pero b\u00e1sicamente lo que se busca es darles un momento entretenido, sacarlos de su rutina de la escuela, de las clases y poder tambi\u00e9n enfocar hacia la vida activa, la vida saludable que con esto de la pandemia nos ha golpeado a todos, sobre todo en la parte de salud\u201d.<\/p>\n<p style=\"text-align: justify;\">El fin de estas actividades, que se desarrollan de lunes a viernes -de 10.45 a 11.00 horas, en el caso de niveles preb\u00e1sicos; y de 11.45 a 12.00 para 1eros y 2dos b\u00e1sicos-, \u201ces sacar a los ni\u00f1os del sedentarismo, pensando en evitarles el tema del sobrepeso y la obesidad, y con ello, las enfermedades cr\u00f3nicas no trasmisibles que vienen derivadas de estos problemas. As\u00ed, van generando rutina de hacer alguna actividad que luego les crea el h\u00e1bito de salir a jugar, salir a correr, volver a tener esa ni\u00f1ez que se ha perdido de cierta manera por el encierro\u201d.<\/p>\n<p style=\"text-align: justify;\"><strong>Escuela Gabriela Mistral<\/strong><\/p>\n<p style=\"text-align: justify;\">Francisco Coliboro, monitor del programa en la escuela Poetisa Gabriela Mistral, dio cuenta de la buena disposici\u00f3n con que ha sido acogida esta iniciativa en el establecimiento educacional, lo que facilita la participaci\u00f3n de las y los estudiantes en estos espacios activos. \u201cDesde el d\u00eda uno, la escuela se ha mostrado dispuesta a las participaciones del taller, se organizaron los tiempos, lo que ha permitido que los alumnos puedan ser parte en horarios que se han dispuesto para ello, que son lunes, martes, jueves y viernes de 11.00 a 11.30 horas\u201d.<\/p>\n<p style=\"text-align: justify;\">Agreg\u00f3 que \u201clos ni\u00f1os han tenido una excelente llegada porque son actividades m\u00e1s l\u00fadicas as\u00ed que todos est\u00e1n con la mejor disposici\u00f3n. Como son peque\u00f1os la metodolog\u00eda es diferente porque lo que se busca es aprovechar al m\u00e1ximo el tiempo que tenemos con ellos para que jugando aprendan y con el foco siempre en la entretenci\u00f3n. La idea de instalar estos programas es que sepan apreciar la actividad f\u00edsica y el deporte, adem\u00e1s gastan sus energ\u00edas y as\u00ed poco a poco ir reduciendo los \u00edndices de sobrepeso y obesidad que existe en la regi\u00f3n y, espec\u00edficamente, en la comuna\u201d.<\/p>\n<p style=\"text-align: justify;\"><strong>Escuela Litoral Austral<\/strong><\/p>\n<p style=\"text-align: justify;\">Ad portas de iniciar en esta escuela se encuentra el programa ESPA, en el que su monitora, Carol Valderas, ya ha iniciado el contacto a trav\u00e9s de la visita al recinto estudiantil para conocer los espacios en que har\u00e1 efectiva sus rutinas. \u201cLos profesores, la comunidad educativa en general, nos recibieron s\u00faper bien. As\u00ed que vamos avanzando. Ya la pr\u00f3xima semana iremos a conoceremos a los peque\u00f1os, y lo importante es que sabemos que por el momento est\u00e1n asistiendo varios ni\u00f1os a la escuela\u201d, manifest\u00f3 la profesora de educaci\u00f3n f\u00edsica.<\/p>\n<p style=\"text-align: justify;\">La instancia, que inicialmente se efectuar\u00e1 los d\u00edas mi\u00e9rcoles y jueves, y que luego espera poder incorporar los lunes y martes con ni\u00f1os de primer a\u00f1o b\u00e1sico y, \u201csi es posible, segundo b\u00e1sico tambi\u00e9n porque queremos que la mayor cantidad de ni\u00f1os puedan divertirse aprendiendo jugando, con seguridad\u201d, manifest\u00f3 la docente.<\/p>\n<p style=\"text-align: justify;\">Adem\u00e1s, invit\u00f3 a los padres a que env\u00eden a sus ni\u00f1os a clases, porque \u201charemos muchas actividades, especialmente hoy cuando hay tanto sedentarismo. Y nos afectan tanto las nuevas tecnolog\u00edas. Igual hay muchas actividades que los ni\u00f1os pueden incluir en sus vidas diarias, que permiten la vida sana, el cuidado personal, todo sin dejar de divertirse\u201d.<\/p>\n<p style=\"text-align: justify;\"><strong>Almirante Simpson<\/strong><\/p>\n<p style=\"text-align: justify;\">\u201cNosotros estamos haciendo estas pautas de recreo donde intervenimos en los cursos durante 15 minutos y que ha funcionado s\u00faper bien. Los ni\u00f1os al no tener recreo lo ven como su espacio recreativo, siempre respetando las normas como mascarillas, espacio entre personal. Tambi\u00e9n el colegio est\u00e1 muy dispuesto porque esto es un beneficio para todos\u201d, se\u00f1al\u00f3 Fidel D\u00edaz, profesor monitor del programa en la escuela Almirante Simpson en Puerto Chacabuco.<\/p>\n<p style=\"text-align: justify;\">El docente, que adem\u00e1s trabaja en dicho establecimiento, haciendo clases regulares de educaci\u00f3n f\u00edsica, manifest\u00f3 al respeto que \u201cesto es una ventaja porque conozco a los ni\u00f1os, est\u00e1 la confianza, los ni\u00f1os me conocen, por lo cual todas las clases ha sido muy buenas, nunca hemos tenido inconvenientes\u201d.<\/p>\n<p style=\"text-align: justify;\">Al respecto, lunes y jueves de 12.30 a 12.45, y los d\u00edas martes y mi\u00e9rcoles de 9.30 a 9.45 es el turno de los niveles de preb\u00e1sica, mientras que de lunes a jueves de 11.10 a 11.25 corresponde a primer y segundo a\u00f1o b\u00e1sico.<\/p>\n<p style=\"text-align: justify;\">De entre las diversas estrategias utilizadas, de cara a conquistar a este grupo de estudiantes, cuya edad fluct\u00faa entre los cuatro y seis a\u00f1os de edad aproximadamente \u201cla m\u00fasica que les gusta es una muy buena opci\u00f3n, hoy est\u00e1 muy de moda el tik tok, as\u00ed que hacemos las actividades y luego como premio pongo la m\u00fasica que ellos elijen y eso ha dado mucho resultado\u201d.<\/p>\n<p style=\"text-align: justify;\">A juicio del profesional, \u201cel objetivo al que apunta este programa es demasiado importante. El sedentarismo y la obesidad han aumentado mucho, especialmente en el sur de Chile, y el ESPA busca combatir esto que muchas veces en las casas los padres por temas de tiempo no pueden hacerlo. Este programa ayuda a incentivar que los chicos hagan un poco m\u00e1s de deporte, y est\u00e9n en contacto con la educaci\u00f3n f\u00edsica que no es s\u00f3lo ejercicios, sino tambi\u00e9n juegos y \u00e1reas recreativas\u201d, finaliz\u00f3.<\/p>\n<\/div><\/section><\/div>\n<div  style='height:50px' class='hr hr-invisible   avia-builder-el-6  el_after_av_one_full  el_before_av_social_share '><span class='hr-inner ' ><span class='hr-inner-style'><\/span><\/span><\/div>\n<div  class='av-social-sharing-box  avia-builder-el-7  el_after_av_hr  el_before_av_hr  '><div class='av-share-box'><h5 class='av-share-link-description av-no-toc '>Compartir esta noticia<\/h5><ul class='av-share-box-list noLightbox'><li class='av-share-link av-social-link-facebook' ><a target=\"_blank\" aria-label=\"Compartir en Facebook\" href='https:\/\/www.facebook.com\/sharer.php?u=https:\/\/radiorevelacionfm.cl\/?p=7986&#038;t=Con%20pausas%20activas%20y%20rutinas%20de%20ejercicios%204%20establecimientos%20de%20Ays%C3%A9n%20inician%20Escuelas%20Saludables%20Para%20el%20Aprendizaje' aria-hidden='false' data-av_icon='\ue8f3' data-av_iconfont='entypo-fontello' title='' data-avia-related-tooltip='Compartir en Facebook' rel=\"noopener\"><span class='avia_hidden_link_text'>Compartir en Facebook<\/span><\/a><\/li><li class='av-share-link av-social-link-twitter' ><a target=\"_blank\" aria-label=\"Compartir en Twitter\" href='https:\/\/twitter.com\/share?text=Con%20pausas%20activas%20y%20rutinas%20de%20ejercicios%204%20establecimientos%20de%20Ays%C3%A9n%20inician%20Escuelas%20Saludables%20Para%20el%20Aprendizaje&#038;url=https:\/\/radiorevelacionfm.cl\/?p=7986' aria-hidden='false' data-av_icon='\ue8f1' data-av_iconfont='entypo-fontello' title='' data-avia-related-tooltip='Compartir en Twitter' rel=\"noopener\"><span class='avia_hidden_link_text'>Compartir en Twitter<\/span><\/a><\/li><li class='av-share-link av-social-link-whatsapp' ><a target=\"_blank\" aria-label=\"Compartir en Whatsapp\" href='https:\/\/api.whatsapp.com\/send?text=https:\/\/radiorevelacionfm.cl\/?p=7986' aria-hidden='false' data-av_icon='\uf232' data-av_iconfont='entypo-fontello' title='' data-avia-related-tooltip='Compartir en Whatsapp' rel=\"noopener\"><span class='avia_hidden_link_text'>Compartir en Whatsapp<\/span><\/a><\/li><li class='av-share-link av-social-link-linkedin' ><a target=\"_blank\" aria-label=\"Compartir en LinkedIn\" href='https:\/\/linkedin.com\/shareArticle?mini=true&#038;title=Con%20pausas%20activas%20y%20rutinas%20de%20ejercicios%204%20establecimientos%20de%20Ays%C3%A9n%20inician%20Escuelas%20Saludables%20Para%20el%20Aprendizaje&#038;url=https:\/\/radiorevelacionfm.cl\/?p=7986' aria-hidden='false' data-av_icon='\ue8fc' data-av_iconfont='entypo-fontello' title='' data-avia-related-tooltip='Compartir en LinkedIn' rel=\"noopener\"><span class='avia_hidden_link_text'>Compartir en LinkedIn<\/span><\/a><\/li><li class='av-share-link av-social-link-mail' ><a  aria-label=\"Compartir por correo\" href='mailto:?subject=Con%20pausas%20activas%20y%20rutinas%20de%20ejercicios%204%20establecimientos%20de%20Ays%C3%A9n%20inician%20Escuelas%20Saludables%20Para%20el%20Aprendizaje&#038;body=https:\/\/radiorevelacionfm.cl\/?p=7986' aria-hidden='false' data-av_icon='\ue805' data-av_iconfont='entypo-fontello' title='' data-avia-related-tooltip='Compartir por correo'><span class='avia_hidden_link_text'>Compartir por correo<\/span><\/a><\/li><\/ul><\/div><\/div>\n<div  style='height:50px' class='hr hr-invisible   avia-builder-el-8  el_after_av_social_share  el_before_av_comments_list '><span class='hr-inner ' ><span class='hr-inner-style'><\/span><\/span><\/div>\n<div  class='av-buildercomment  av-blog-meta-html-info-disabled av-blog-meta-tag-disabled  '><\/div>\n","protected":false},"excerpt":{"rendered":"","protected":false},"author":1,"featured_media":8001,"comment_status":"open","ping_status":"open","sticky":false,"template":"","format":"standard","meta":{"footnotes":""},"categories":[49],"tags":[],"class_list":["post-7986","post","type-post","status-publish","format-standard","has-post-thumbnail","hentry","category-educacion"],"jetpack_featured_media_url":"https:\/\/radiorevelacionfm.cl\/wp-content\/uploads\/2021\/08\/Imagen3-1.jpg","_links":{"self":[{"href":"https:\/\/radiorevelacionfm.cl\/index.php?rest_route=\/wp\/v2\/posts\/7986","targetHints":{"allow":["GET"]}}],"collection":[{"href":"https:\/\/radiorevelacionfm.cl\/index.php?rest_route=\/wp\/v2\/posts"}],"about":[{"href":"https:\/\/radiorevelacionfm.cl\/index.php?rest_route=\/wp\/v2\/types\/post"}],"author":[{"embeddable":true,"href":"https:\/\/radiorevelacionfm.cl\/index.php?rest_route=\/wp\/v2\/users\/1"}],"replies":[{"embeddable":true,"href":"https:\/\/radiorevelacionfm.cl\/index.php?rest_route=%2Fwp%2Fv2%2Fcomments&post=7986"}],"version-history":[{"count":3,"href":"https:\/\/radiorevelacionfm.cl\/index.php?rest_route=\/wp\/v2\/posts\/7986\/revisions"}],"predecessor-version":[{"id":8003,"href":"https:\/\/radiorevelacionfm.cl\/index.php?rest_route=\/wp\/v2\/posts\/7986\/revisions\/8003"}],"wp:featuredmedia":[{"embeddable":true,"href":"https:\/\/radiorevelacionfm.cl\/index.php?rest_route=\/wp\/v2\/media\/8001"}],"wp:attachment":[{"href":"https:\/\/radiorevelacionfm.cl\/index.php?rest_route=%2Fwp%2Fv2%2Fmedia&parent=7986"}],"wp:term":[{"taxonomy":"category","embeddable":true,"href":"https:\/\/radiorevelacionfm.cl\/index.php?rest_route=%2Fwp%2Fv2%2Fcategories&post=7986"},{"taxonomy":"post_tag","embeddable":true,"href":"https:\/\/radiorevelacionfm.cl\/index.php?rest_route=%2Fwp%2Fv2%2Ftags&post=7986"}],"curies":[{"name":"wp","href":"https:\/\/api.w.org\/{rel}","templated":true}]}}