{"id":7981,"date":"2021-08-27T19:30:00","date_gmt":"2021-08-27T22:30:00","guid":{"rendered":"https:\/\/radiorevelacionfm.cl\/?p=7981"},"modified":"2021-08-27T20:10:00","modified_gmt":"2021-08-27T23:10:00","slug":"centro-de-montana-el-fraile-abre-su-temporada-y-se-preparara-para-desarrollar-actividades-durante-todo-el-ano","status":"publish","type":"post","link":"https:\/\/radiorevelacionfm.cl\/?p=7981","title":{"rendered":"Centro de Monta\u00f1a El Fraile abre su temporada y se prepara para desarrollar actividades durante todo el a\u00f1o"},"content":{"rendered":"<div class=\"flex_column av_one_full  flex_column_div av-zero-column-padding first  avia-builder-el-0  el_before_av_one_full  avia-builder-el-first  \" style='border-radius:0px; '><div  class='avia-image-container  av-styling-    avia-builder-el-1  avia-builder-el-no-sibling  avia-align-center '  itemprop=\"image\" itemscope=\"itemscope\" itemtype=\"https:\/\/schema.org\/ImageObject\"  ><div class='avia-image-container-inner'><div class='avia-image-overlay-wrap'><img decoding=\"async\" class='wp-image-7982 avia-img-lazy-loading-not-7982 avia_image' src=\"https:\/\/radiorevelacionfm.cl\/wp-content\/uploads\/2021\/08\/22-1.jpg\" alt='' title='22 (1)' height=\"600\" width=\"900\"  itemprop=\"thumbnailUrl\" srcset=\"https:\/\/radiorevelacionfm.cl\/wp-content\/uploads\/2021\/08\/22-1.jpg 900w, https:\/\/radiorevelacionfm.cl\/wp-content\/uploads\/2021\/08\/22-1-300x200.jpg 300w, https:\/\/radiorevelacionfm.cl\/wp-content\/uploads\/2021\/08\/22-1-768x512.jpg 768w, https:\/\/radiorevelacionfm.cl\/wp-content\/uploads\/2021\/08\/22-1-705x470.jpg 705w, https:\/\/radiorevelacionfm.cl\/wp-content\/uploads\/2021\/08\/22-1-600x400.jpg 600w\" sizes=\"(max-width: 900px) 100vw, 900px\" \/><\/div><\/div><\/div><\/div>\n<div class=\"flex_column av_one_full  flex_column_div av-zero-column-padding first  avia-builder-el-2  el_after_av_one_full  el_before_av_one_full  column-top-margin\" style='border-radius:0px; '><section class=\"av_textblock_section \"  itemscope=\"itemscope\" itemtype=\"https:\/\/schema.org\/BlogPosting\" itemprop=\"blogPost\" ><div class='avia_textblock  '   itemprop=\"text\" ><p style=\"text-align: center;\"><span style=\"font-size: 18pt;\"><b>Centro de Monta\u00f1a El Fraile abre su temporada y se prepara para desarrollar actividades durante todo el a\u00f1o<\/b><\/span><\/p>\n<div id=\"gtx-trans\" style=\"position: absolute; left: -50px; top: 4.31534px;\">\n<div class=\"gtx-trans-icon\"><\/div>\n<\/div>\n<\/div><\/section><\/div><div class=\"flex_column av_one_full  flex_column_div av-zero-column-padding first  avia-builder-el-4  el_after_av_one_full  el_before_av_hr  column-top-margin\" style='border-radius:0px; '><section class=\"av_textblock_section \"  itemscope=\"itemscope\" itemtype=\"https:\/\/schema.org\/BlogPosting\" itemprop=\"blogPost\" ><div class='avia_textblock  '   itemprop=\"text\" ><div>\n<p class=\"v1MsoNormal\" style=\"text-align: justify;\">Con la presencia de diversas autoridades regionales, representantes de clubes y organizaciones locales el Mindep\/ Ind Ays\u00e9n junto al administrador del centro dieron el vamos al inicio de temporada.<\/p>\n<p class=\"v1MsoNormal\" style=\"text-align: justify;\">Se estaba esperando con ansias y finalmente la nieve lleg\u00f3 y con ello el inicio a las actividades del Centro de Monta\u00f1a El Fraile, instancia en la que tanto el Seremi del Deporte, Rodrigo Cubilla Retamal, como el Director Regional del IND Jos\u00e9 Manuel Sep\u00falveda y su Administrador, Ricardo Torres, destacaron que existe el compromiso de realizar acciones concretas para \u00abdesarrollar el turismo de monta\u00f1a durante todo el a\u00f1o y no s\u00f3lo en el invierno\u00bb.<\/p>\n<p class=\"v1MsoNormal\" style=\"text-align: justify;\">\u00abHoy estamos dando un nuevo comienzo en el Centro de Monta\u00f1a El Fraile y donde se est\u00e1n desarrollando deportes invernales gracias a la nieve que ha ca\u00eddo pero queremos hacer una llamado a la comunidad y a los turistas para que vengan a este centro de monta\u00f1a que s\u00f3lo est\u00e1 a 25 minutos de la capital regional, a disfrutar de diversas actividades como descenso en bicicletas, senderismo, durante todo el a\u00f1o\u00bb, asever\u00f3 el Seremi del Deporte, Rodrigo Cubilla Retamal.<\/p>\n<p class=\"v1MsoNormal\" style=\"text-align: justify;\">En tanto el Director Regional del IND Jos\u00e9 Manuel Sep\u00falveda manifest\u00f3 \u00abestamos contentos de dar este inicio oficial a las actividades del Centro de Monta\u00f1a El Fraile, donde acabamos de presentar a su nuevo administrador a las diversas autoridades que hoy nos acompa\u00f1an y quienes nos van a dar su apoyo para la operaci\u00f3n y desarrollo del centro en beneficio de la comunidad para que puedan disfrutar de sus instalaciones y entorno natural tanto en invierno como en verano\u00bb.<\/p>\n<p class=\"v1MsoNormal\" style=\"text-align: justify;\">Finalmente Ricardo Torres, administrador del centro, precis\u00f3 \u00abla reuni\u00f3n de hoy con las autoridades y organizaciones fue muy fruct\u00edfera, se vienen muchas actividades ya que el centro va estar abierto durante todo el a\u00f1o para otras actividades, como senderismo, trekking, cursos de sobrevivencia en la monta\u00f1a y en el mes de enero y febrero comenzar a desarrollar con mucha fuerza el\u00a0 circuito para bicicletas\u00bb.<\/p>\n<p class=\"v1MsoNormal\" style=\"text-align: justify;\">En este sentido, en los meses de diciembre y enero se proyecta ampliar los circuitos y pistas existentes para potenciar el mountain bike en alianza MTB Club de Monta\u00f1a y Club Ays\u00e9n Patagonia, remontando las bicicletas con los andariveles existentes.<\/p>\n<\/div>\n<div style=\"text-align: justify;\"><\/div>\n<\/div><\/section><\/div><\/p>\n<div  style='height:50px' class='hr hr-invisible   avia-builder-el-6  el_after_av_one_full  el_before_av_social_share '><span class='hr-inner ' ><span class='hr-inner-style'><\/span><\/span><\/div>\n<div  class='av-social-sharing-box  avia-builder-el-7  el_after_av_hr  el_before_av_hr  '><div class='av-share-box'><h5 class='av-share-link-description av-no-toc '>Compartir esta noticia<\/h5><ul class='av-share-box-list noLightbox'><li class='av-share-link av-social-link-facebook' ><a target=\"_blank\" aria-label=\"Compartir en Facebook\" href='https:\/\/www.facebook.com\/sharer.php?u=https:\/\/radiorevelacionfm.cl\/?p=7981&#038;t=Centro%20de%20Monta%C3%B1a%20El%20Fraile%20abre%20su%20temporada%20y%20se%20prepara%20para%20desarrollar%20actividades%20durante%20todo%20el%20a%C3%B1o' aria-hidden='false' data-av_icon='\ue8f3' data-av_iconfont='entypo-fontello' title='' data-avia-related-tooltip='Compartir en Facebook' rel=\"noopener\"><span class='avia_hidden_link_text'>Compartir en Facebook<\/span><\/a><\/li><li class='av-share-link av-social-link-twitter' ><a target=\"_blank\" aria-label=\"Compartir en Twitter\" href='https:\/\/twitter.com\/share?text=Centro%20de%20Monta%C3%B1a%20El%20Fraile%20abre%20su%20temporada%20y%20se%20prepara%20para%20desarrollar%20actividades%20durante%20todo%20el%20a%C3%B1o&#038;url=https:\/\/radiorevelacionfm.cl\/?p=7981' aria-hidden='false' data-av_icon='\ue8f1' data-av_iconfont='entypo-fontello' title='' data-avia-related-tooltip='Compartir en Twitter' rel=\"noopener\"><span class='avia_hidden_link_text'>Compartir en Twitter<\/span><\/a><\/li><li class='av-share-link av-social-link-whatsapp' ><a target=\"_blank\" aria-label=\"Compartir en Whatsapp\" href='https:\/\/api.whatsapp.com\/send?text=https:\/\/radiorevelacionfm.cl\/?p=7981' aria-hidden='false' data-av_icon='\uf232' data-av_iconfont='entypo-fontello' title='' data-avia-related-tooltip='Compartir en Whatsapp' rel=\"noopener\"><span class='avia_hidden_link_text'>Compartir en Whatsapp<\/span><\/a><\/li><li class='av-share-link av-social-link-linkedin' ><a target=\"_blank\" aria-label=\"Compartir en LinkedIn\" href='https:\/\/linkedin.com\/shareArticle?mini=true&#038;title=Centro%20de%20Monta%C3%B1a%20El%20Fraile%20abre%20su%20temporada%20y%20se%20prepara%20para%20desarrollar%20actividades%20durante%20todo%20el%20a%C3%B1o&#038;url=https:\/\/radiorevelacionfm.cl\/?p=7981' aria-hidden='false' data-av_icon='\ue8fc' data-av_iconfont='entypo-fontello' title='' data-avia-related-tooltip='Compartir en LinkedIn' rel=\"noopener\"><span class='avia_hidden_link_text'>Compartir en LinkedIn<\/span><\/a><\/li><li class='av-share-link av-social-link-mail' ><a  aria-label=\"Compartir por correo\" href='mailto:?subject=Centro%20de%20Monta%C3%B1a%20El%20Fraile%20abre%20su%20temporada%20y%20se%20prepara%20para%20desarrollar%20actividades%20durante%20todo%20el%20a%C3%B1o&#038;body=https:\/\/radiorevelacionfm.cl\/?p=7981' aria-hidden='false' data-av_icon='\ue805' data-av_iconfont='entypo-fontello' title='' data-avia-related-tooltip='Compartir por correo'><span class='avia_hidden_link_text'>Compartir por correo<\/span><\/a><\/li><\/ul><\/div><\/div>\n<div  style='height:50px' class='hr hr-invisible   avia-builder-el-8  el_after_av_social_share  el_before_av_comments_list '><span class='hr-inner ' ><span class='hr-inner-style'><\/span><\/span><\/div>\n<div  class='av-buildercomment  av-blog-meta-html-info-disabled av-blog-meta-tag-disabled  '><\/div>\n","protected":false},"excerpt":{"rendered":"","protected":false},"author":1,"featured_media":7982,"comment_status":"open","ping_status":"open","sticky":false,"template":"","format":"standard","meta":{"footnotes":""},"categories":[40],"tags":[],"class_list":["post-7981","post","type-post","status-publish","format-standard","has-post-thumbnail","hentry","category-deportes"],"jetpack_featured_media_url":"https:\/\/radiorevelacionfm.cl\/wp-content\/uploads\/2021\/08\/22-1.jpg","_links":{"self":[{"href":"https:\/\/radiorevelacionfm.cl\/index.php?rest_route=\/wp\/v2\/posts\/7981","targetHints":{"allow":["GET"]}}],"collection":[{"href":"https:\/\/radiorevelacionfm.cl\/index.php?rest_route=\/wp\/v2\/posts"}],"about":[{"href":"https:\/\/radiorevelacionfm.cl\/index.php?rest_route=\/wp\/v2\/types\/post"}],"author":[{"embeddable":true,"href":"https:\/\/radiorevelacionfm.cl\/index.php?rest_route=\/wp\/v2\/users\/1"}],"replies":[{"embeddable":true,"href":"https:\/\/radiorevelacionfm.cl\/index.php?rest_route=%2Fwp%2Fv2%2Fcomments&post=7981"}],"version-history":[{"count":3,"href":"https:\/\/radiorevelacionfm.cl\/index.php?rest_route=\/wp\/v2\/posts\/7981\/revisions"}],"predecessor-version":[{"id":7990,"href":"https:\/\/radiorevelacionfm.cl\/index.php?rest_route=\/wp\/v2\/posts\/7981\/revisions\/7990"}],"wp:featuredmedia":[{"embeddable":true,"href":"https:\/\/radiorevelacionfm.cl\/index.php?rest_route=\/wp\/v2\/media\/7982"}],"wp:attachment":[{"href":"https:\/\/radiorevelacionfm.cl\/index.php?rest_route=%2Fwp%2Fv2%2Fmedia&parent=7981"}],"wp:term":[{"taxonomy":"category","embeddable":true,"href":"https:\/\/radiorevelacionfm.cl\/index.php?rest_route=%2Fwp%2Fv2%2Fcategories&post=7981"},{"taxonomy":"post_tag","embeddable":true,"href":"https:\/\/radiorevelacionfm.cl\/index.php?rest_route=%2Fwp%2Fv2%2Ftags&post=7981"}],"curies":[{"name":"wp","href":"https:\/\/api.w.org\/{rel}","templated":true}]}}