{"id":7979,"date":"2021-08-27T18:27:18","date_gmt":"2021-08-27T21:27:18","guid":{"rendered":"https:\/\/radiorevelacionfm.cl\/?p=7979"},"modified":"2021-08-27T18:27:18","modified_gmt":"2021-08-27T21:27:18","slug":"en-puerto-aysen-detienen-en-flagrancia-a-sujeto-por-lesiones-en-contra-de-su-ex-pareja","status":"publish","type":"post","link":"https:\/\/radiorevelacionfm.cl\/?p=7979","title":{"rendered":"En Puerto Ays\u00e9n detienen en flagrancia a sujeto por lesiones en contra de su ex pareja"},"content":{"rendered":"<div class=\"flex_column av_one_full  flex_column_div av-zero-column-padding first  avia-builder-el-0  el_before_av_one_full  avia-builder-el-first  \" style='border-radius:0px; '><div  class='avia-image-container  av-styling-    avia-builder-el-1  avia-builder-el-no-sibling  avia-align-center '  itemprop=\"image\" itemscope=\"itemscope\" itemtype=\"https:\/\/schema.org\/ImageObject\"  ><div class='avia-image-container-inner'><div class='avia-image-overlay-wrap'><img decoding=\"async\" class='wp-image-6365 avia-img-lazy-loading-not-6365 avia_image' src=\"https:\/\/radiorevelacionfm.cl\/wp-content\/uploads\/2021\/07\/PDI-Imagen-referencial-1-1.jpg\" alt='' title='PDI Imagen referencial (1) (1)' height=\"600\" width=\"900\"  itemprop=\"thumbnailUrl\" srcset=\"https:\/\/radiorevelacionfm.cl\/wp-content\/uploads\/2021\/07\/PDI-Imagen-referencial-1-1.jpg 900w, https:\/\/radiorevelacionfm.cl\/wp-content\/uploads\/2021\/07\/PDI-Imagen-referencial-1-1-300x200.jpg 300w, https:\/\/radiorevelacionfm.cl\/wp-content\/uploads\/2021\/07\/PDI-Imagen-referencial-1-1-768x512.jpg 768w, https:\/\/radiorevelacionfm.cl\/wp-content\/uploads\/2021\/07\/PDI-Imagen-referencial-1-1-705x470.jpg 705w, https:\/\/radiorevelacionfm.cl\/wp-content\/uploads\/2021\/07\/PDI-Imagen-referencial-1-1-600x400.jpg 600w\" sizes=\"(max-width: 900px) 100vw, 900px\" \/><\/div><\/div><\/div><\/div><div class=\"flex_column av_one_full  flex_column_div av-zero-column-padding first  avia-builder-el-2  el_after_av_one_full  el_before_av_one_full  column-top-margin\" style='border-radius:0px; '><section class=\"av_textblock_section \"  itemscope=\"itemscope\" itemtype=\"https:\/\/schema.org\/BlogPosting\" itemprop=\"blogPost\" ><div class='avia_textblock  '   itemprop=\"text\" ><p style=\"text-align: center;\"><strong><span style=\"font-size: 18pt;\">En Puerto Ays\u00e9n detienen en flagrancia a sujeto por lesiones en contra de su ex pareja<\/span><\/strong><\/p>\n<div id=\"gtx-trans\" style=\"position: absolute; left: -50px; top: 4.31534px;\">\n<div class=\"gtx-trans-icon\"><\/div>\n<\/div>\n<\/div><\/section><\/div><div class=\"flex_column av_one_full  flex_column_div av-zero-column-padding first  avia-builder-el-4  el_after_av_one_full  el_before_av_hr  column-top-margin\" style='border-radius:0px; '><section class=\"av_textblock_section \"  itemscope=\"itemscope\" itemtype=\"https:\/\/schema.org\/BlogPosting\" itemprop=\"blogPost\" ><div class='avia_textblock  '   itemprop=\"text\" ><p style=\"text-align: justify;\">En horas de la noche del jueves 26 de agosto, detectives de la Prefectura Provincial Ays\u00e9n de la PDI detuvieron a un imputado, mayor de edad y sin antecedentes policiales, por el delito flagrante de lesiones leves en contra de su ex pareja, hechos ocurridos en la v\u00eda p\u00fablica en la comuna de Puerto Ays\u00e9n.<\/p>\n<p style=\"text-align: justify;\">Al respecto, el subprefecto Eduardo Charpentier, jefe de la Brigada de Investigaci\u00f3n Criminal (BICRIM) Ays\u00e9n, detall\u00f3 que \u201cdetectives de la Prefectura Provincial Ays\u00e9n en virtud a una denuncia interpuesta por una mujer mayor de edad, el d\u00eda de ayer en horas de la noche, por el delito de lesiones leves, luego de efectuar diligencias tendientes al esclarecimiento de los hechos, procedieron a la ubicaci\u00f3n y posterior detenci\u00f3n de un hombre mayor de edad, de 21 a\u00f1os, por la responsabilidad que le cabe en calidad de autor del delito de lesiones leves\u201d.<\/p>\n<p style=\"text-align: justify;\">De acuerdo a lo informado por la PDI, el sujeto agredi\u00f3 en la v\u00eda p\u00fablica a su ex pareja, intimid\u00e1ndola y amenaz\u00e1ndola, provoc\u00e1ndole lesiones de car\u00e1cter leve.<\/p>\n<p style=\"text-align: justify;\">Por instrucci\u00f3n de la Fiscal\u00eda Local de Ays\u00e9n, el sujeto fue detenido para ser puesto a disposici\u00f3n del Juzgado de Garant\u00eda de la ciudad durante la ma\u00f1ana de este viernes, instancia donde \u201cel Tribunal decret\u00f3 que la detenci\u00f3n se ajustaba a derecho y se otorg\u00f3 un plazo de investigaci\u00f3n por 90 d\u00edas, determinando que por ese lapso de tiempo el imputado no deb\u00eda acercarse ni sostener contacto con la v\u00edctima\u201d, agreg\u00f3 el jefe de la unidad.<\/p>\n<p style=\"text-align: justify;\">Desde la PDI realizaron el llamado a realizar las respectivas denuncias y dejar de normalizar las acciones de violencia en las relaciones, \u201ces importante que estemos alerta ante este tipo de situaciones, por cuanto las personas que tomen conocimiento o que sean afectadas por este tipo de acciones delictuales deben denunciar de forma oportuna, lo que permitir\u00e1 establecer los hechos y encontrar a los responsables\u201d, sentenci\u00f3 el subprefecto Charpentier.<\/p>\n<\/div><\/section><\/div><div  style='height:50px' class='hr hr-invisible   avia-builder-el-6  el_after_av_one_full  el_before_av_social_share '><span class='hr-inner ' ><span class='hr-inner-style'><\/span><\/span><\/div><\/p>\n<div  class='av-social-sharing-box  avia-builder-el-7  el_after_av_hr  el_before_av_hr  '><div class='av-share-box'><h5 class='av-share-link-description av-no-toc '>Compartir esta noticia<\/h5><ul class='av-share-box-list noLightbox'><li class='av-share-link av-social-link-facebook' ><a target=\"_blank\" aria-label=\"Compartir en Facebook\" href='https:\/\/www.facebook.com\/sharer.php?u=https:\/\/radiorevelacionfm.cl\/?p=7979&#038;t=En%20Puerto%20Ays%C3%A9n%20detienen%20en%20flagrancia%20a%20sujeto%20por%20lesiones%20en%20contra%20de%20su%20ex%20pareja' aria-hidden='false' data-av_icon='\ue8f3' data-av_iconfont='entypo-fontello' title='' data-avia-related-tooltip='Compartir en Facebook' rel=\"noopener\"><span class='avia_hidden_link_text'>Compartir en Facebook<\/span><\/a><\/li><li class='av-share-link av-social-link-twitter' ><a target=\"_blank\" aria-label=\"Compartir en Twitter\" href='https:\/\/twitter.com\/share?text=En%20Puerto%20Ays%C3%A9n%20detienen%20en%20flagrancia%20a%20sujeto%20por%20lesiones%20en%20contra%20de%20su%20ex%20pareja&#038;url=https:\/\/radiorevelacionfm.cl\/?p=7979' aria-hidden='false' data-av_icon='\ue8f1' data-av_iconfont='entypo-fontello' title='' data-avia-related-tooltip='Compartir en Twitter' rel=\"noopener\"><span class='avia_hidden_link_text'>Compartir en Twitter<\/span><\/a><\/li><li class='av-share-link av-social-link-whatsapp' ><a target=\"_blank\" aria-label=\"Compartir en Whatsapp\" href='https:\/\/api.whatsapp.com\/send?text=https:\/\/radiorevelacionfm.cl\/?p=7979' aria-hidden='false' data-av_icon='\uf232' data-av_iconfont='entypo-fontello' title='' data-avia-related-tooltip='Compartir en Whatsapp' rel=\"noopener\"><span class='avia_hidden_link_text'>Compartir en Whatsapp<\/span><\/a><\/li><li class='av-share-link av-social-link-linkedin' ><a target=\"_blank\" aria-label=\"Compartir en LinkedIn\" href='https:\/\/linkedin.com\/shareArticle?mini=true&#038;title=En%20Puerto%20Ays%C3%A9n%20detienen%20en%20flagrancia%20a%20sujeto%20por%20lesiones%20en%20contra%20de%20su%20ex%20pareja&#038;url=https:\/\/radiorevelacionfm.cl\/?p=7979' aria-hidden='false' data-av_icon='\ue8fc' data-av_iconfont='entypo-fontello' title='' data-avia-related-tooltip='Compartir en LinkedIn' rel=\"noopener\"><span class='avia_hidden_link_text'>Compartir en LinkedIn<\/span><\/a><\/li><li class='av-share-link av-social-link-mail' ><a  aria-label=\"Compartir por correo\" href='mailto:?subject=En%20Puerto%20Ays%C3%A9n%20detienen%20en%20flagrancia%20a%20sujeto%20por%20lesiones%20en%20contra%20de%20su%20ex%20pareja&#038;body=https:\/\/radiorevelacionfm.cl\/?p=7979' aria-hidden='false' data-av_icon='\ue805' data-av_iconfont='entypo-fontello' title='' data-avia-related-tooltip='Compartir por correo'><span class='avia_hidden_link_text'>Compartir por correo<\/span><\/a><\/li><\/ul><\/div><\/div>\n<div  style='height:50px' class='hr hr-invisible   avia-builder-el-8  el_after_av_social_share  el_before_av_comments_list '><span class='hr-inner ' ><span class='hr-inner-style'><\/span><\/span><\/div>\n<div  class='av-buildercomment  av-blog-meta-html-info-disabled av-blog-meta-tag-disabled  '><\/div>\n","protected":false},"excerpt":{"rendered":"","protected":false},"author":1,"featured_media":6365,"comment_status":"open","ping_status":"open","sticky":false,"template":"","format":"standard","meta":{"footnotes":""},"categories":[36],"tags":[],"class_list":["post-7979","post","type-post","status-publish","format-standard","has-post-thumbnail","hentry","category-policial"],"jetpack_featured_media_url":"https:\/\/radiorevelacionfm.cl\/wp-content\/uploads\/2021\/07\/PDI-Imagen-referencial-1-1.jpg","_links":{"self":[{"href":"https:\/\/radiorevelacionfm.cl\/index.php?rest_route=\/wp\/v2\/posts\/7979","targetHints":{"allow":["GET"]}}],"collection":[{"href":"https:\/\/radiorevelacionfm.cl\/index.php?rest_route=\/wp\/v2\/posts"}],"about":[{"href":"https:\/\/radiorevelacionfm.cl\/index.php?rest_route=\/wp\/v2\/types\/post"}],"author":[{"embeddable":true,"href":"https:\/\/radiorevelacionfm.cl\/index.php?rest_route=\/wp\/v2\/users\/1"}],"replies":[{"embeddable":true,"href":"https:\/\/radiorevelacionfm.cl\/index.php?rest_route=%2Fwp%2Fv2%2Fcomments&post=7979"}],"version-history":[{"count":1,"href":"https:\/\/radiorevelacionfm.cl\/index.php?rest_route=\/wp\/v2\/posts\/7979\/revisions"}],"predecessor-version":[{"id":7980,"href":"https:\/\/radiorevelacionfm.cl\/index.php?rest_route=\/wp\/v2\/posts\/7979\/revisions\/7980"}],"wp:featuredmedia":[{"embeddable":true,"href":"https:\/\/radiorevelacionfm.cl\/index.php?rest_route=\/wp\/v2\/media\/6365"}],"wp:attachment":[{"href":"https:\/\/radiorevelacionfm.cl\/index.php?rest_route=%2Fwp%2Fv2%2Fmedia&parent=7979"}],"wp:term":[{"taxonomy":"category","embeddable":true,"href":"https:\/\/radiorevelacionfm.cl\/index.php?rest_route=%2Fwp%2Fv2%2Fcategories&post=7979"},{"taxonomy":"post_tag","embeddable":true,"href":"https:\/\/radiorevelacionfm.cl\/index.php?rest_route=%2Fwp%2Fv2%2Ftags&post=7979"}],"curies":[{"name":"wp","href":"https:\/\/api.w.org\/{rel}","templated":true}]}}