{"id":7974,"date":"2021-08-27T17:58:24","date_gmt":"2021-08-27T20:58:24","guid":{"rendered":"https:\/\/radiorevelacionfm.cl\/?p=7974"},"modified":"2021-08-27T17:58:24","modified_gmt":"2021-08-27T20:58:24","slug":"todo-preparado-para-iniciar-campeonato-de-triples-el-proximo-2-de-septiembre","status":"publish","type":"post","link":"https:\/\/radiorevelacionfm.cl\/?p=7974","title":{"rendered":"Todo preparado para iniciar campeonato de Triples el pr\u00f3ximo 2 de septiembre"},"content":{"rendered":"<div class=\"flex_column av_one_full  flex_column_div av-zero-column-padding first  avia-builder-el-0  el_before_av_one_full  avia-builder-el-first  \" style='border-radius:0px; '><div  class='avia-image-container  av-styling-    avia-builder-el-1  avia-builder-el-no-sibling  avia-align-center '  itemprop=\"image\" itemscope=\"itemscope\" itemtype=\"https:\/\/schema.org\/ImageObject\"  ><div class='avia-image-container-inner'><div class='avia-image-overlay-wrap'><img decoding=\"async\" class='wp-image-7975 avia-img-lazy-loading-not-7975 avia_image' src=\"https:\/\/radiorevelacionfm.cl\/wp-content\/uploads\/2021\/08\/IMG_basquet-1-1.jpg\" alt='' title='IMG_basquet (1) (1)' height=\"600\" width=\"800\"  itemprop=\"thumbnailUrl\" srcset=\"https:\/\/radiorevelacionfm.cl\/wp-content\/uploads\/2021\/08\/IMG_basquet-1-1.jpg 800w, https:\/\/radiorevelacionfm.cl\/wp-content\/uploads\/2021\/08\/IMG_basquet-1-1-300x225.jpg 300w, https:\/\/radiorevelacionfm.cl\/wp-content\/uploads\/2021\/08\/IMG_basquet-1-1-768x576.jpg 768w, https:\/\/radiorevelacionfm.cl\/wp-content\/uploads\/2021\/08\/IMG_basquet-1-1-705x529.jpg 705w, https:\/\/radiorevelacionfm.cl\/wp-content\/uploads\/2021\/08\/IMG_basquet-1-1-600x450.jpg 600w\" sizes=\"(max-width: 800px) 100vw, 800px\" \/><\/div><\/div><\/div><\/div><div class=\"flex_column av_one_full  flex_column_div av-zero-column-padding first  avia-builder-el-2  el_after_av_one_full  el_before_av_one_full  column-top-margin\" style='border-radius:0px; '><section class=\"av_textblock_section \"  itemscope=\"itemscope\" itemtype=\"https:\/\/schema.org\/BlogPosting\" itemprop=\"blogPost\" ><div class='avia_textblock  '   itemprop=\"text\" ><p style=\"text-align: center;\"><span style=\"font-size: 18pt;\"><strong>Todo preparado para iniciar campeonato de Triples el pr\u00f3ximo 2 de septiembre<\/strong><\/span><\/p>\n<div id=\"gtx-trans\" style=\"position: absolute; left: -50px; top: 4.31534px;\">\n<div class=\"gtx-trans-icon\"><\/div>\n<\/div>\n<\/div><\/section><\/div><div class=\"flex_column av_one_full  flex_column_div av-zero-column-padding first  avia-builder-el-4  el_after_av_one_full  el_before_av_hr  column-top-margin\" style='border-radius:0px; '><section class=\"av_textblock_section \"  itemscope=\"itemscope\" itemtype=\"https:\/\/schema.org\/BlogPosting\" itemprop=\"blogPost\" ><div class='avia_textblock  '   itemprop=\"text\" ><p style=\"text-align: justify;\">Desde el gimnasio de la escuela Gabriela Mistral en Puerto Ays\u00e9n, este jueves se realiz\u00f3 un nuevo llamado a los estudiantes de la comuna aysenina para que sean parte de la primera versi\u00f3n del Campeonato de Triples y Habilidades de B\u00e1squetbol, organizado por la Unidad Extraescolar, Salud y Deporte de la Direcci\u00f3n de Educaci\u00f3n Municipal conjuntamente a SENDA Previene, a trav\u00e9s de su plan nacional Elige Vivir Sin Drogas.<\/p>\n<p style=\"text-align: justify;\">Es as\u00ed que durante lo que resta del mes de agosto contin\u00faan abiertas las inscripciones para quienes cumplen con las diversas categor\u00edas de edad a competir, que son 8-9, 10-11, 12-13, 14-15, y 16 a 17 a\u00f1os 11 meses.<\/p>\n<p style=\"text-align: justify;\">De esta manera, para el d\u00eda jueves 2 de septiembre est\u00e1 programado el inicio de este torneo, que se realizar\u00e1 semanalmente \u201cen algo que es como el b\u00e1squetbol, pero que se trata de una actividad que no tiene contacto para evitar exponer a nuestros participantes por la pandemia, y que los apoderados tengan la tranquilidad que es s\u00f3lo lanzamientos\u201d, se\u00f1al\u00f3 el monitor de la disciplina deportiva de la Unidad Extraescolar del DEM, Julio Madriaza.<\/p>\n<p style=\"text-align: justify;\">Explic\u00f3 que \u201centran cinco ni\u00f1os, lanzan su serie del centro, del medio y costado. Los mejores puntajes acumulativos, porque esto no es s\u00f3lo una vez, sino que tienen la posibilidad que si la primera sesi\u00f3n le fue mal, semana por medio tendr\u00e1 otra posibilidad en que puede ir mejorando sus puntajes y el profesor los puede ir preparando para que puedan mejorar su t\u00e9cnica, y as\u00ed durante las semanas siguientes puedan tener una real variaci\u00f3n en su trabajo y la posibilidad de quedar en esta gran final en noviembre desde el Polideportivo con los mejores ni\u00f1os de Ays\u00e9n y alrededores, contra la comuna de Coyhaique y alrededores\u201d.<\/p>\n<p style=\"text-align: justify;\">Por su parte, el coordinador de SENDA Previene Ays\u00e9n, Manuel Vera, relev\u00f3 este evento deportivo \u201cque va en directo beneficio a promover la actividad f\u00edsica, especialmente en los tiempos de ocio. Por eso, estamos incentivando, motivando para que todos nuestros ni\u00f1os y ni\u00f1as puedan participar\u201d.<\/p>\n<p style=\"text-align: justify;\">Respecto a la posibilidad de ser parte de este campeonato, Vera Sep\u00falveda manifest\u00f3 que \u201ddesde esta escuela, con este grupo de alumnos que est\u00e1n entrenando y quienes participar\u00e1n, les hacemos la invitaci\u00f3n para que sean parte de este campeonato de triple. La invitaci\u00f3n contin\u00faa abierta a trav\u00e9s de los establecimientos educacionales, a trav\u00e9s de los profesores de educaci\u00f3n f\u00edsica, para que puedan participar de este lindo campeonato que adem\u00e1s est\u00e1 sujeto a todas las medidas preventivas que solicita la autoridad sanitaria\u201d, finaliz\u00f3.<\/p>\n<\/div><\/section><\/div><div  style='height:50px' class='hr hr-invisible   avia-builder-el-6  el_after_av_one_full  el_before_av_social_share '><span class='hr-inner ' ><span class='hr-inner-style'><\/span><\/span><\/div><\/p>\n<div  class='av-social-sharing-box  avia-builder-el-7  el_after_av_hr  el_before_av_hr  '><div class='av-share-box'><h5 class='av-share-link-description av-no-toc '>Compartir esta noticia<\/h5><ul class='av-share-box-list noLightbox'><li class='av-share-link av-social-link-facebook' ><a target=\"_blank\" aria-label=\"Compartir en Facebook\" href='https:\/\/www.facebook.com\/sharer.php?u=https:\/\/radiorevelacionfm.cl\/?p=7974&#038;t=Todo%20preparado%20para%20iniciar%20campeonato%20de%20Triples%20el%20pr%C3%B3ximo%202%20de%20septiembre' aria-hidden='false' data-av_icon='\ue8f3' data-av_iconfont='entypo-fontello' title='' data-avia-related-tooltip='Compartir en Facebook' rel=\"noopener\"><span class='avia_hidden_link_text'>Compartir en Facebook<\/span><\/a><\/li><li class='av-share-link av-social-link-twitter' ><a target=\"_blank\" aria-label=\"Compartir en Twitter\" href='https:\/\/twitter.com\/share?text=Todo%20preparado%20para%20iniciar%20campeonato%20de%20Triples%20el%20pr%C3%B3ximo%202%20de%20septiembre&#038;url=https:\/\/radiorevelacionfm.cl\/?p=7974' aria-hidden='false' data-av_icon='\ue8f1' data-av_iconfont='entypo-fontello' title='' data-avia-related-tooltip='Compartir en Twitter' rel=\"noopener\"><span class='avia_hidden_link_text'>Compartir en Twitter<\/span><\/a><\/li><li class='av-share-link av-social-link-whatsapp' ><a target=\"_blank\" aria-label=\"Compartir en Whatsapp\" href='https:\/\/api.whatsapp.com\/send?text=https:\/\/radiorevelacionfm.cl\/?p=7974' aria-hidden='false' data-av_icon='\uf232' data-av_iconfont='entypo-fontello' title='' data-avia-related-tooltip='Compartir en Whatsapp' rel=\"noopener\"><span class='avia_hidden_link_text'>Compartir en Whatsapp<\/span><\/a><\/li><li class='av-share-link av-social-link-linkedin' ><a target=\"_blank\" aria-label=\"Compartir en LinkedIn\" href='https:\/\/linkedin.com\/shareArticle?mini=true&#038;title=Todo%20preparado%20para%20iniciar%20campeonato%20de%20Triples%20el%20pr%C3%B3ximo%202%20de%20septiembre&#038;url=https:\/\/radiorevelacionfm.cl\/?p=7974' aria-hidden='false' data-av_icon='\ue8fc' data-av_iconfont='entypo-fontello' title='' data-avia-related-tooltip='Compartir en LinkedIn' rel=\"noopener\"><span class='avia_hidden_link_text'>Compartir en LinkedIn<\/span><\/a><\/li><li class='av-share-link av-social-link-mail' ><a  aria-label=\"Compartir por correo\" href='mailto:?subject=Todo%20preparado%20para%20iniciar%20campeonato%20de%20Triples%20el%20pr%C3%B3ximo%202%20de%20septiembre&#038;body=https:\/\/radiorevelacionfm.cl\/?p=7974' aria-hidden='false' data-av_icon='\ue805' data-av_iconfont='entypo-fontello' title='' data-avia-related-tooltip='Compartir por correo'><span class='avia_hidden_link_text'>Compartir por correo<\/span><\/a><\/li><\/ul><\/div><\/div>\n<div  style='height:50px' class='hr hr-invisible   avia-builder-el-8  el_after_av_social_share  el_before_av_comments_list '><span class='hr-inner ' ><span class='hr-inner-style'><\/span><\/span><\/div>\n<div  class='av-buildercomment  av-blog-meta-html-info-disabled av-blog-meta-tag-disabled  '><\/div>\n","protected":false},"excerpt":{"rendered":"","protected":false},"author":1,"featured_media":7975,"comment_status":"open","ping_status":"open","sticky":false,"template":"","format":"standard","meta":{"footnotes":""},"categories":[38],"tags":[],"class_list":["post-7974","post","type-post","status-publish","format-standard","has-post-thumbnail","hentry","category-regional"],"jetpack_featured_media_url":"https:\/\/radiorevelacionfm.cl\/wp-content\/uploads\/2021\/08\/IMG_basquet-1-1.jpg","_links":{"self":[{"href":"https:\/\/radiorevelacionfm.cl\/index.php?rest_route=\/wp\/v2\/posts\/7974","targetHints":{"allow":["GET"]}}],"collection":[{"href":"https:\/\/radiorevelacionfm.cl\/index.php?rest_route=\/wp\/v2\/posts"}],"about":[{"href":"https:\/\/radiorevelacionfm.cl\/index.php?rest_route=\/wp\/v2\/types\/post"}],"author":[{"embeddable":true,"href":"https:\/\/radiorevelacionfm.cl\/index.php?rest_route=\/wp\/v2\/users\/1"}],"replies":[{"embeddable":true,"href":"https:\/\/radiorevelacionfm.cl\/index.php?rest_route=%2Fwp%2Fv2%2Fcomments&post=7974"}],"version-history":[{"count":1,"href":"https:\/\/radiorevelacionfm.cl\/index.php?rest_route=\/wp\/v2\/posts\/7974\/revisions"}],"predecessor-version":[{"id":7976,"href":"https:\/\/radiorevelacionfm.cl\/index.php?rest_route=\/wp\/v2\/posts\/7974\/revisions\/7976"}],"wp:featuredmedia":[{"embeddable":true,"href":"https:\/\/radiorevelacionfm.cl\/index.php?rest_route=\/wp\/v2\/media\/7975"}],"wp:attachment":[{"href":"https:\/\/radiorevelacionfm.cl\/index.php?rest_route=%2Fwp%2Fv2%2Fmedia&parent=7974"}],"wp:term":[{"taxonomy":"category","embeddable":true,"href":"https:\/\/radiorevelacionfm.cl\/index.php?rest_route=%2Fwp%2Fv2%2Fcategories&post=7974"},{"taxonomy":"post_tag","embeddable":true,"href":"https:\/\/radiorevelacionfm.cl\/index.php?rest_route=%2Fwp%2Fv2%2Ftags&post=7974"}],"curies":[{"name":"wp","href":"https:\/\/api.w.org\/{rel}","templated":true}]}}