{"id":7971,"date":"2021-08-28T14:33:28","date_gmt":"2021-08-28T17:33:28","guid":{"rendered":"https:\/\/radiorevelacionfm.cl\/?p=7971"},"modified":"2021-08-28T15:00:26","modified_gmt":"2021-08-28T18:00:26","slug":"dem-aysen-invita-a-la-comunidad-a-sumarse-a-la-educacion-municipal","status":"publish","type":"post","link":"https:\/\/radiorevelacionfm.cl\/?p=7971","title":{"rendered":"DEM Ays\u00e9n invita a la comunidad a sumarse a la educaci\u00f3n municipal"},"content":{"rendered":"<div class=\"flex_column av_one_full  flex_column_div av-zero-column-padding first  avia-builder-el-0  el_before_av_one_full  avia-builder-el-first  \" style='border-radius:0px; '><div  class='avia-image-container  av-styling-    avia-builder-el-1  avia-builder-el-no-sibling  avia-align-center '  itemprop=\"image\" itemscope=\"itemscope\" itemtype=\"https:\/\/schema.org\/ImageObject\"  ><div class='avia-image-container-inner'><div class='avia-image-overlay-wrap'><img decoding=\"async\" class='wp-image-7972 avia-img-lazy-loading-not-7972 avia_image' src=\"https:\/\/radiorevelacionfm.cl\/wp-content\/uploads\/2021\/08\/SAE-1-23-1-1.png\" alt='' title='SAE 1-23 (1) (1)' height=\"600\" width=\"601\"  itemprop=\"thumbnailUrl\" srcset=\"https:\/\/radiorevelacionfm.cl\/wp-content\/uploads\/2021\/08\/SAE-1-23-1-1.png 601w, https:\/\/radiorevelacionfm.cl\/wp-content\/uploads\/2021\/08\/SAE-1-23-1-1-300x300.png 300w, https:\/\/radiorevelacionfm.cl\/wp-content\/uploads\/2021\/08\/SAE-1-23-1-1-80x80.png 80w, https:\/\/radiorevelacionfm.cl\/wp-content\/uploads\/2021\/08\/SAE-1-23-1-1-36x36.png 36w, https:\/\/radiorevelacionfm.cl\/wp-content\/uploads\/2021\/08\/SAE-1-23-1-1-180x180.png 180w, https:\/\/radiorevelacionfm.cl\/wp-content\/uploads\/2021\/08\/SAE-1-23-1-1-100x100.png 100w\" sizes=\"(max-width: 601px) 100vw, 601px\" \/><\/div><\/div><\/div><\/div><div class=\"flex_column av_one_full  flex_column_div av-zero-column-padding first  avia-builder-el-2  el_after_av_one_full  el_before_av_one_full  column-top-margin\" style='border-radius:0px; '><section class=\"av_textblock_section \"  itemscope=\"itemscope\" itemtype=\"https:\/\/schema.org\/BlogPosting\" itemprop=\"blogPost\" ><div class='avia_textblock  '   itemprop=\"text\" ><p style=\"text-align: center;\"><span style=\"font-size: 18pt;\"><strong>DEM Ays\u00e9n invita a la comunidad a sumarse a la educaci\u00f3n municipal <\/strong><\/span><\/p>\n<div id=\"gtx-trans\" style=\"position: absolute; left: -50px; top: 4.31534px;\">\n<div class=\"gtx-trans-icon\"><\/div>\n<\/div>\n<\/div><\/section><\/div><div class=\"flex_column av_one_full  flex_column_div av-zero-column-padding first  avia-builder-el-4  el_after_av_one_full  el_before_av_hr  column-top-margin\" style='border-radius:0px; '><section class=\"av_textblock_section \"  itemscope=\"itemscope\" itemtype=\"https:\/\/schema.org\/BlogPosting\" itemprop=\"blogPost\" ><div class='avia_textblock  '   itemprop=\"text\" ><p style=\"text-align: justify;\">Un potente llamado a los padres y apoderados de la comuna de Ays\u00e9n a preferir la educaci\u00f3n municipal realiz\u00f3 el director (S) DEM aysenino, Freddy Moraga, en el marco del proceso del Sistema de Admisi\u00f3n Escolar, SAE 2022 que contin\u00faa abierto hasta el d\u00eda 8 de septiembre.<\/p>\n<p style=\"text-align: justify;\">En este sentido, la instancia que comenz\u00f3 el pasado 12 de agosto, permite a quienes as\u00ed lo requieran postular a establecimientos educacionales p\u00fablicos y particulares subvencionados, de acuerdo a la comuna y la regi\u00f3n. Ello, por intermedio de la plataforma digital <a href=\"http:\/\/www.sistemadeadmisionescolar.cl\">www.sistemadeadmisionescolar.cl<\/a>.<\/p>\n<p style=\"text-align: justify;\">Al respecto, el director de Educaci\u00f3n Municipal de Ays\u00e9n relev\u00f3 la amplia oferta educativa existente en las diversas localidades de la geograf\u00eda comunal, y que hoy por hoy est\u00e1 integrada por un total de diez recintos educacionales, entre ellos siete escuelas de educaci\u00f3n b\u00e1sica y tres establecimientos de educaci\u00f3n media en Puerto Ays\u00e9n, Puerto Chacabuco, Villa Ma\u00f1ihuales e Islas Huichas.<\/p>\n<p style=\"text-align: justify;\">\u201cDurante este a\u00f1o y en todo lo que viene, hemos iniciado un vuelco en la direcci\u00f3n de educaci\u00f3n y eso ha sido conversado con cada uno de los directores de los establecimientos, quienes est\u00e1n en la pol\u00edtica de ofrecer diferentes instancias curriculares, tanto en los jardines infantiles v\u00eda transferencia de fondos -VTF-, como en la educaci\u00f3n b\u00e1sica y educaci\u00f3n media\u201d, sostuvo Moraga Castro.<\/p>\n<p style=\"text-align: justify;\">Agreg\u00f3 que \u201clos invito a que matriculen a sus hijos en el sector educacional municipal, en que hay un compromiso sostenido en el tiempo, y este \u00faltimo periodo as\u00ed se ha reafirmado. As\u00ed que muy relevante, al momento de asegurar una buena educaci\u00f3n y con diversos beneficios que conozcan y se empapen de nuestra amplia oferta de establecimientos educacionales\u201d.<\/p>\n<p style=\"text-align: justify;\">Para quienes deseen conocer respecto a la historia, los sellos, los desaf\u00edos y la proyecci\u00f3n de cada uno de estos recintos educacionales, la invitaci\u00f3n es para que ingrese a <a href=\"http:\/\/www.puertoaysen.cl\/sae\">www.puertoaysen.cl\/sae<\/a>, en que est\u00e1n contenidas c\u00e1psulas audiovisuales con recorridos virtuales en la voz de los directores de estos diez establecimientos educacionales municipalizados.<\/p>\n<\/div><\/section><\/div><div  style='height:50px' class='hr hr-invisible   avia-builder-el-6  el_after_av_one_full  el_before_av_social_share '><span class='hr-inner ' ><span class='hr-inner-style'><\/span><\/span><\/div><\/p>\n<div  class='av-social-sharing-box  avia-builder-el-7  el_after_av_hr  el_before_av_hr  '><div class='av-share-box'><h5 class='av-share-link-description av-no-toc '>Compartir esta noticia<\/h5><ul class='av-share-box-list noLightbox'><li class='av-share-link av-social-link-facebook' ><a target=\"_blank\" aria-label=\"Compartir en Facebook\" href='https:\/\/www.facebook.com\/sharer.php?u=https:\/\/radiorevelacionfm.cl\/?p=7971&#038;t=DEM%20Ays%C3%A9n%20invita%20a%20la%20comunidad%20a%20sumarse%20a%20la%20educaci%C3%B3n%20municipal' aria-hidden='false' data-av_icon='\ue8f3' data-av_iconfont='entypo-fontello' title='' data-avia-related-tooltip='Compartir en Facebook' rel=\"noopener\"><span class='avia_hidden_link_text'>Compartir en Facebook<\/span><\/a><\/li><li class='av-share-link av-social-link-twitter' ><a target=\"_blank\" aria-label=\"Compartir en Twitter\" href='https:\/\/twitter.com\/share?text=DEM%20Ays%C3%A9n%20invita%20a%20la%20comunidad%20a%20sumarse%20a%20la%20educaci%C3%B3n%20municipal&#038;url=https:\/\/radiorevelacionfm.cl\/?p=7971' aria-hidden='false' data-av_icon='\ue8f1' data-av_iconfont='entypo-fontello' title='' data-avia-related-tooltip='Compartir en Twitter' rel=\"noopener\"><span class='avia_hidden_link_text'>Compartir en Twitter<\/span><\/a><\/li><li class='av-share-link av-social-link-whatsapp' ><a target=\"_blank\" aria-label=\"Compartir en Whatsapp\" href='https:\/\/api.whatsapp.com\/send?text=https:\/\/radiorevelacionfm.cl\/?p=7971' aria-hidden='false' data-av_icon='\uf232' data-av_iconfont='entypo-fontello' title='' data-avia-related-tooltip='Compartir en Whatsapp' rel=\"noopener\"><span class='avia_hidden_link_text'>Compartir en Whatsapp<\/span><\/a><\/li><li class='av-share-link av-social-link-linkedin' ><a target=\"_blank\" aria-label=\"Compartir en LinkedIn\" href='https:\/\/linkedin.com\/shareArticle?mini=true&#038;title=DEM%20Ays%C3%A9n%20invita%20a%20la%20comunidad%20a%20sumarse%20a%20la%20educaci%C3%B3n%20municipal&#038;url=https:\/\/radiorevelacionfm.cl\/?p=7971' aria-hidden='false' data-av_icon='\ue8fc' data-av_iconfont='entypo-fontello' title='' data-avia-related-tooltip='Compartir en LinkedIn' rel=\"noopener\"><span class='avia_hidden_link_text'>Compartir en LinkedIn<\/span><\/a><\/li><li class='av-share-link av-social-link-mail' ><a  aria-label=\"Compartir por correo\" href='mailto:?subject=DEM%20Ays%C3%A9n%20invita%20a%20la%20comunidad%20a%20sumarse%20a%20la%20educaci%C3%B3n%20municipal&#038;body=https:\/\/radiorevelacionfm.cl\/?p=7971' aria-hidden='false' data-av_icon='\ue805' data-av_iconfont='entypo-fontello' title='' data-avia-related-tooltip='Compartir por correo'><span class='avia_hidden_link_text'>Compartir por correo<\/span><\/a><\/li><\/ul><\/div><\/div>\n<div  style='height:50px' class='hr hr-invisible   avia-builder-el-8  el_after_av_social_share  el_before_av_comments_list '><span class='hr-inner ' ><span class='hr-inner-style'><\/span><\/span><\/div>\n<div  class='av-buildercomment  av-blog-meta-html-info-disabled av-blog-meta-tag-disabled  '><\/div>\n","protected":false},"excerpt":{"rendered":"","protected":false},"author":1,"featured_media":8008,"comment_status":"open","ping_status":"open","sticky":false,"template":"","format":"standard","meta":{"footnotes":""},"categories":[49],"tags":[],"class_list":["post-7971","post","type-post","status-publish","format-standard","has-post-thumbnail","hentry","category-educacion"],"jetpack_featured_media_url":"https:\/\/radiorevelacionfm.cl\/wp-content\/uploads\/2021\/08\/sae-1-23-p-1_optimized.jpg","_links":{"self":[{"href":"https:\/\/radiorevelacionfm.cl\/index.php?rest_route=\/wp\/v2\/posts\/7971","targetHints":{"allow":["GET"]}}],"collection":[{"href":"https:\/\/radiorevelacionfm.cl\/index.php?rest_route=\/wp\/v2\/posts"}],"about":[{"href":"https:\/\/radiorevelacionfm.cl\/index.php?rest_route=\/wp\/v2\/types\/post"}],"author":[{"embeddable":true,"href":"https:\/\/radiorevelacionfm.cl\/index.php?rest_route=\/wp\/v2\/users\/1"}],"replies":[{"embeddable":true,"href":"https:\/\/radiorevelacionfm.cl\/index.php?rest_route=%2Fwp%2Fv2%2Fcomments&post=7971"}],"version-history":[{"count":1,"href":"https:\/\/radiorevelacionfm.cl\/index.php?rest_route=\/wp\/v2\/posts\/7971\/revisions"}],"predecessor-version":[{"id":7973,"href":"https:\/\/radiorevelacionfm.cl\/index.php?rest_route=\/wp\/v2\/posts\/7971\/revisions\/7973"}],"wp:featuredmedia":[{"embeddable":true,"href":"https:\/\/radiorevelacionfm.cl\/index.php?rest_route=\/wp\/v2\/media\/8008"}],"wp:attachment":[{"href":"https:\/\/radiorevelacionfm.cl\/index.php?rest_route=%2Fwp%2Fv2%2Fmedia&parent=7971"}],"wp:term":[{"taxonomy":"category","embeddable":true,"href":"https:\/\/radiorevelacionfm.cl\/index.php?rest_route=%2Fwp%2Fv2%2Fcategories&post=7971"},{"taxonomy":"post_tag","embeddable":true,"href":"https:\/\/radiorevelacionfm.cl\/index.php?rest_route=%2Fwp%2Fv2%2Ftags&post=7971"}],"curies":[{"name":"wp","href":"https:\/\/api.w.org\/{rel}","templated":true}]}}