{"id":7966,"date":"2021-08-27T17:07:26","date_gmt":"2021-08-27T20:07:26","guid":{"rendered":"https:\/\/radiorevelacionfm.cl\/?p=7966"},"modified":"2021-08-27T17:12:14","modified_gmt":"2021-08-27T20:12:14","slug":"ciclistas-regionales-reciben-potenciometros-a-traves-del-programa-promesas-chile-de-mindep-ind","status":"publish","type":"post","link":"https:\/\/radiorevelacionfm.cl\/?p=7966","title":{"rendered":"Ciclistas regionales reciben potenci\u00f3metros a trav\u00e9s del Programa Promesas Chile de Mindep\/IND"},"content":{"rendered":"<div class=\"flex_column av_one_full  flex_column_div av-zero-column-padding first  avia-builder-el-0  el_before_av_one_full  avia-builder-el-first  \" style='border-radius:0px; '><div  class='avia-image-container  av-styling-    avia-builder-el-1  avia-builder-el-no-sibling  avia-align-center '  itemprop=\"image\" itemscope=\"itemscope\" itemtype=\"https:\/\/schema.org\/ImageObject\"  ><div class='avia-image-container-inner'><div class='avia-image-overlay-wrap'><img decoding=\"async\" class='wp-image-7967 avia-img-lazy-loading-not-7967 avia_image' src=\"https:\/\/radiorevelacionfm.cl\/wp-content\/uploads\/2021\/08\/1-60-1.jpg\" alt='' title='1 (60) (1)' height=\"600\" width=\"800\"  itemprop=\"thumbnailUrl\" srcset=\"https:\/\/radiorevelacionfm.cl\/wp-content\/uploads\/2021\/08\/1-60-1.jpg 800w, https:\/\/radiorevelacionfm.cl\/wp-content\/uploads\/2021\/08\/1-60-1-300x225.jpg 300w, https:\/\/radiorevelacionfm.cl\/wp-content\/uploads\/2021\/08\/1-60-1-768x576.jpg 768w, https:\/\/radiorevelacionfm.cl\/wp-content\/uploads\/2021\/08\/1-60-1-705x529.jpg 705w, https:\/\/radiorevelacionfm.cl\/wp-content\/uploads\/2021\/08\/1-60-1-600x450.jpg 600w\" sizes=\"(max-width: 800px) 100vw, 800px\" \/><\/div><\/div><\/div><\/div>\n<div class=\"flex_column av_one_full  flex_column_div av-zero-column-padding first  avia-builder-el-2  el_after_av_one_full  el_before_av_one_full  column-top-margin\" style='border-radius:0px; '><section class=\"av_textblock_section \"  itemscope=\"itemscope\" itemtype=\"https:\/\/schema.org\/BlogPosting\" itemprop=\"blogPost\" ><div class='avia_textblock  '   itemprop=\"text\" ><p style=\"text-align: center;\"><span style=\"font-size: 18pt;\"><b>Ciclistas regionales reciben potenci\u00f3metros a trav\u00e9s del Programa Promesas Chile de Mindep\/IND<\/b><\/span><\/p>\n<div id=\"gtx-trans\" style=\"position: absolute; left: -50px; top: 4.31534px;\">\n<div class=\"gtx-trans-icon\"><\/div>\n<\/div>\n<\/div><\/section><\/div>\n<div class=\"flex_column av_one_full  flex_column_div av-zero-column-padding first  avia-builder-el-4  el_after_av_one_full  el_before_av_hr  column-top-margin\" style='border-radius:0px; '><section class=\"av_textblock_section \"  itemscope=\"itemscope\" itemtype=\"https:\/\/schema.org\/BlogPosting\" itemprop=\"blogPost\" ><div class='avia_textblock  '   itemprop=\"text\" ><div>\n<p class=\"v1MsoNormal\" style=\"text-align: justify;\">Se trata de los destacados deportistas aiseninos Gabriela Alarc\u00f3n y Carlos Rodr\u00edguez integrantes del Club de Ciclismo Josefina Aguirre<\/p>\n<p class=\"v1MsoNormal\" style=\"text-align: justify;\">El aporte consistente en $1.000.000 para la compra de los instrumentos de medici\u00f3n, se complementa con el apoyo permanente del equipo multidisciplinario del IND Ays\u00e9n.<\/p>\n<\/div>\n<div>\n<p class=\"v1MsoNormal\" style=\"text-align: justify;\">La entrega de los dispositivos electr\u00f3nicos a ambos deportistas se realiz\u00f3 en dependencias del Estadio Regional y cont\u00f3 con la presencia del Seremi del Deporte, Rodrigo Cubilla Retamal, el Director Regional del IND, Jos\u00e9 Manuel Sep\u00falveda, el profesor de educaci\u00f3n f\u00edsica y entrenador\u00a0<a href=\"https:\/\/www.facebook.com\/alejandro.f.aguilar?__cft__%5b0%5d=AZUS6phYmRjdONZgxr98ImBvg01ejPlIxnIhzcxkWIcgQlqRR26DjAeJo84FeFxWBQm2iAL-zPSRDkpsxWzuhJ3Ig1DLz8E0qmWyxCqXRissV9JJtLymVbkksR5vOPcaRnPpPH7TGlNrTGsEKGy-uOUDmunIm_wwSQniOHFjbXP-kfAtAF5wf5IjJmS4bTftvko&amp;__tn__=-%5dK-R\" target=\"_blank\" rel=\"noopener noreferrer\">Alejandro Furrianca<\/a>\u00a0y los profesionales del IND Yinali Gonz\u00e1lez, Coordinadora Programa Promesas Chile y Jorge Ampuero, Metod\u00f3logo Regional Promesas Chile Ays\u00e9n.<\/p>\n<p class=\"v1MsoNormal\" style=\"text-align: justify;\">\u00abA trav\u00e9s del programa \u00abPromesas Chile\u00bb del Ministerio del Deporte e Instituto Nacional de Deportes se busca apoyar a los deportistas destacados que cumplen con los par\u00e1metros del programa, por lo que la entrega de estos dispositivos servir\u00e1 para que se preparen y entrenen a nivel de alta competencia, igualmente, agradecemos a su t\u00e9cnico, a los profesionales del IND que siempre los est\u00e1n acompa\u00f1ando y en especial, agradecemos a sus familias porque su apoyo es fundamental para construir este sue\u00f1o, este camino de desarrollo y crecimiento a trav\u00e9s del deporte\u00bb, se\u00f1al\u00f3 el Seremi del Deporte, Rodrigo Cubilla Retamal.<\/p>\n<p class=\"v1MsoNormal\" style=\"text-align: justify;\">Asimismo, el Director del IND Jos\u00e9 Manuel Sep\u00falveda agreg\u00f3 que \u00abGabriela y Carlos cuentan con el apoyo permanente del equipo multidisciplinario de Promesas Chile y con la entrega de estos potenci\u00f3metros estamos aportando al trabajo que realizan junto a su t\u00e9cnico ya que son deportistas que tienen una gran proyecci\u00f3n y es muy importante que cuenten con todo lo necesario para su preparaci\u00f3n\u00bb.<\/p>\n<p class=\"v1MsoNormal\" style=\"text-align: justify;\"><b>Beneficios<\/b><b>\u00a0<\/b><b>de entrenar con un<\/b><b>\u00a0<\/b><b>potenci\u00f3metro<\/b><\/p>\n<p class=\"v1MsoNormal\" style=\"text-align: justify;\">El uso de los potenci\u00f3metros, tanto en entrenamiento como en carreras, ofrece una serie de beneficios que\u00a0\u00a0ayudan a mejorar el rendimiento y se ha convertido en una herramienta fundamental en la preparaci\u00f3n de los ciclistas, proporcionado m\u00e1s informaci\u00f3n, como la cantidad de vatios que est\u00e1 produciendo al pedalear, la cantidad total de trabajo realizado durante un entrenamiento (kilojulios) y la intensidad en un entrenamiento.<\/p>\n<p class=\"v1MsoNormal\" style=\"text-align: justify;\">En este sentido, Alejandro Furrianca, entrenador y profesor de educaci\u00f3n f\u00edsica se\u00f1al\u00f3 \u00abhe tenido la suerte de trabajar con ambos deportistas que est\u00e1n en una etapa ascendente en su carreras deportivas, por un lado Carlos Rodr\u00edguez viene llegando de Europa y se prepara para participar en el Campeonato Nacional de Pista que se realizar\u00e1 en el mes de diciembre y as\u00ed revalidar su condici\u00f3n de seleccionado nacional y Gabriela Alarc\u00f3n es la actual Campeona Nacional de contrarreloj, por lo que contar con estos potenci\u00f3metros es muy relevante ya que nos permitir\u00e1 planificar los entrenamientos y fortalecer el trabajo que se viene realizando junto a los profesionales del\u00a0\u00a0IND, a trav\u00e9s del metod\u00f3logo, su coordinadora, el\u00a0 kinesi\u00f3logo Helton Zuleta y el psic\u00f3logo Claudio Mu\u00f1oz\u00bb.<\/p>\n<\/div>\n<div style=\"text-align: justify;\"><\/div>\n<\/div><\/section><\/div><div  style='height:50px' class='hr hr-invisible   avia-builder-el-6  el_after_av_one_full  el_before_av_social_share '><span class='hr-inner ' ><span class='hr-inner-style'><\/span><\/span><\/div><\/p>\n<div  class='av-social-sharing-box  avia-builder-el-7  el_after_av_hr  el_before_av_hr  '><div class='av-share-box'><h5 class='av-share-link-description av-no-toc '>Compartir esta noticia<\/h5><ul class='av-share-box-list noLightbox'><li class='av-share-link av-social-link-facebook' ><a target=\"_blank\" aria-label=\"Compartir en Facebook\" href='https:\/\/www.facebook.com\/sharer.php?u=https:\/\/radiorevelacionfm.cl\/?p=7966&#038;t=Ciclistas%20regionales%20reciben%20potenci%C3%B3metros%20a%20trav%C3%A9s%20del%20Programa%20Promesas%20Chile%20de%20Mindep%2FIND' aria-hidden='false' data-av_icon='\ue8f3' data-av_iconfont='entypo-fontello' title='' data-avia-related-tooltip='Compartir en Facebook' rel=\"noopener\"><span class='avia_hidden_link_text'>Compartir en Facebook<\/span><\/a><\/li><li class='av-share-link av-social-link-twitter' ><a target=\"_blank\" aria-label=\"Compartir en Twitter\" href='https:\/\/twitter.com\/share?text=Ciclistas%20regionales%20reciben%20potenci%C3%B3metros%20a%20trav%C3%A9s%20del%20Programa%20Promesas%20Chile%20de%20Mindep%2FIND&#038;url=https:\/\/radiorevelacionfm.cl\/?p=7966' aria-hidden='false' data-av_icon='\ue8f1' data-av_iconfont='entypo-fontello' title='' data-avia-related-tooltip='Compartir en Twitter' rel=\"noopener\"><span class='avia_hidden_link_text'>Compartir en Twitter<\/span><\/a><\/li><li class='av-share-link av-social-link-whatsapp' ><a target=\"_blank\" aria-label=\"Compartir en Whatsapp\" href='https:\/\/api.whatsapp.com\/send?text=https:\/\/radiorevelacionfm.cl\/?p=7966' aria-hidden='false' data-av_icon='\uf232' data-av_iconfont='entypo-fontello' title='' data-avia-related-tooltip='Compartir en Whatsapp' rel=\"noopener\"><span class='avia_hidden_link_text'>Compartir en Whatsapp<\/span><\/a><\/li><li class='av-share-link av-social-link-linkedin' ><a target=\"_blank\" aria-label=\"Compartir en LinkedIn\" href='https:\/\/linkedin.com\/shareArticle?mini=true&#038;title=Ciclistas%20regionales%20reciben%20potenci%C3%B3metros%20a%20trav%C3%A9s%20del%20Programa%20Promesas%20Chile%20de%20Mindep%2FIND&#038;url=https:\/\/radiorevelacionfm.cl\/?p=7966' aria-hidden='false' data-av_icon='\ue8fc' data-av_iconfont='entypo-fontello' title='' data-avia-related-tooltip='Compartir en LinkedIn' rel=\"noopener\"><span class='avia_hidden_link_text'>Compartir en LinkedIn<\/span><\/a><\/li><li class='av-share-link av-social-link-mail' ><a  aria-label=\"Compartir por correo\" href='mailto:?subject=Ciclistas%20regionales%20reciben%20potenci%C3%B3metros%20a%20trav%C3%A9s%20del%20Programa%20Promesas%20Chile%20de%20Mindep%2FIND&#038;body=https:\/\/radiorevelacionfm.cl\/?p=7966' aria-hidden='false' data-av_icon='\ue805' data-av_iconfont='entypo-fontello' title='' data-avia-related-tooltip='Compartir por correo'><span class='avia_hidden_link_text'>Compartir por correo<\/span><\/a><\/li><\/ul><\/div><\/div>\n<div  style='height:50px' class='hr hr-invisible   avia-builder-el-8  el_after_av_social_share  el_before_av_comments_list '><span class='hr-inner ' ><span class='hr-inner-style'><\/span><\/span><\/div>\n<div  class='av-buildercomment  av-blog-meta-html-info-disabled av-blog-meta-tag-disabled  '><\/div>\n","protected":false},"excerpt":{"rendered":"","protected":false},"author":1,"featured_media":7967,"comment_status":"open","ping_status":"open","sticky":false,"template":"","format":"standard","meta":{"footnotes":""},"categories":[40],"tags":[],"class_list":["post-7966","post","type-post","status-publish","format-standard","has-post-thumbnail","hentry","category-deportes"],"jetpack_featured_media_url":"https:\/\/radiorevelacionfm.cl\/wp-content\/uploads\/2021\/08\/1-60-1.jpg","_links":{"self":[{"href":"https:\/\/radiorevelacionfm.cl\/index.php?rest_route=\/wp\/v2\/posts\/7966","targetHints":{"allow":["GET"]}}],"collection":[{"href":"https:\/\/radiorevelacionfm.cl\/index.php?rest_route=\/wp\/v2\/posts"}],"about":[{"href":"https:\/\/radiorevelacionfm.cl\/index.php?rest_route=\/wp\/v2\/types\/post"}],"author":[{"embeddable":true,"href":"https:\/\/radiorevelacionfm.cl\/index.php?rest_route=\/wp\/v2\/users\/1"}],"replies":[{"embeddable":true,"href":"https:\/\/radiorevelacionfm.cl\/index.php?rest_route=%2Fwp%2Fv2%2Fcomments&post=7966"}],"version-history":[{"count":3,"href":"https:\/\/radiorevelacionfm.cl\/index.php?rest_route=\/wp\/v2\/posts\/7966\/revisions"}],"predecessor-version":[{"id":7970,"href":"https:\/\/radiorevelacionfm.cl\/index.php?rest_route=\/wp\/v2\/posts\/7966\/revisions\/7970"}],"wp:featuredmedia":[{"embeddable":true,"href":"https:\/\/radiorevelacionfm.cl\/index.php?rest_route=\/wp\/v2\/media\/7967"}],"wp:attachment":[{"href":"https:\/\/radiorevelacionfm.cl\/index.php?rest_route=%2Fwp%2Fv2%2Fmedia&parent=7966"}],"wp:term":[{"taxonomy":"category","embeddable":true,"href":"https:\/\/radiorevelacionfm.cl\/index.php?rest_route=%2Fwp%2Fv2%2Fcategories&post=7966"},{"taxonomy":"post_tag","embeddable":true,"href":"https:\/\/radiorevelacionfm.cl\/index.php?rest_route=%2Fwp%2Fv2%2Ftags&post=7966"}],"curies":[{"name":"wp","href":"https:\/\/api.w.org\/{rel}","templated":true}]}}